{"id":62919,"date":"2025-04-29T22:55:12","date_gmt":"2025-04-29T22:55:12","guid":{"rendered":"https:\/\/www.europesays.com\/fr\/62919\/"},"modified":"2025-04-29T22:55:12","modified_gmt":"2025-04-29T22:55:12","slug":"islamophobie-polemique-apres-le-recadrage-des-debats-par-benoit-payan-au-conseil-municipal","status":"publish","type":"post","link":"https:\/\/www.europesays.com\/fr\/62919\/","title":{"rendered":"Islamophobie\u00a0: pol\u00e9mique apr\u00e8s le recadrage des d\u00e9bats par Beno\u00eet Payan au conseil municipal"},"content":{"rendered":"<p>\t    Islamophobie\u00a0: pol\u00e9mique apr\u00e8s le recadrage des d\u00e9bats par Beno\u00eet Payan au conseil municipal &#8211; Marsactu<\/p>\n<p>&#13;<br \/>\n\t\t&#13;<br \/>\n\t\tNous utilisons des cookies pour vous garantir la meilleure exp\u00e9rience sur notre site. Vous pouvez choisir de refuser les cookies.<a href=\"#\" id=\"cn-accept-cookie\" data-cookie-set=\"accept\" class=\"cn-set-cookie cn-button cn-button-custom button\" aria-label=\"J'accepte\">J&rsquo;accepte<\/a><a href=\"#\" id=\"cn-refuse-cookie\" data-cookie-set=\"refuse\" class=\"cn-set-cookie cn-button cn-button-custom button\" aria-label=\"Non\">Non<\/a><a href=\"https:\/\/marsactu.fr\/societe\/cgu\/\" target=\"_blank\" id=\"cn-more-info\" class=\"cn-more-info cn-button cn-button-custom button\" aria-label=\"En savoir plus\" rel=\"noopener\">En savoir plus<\/a><\/p>\n<p>\t\t&#13;<\/p>\n","protected":false},"excerpt":{"rendered":"Islamophobie\u00a0: pol\u00e9mique apr\u00e8s le recadrage des d\u00e9bats par Beno\u00eet Payan au conseil municipal &#8211; Marsactu &#13; &#13; Nous&hellip;\n","protected":false},"author":2,"featured_media":62920,"comment_status":"","ping_status":"","sticky":false,"template":"","format":"standard","meta":{"footnotes":""},"categories":[2814],"tags":[1111,11,16094,16095,16096,1777,674,1011,27,884,12,882,25,4772],"class_list":{"0":"post-62919","1":"post","2":"type-post","3":"status-publish","4":"format-standard","5":"has-post-thumbnail","7":"category-marseille","8":"tag-actu","9":"tag-actualites","10":"tag-benoitpayan","11":"tag-cmm","12":"tag-conseilmunicipal","13":"tag-eu","14":"tag-europe","15":"tag-fr","16":"tag-france","17":"tag-marseille","18":"tag-news","19":"tag-provence-alpes-cote-dazur","20":"tag-republique-francaise","21":"tag-zalu"},"share_on_mastodon":{"url":"https:\/\/pubeurope.com\/@fr\/114423721151431607","error":""},"_links":{"self":[{"href":"https:\/\/www.europesays.com\/fr\/wp-json\/wp\/v2\/posts\/62919","targetHints":{"allow":["GET"]}}],"collection":[{"href":"https:\/\/www.europesays.com\/fr\/wp-json\/wp\/v2\/posts"}],"about":[{"href":"https:\/\/www.europesays.com\/fr\/wp-json\/wp\/v2\/types\/post"}],"author":[{"embeddable":true,"href":"https:\/\/www.europesays.com\/fr\/wp-json\/wp\/v2\/users\/2"}],"replies":[{"embeddable":true,"href":"https:\/\/www.europesays.com\/fr\/wp-json\/wp\/v2\/comments?post=62919"}],"version-history":[{"count":0,"href":"https:\/\/www.europesays.com\/fr\/wp-json\/wp\/v2\/posts\/62919\/revisions"}],"wp:featuredmedia":[{"embeddable":true,"href":"https:\/\/www.europesays.com\/fr\/wp-json\/wp\/v2\/media\/62920"}],"wp:attachment":[{"href":"https:\/\/www.europesays.com\/fr\/wp-json\/wp\/v2\/media?parent=62919"}],"wp:term":[{"taxonomy":"category","embeddable":true,"href":"https:\/\/www.europesays.com\/fr\/wp-json\/wp\/v2\/categories?post=62919"},{"taxonomy":"post_tag","embeddable":true,"href":"https:\/\/www.europesays.com\/fr\/wp-json\/wp\/v2\/tags?post=62919"}],"curies":[{"name":"wp","href":"https:\/\/api.w.org\/{rel}","templated":true}]}}