{"id":629194,"date":"2025-12-30T05:32:39","date_gmt":"2025-12-30T05:32:39","guid":{"rendered":"https:\/\/www.europesays.com\/fr\/629194\/"},"modified":"2025-12-30T05:32:39","modified_gmt":"2025-12-30T05:32:39","slug":"restriction-sur-les-visas-pour-les-congolais","status":"publish","type":"post","link":"https:\/\/www.europesays.com\/fr\/629194\/","title":{"rendered":"restriction sur les visas pour les Congolais"},"content":{"rendered":"<p><a href=\"https:\/\/www.europesays.com\/fr\/wp-content\/uploads\/2025\/12\/Royaume-Uni-restriction-visas-Congolais-e1767021499605.jpg\"><img loading=\"lazy\" decoding=\"async\" class=\"aligncenter size-full wp-image-90682\" src=\"https:\/\/www.europesays.com\/fr\/wp-content\/uploads\/2025\/12\/Royaume-Uni-restriction-visas-Congolais-e1767021499605.jpg\" alt=\"Royaume-Uni restriction visas Congolais\" width=\"570\" height=\"380\"\/><\/a><br \/>\u00a0<\/p>\n<p>Le gouvernement britannique a annonc\u00e9 ce week-end avoir commenc\u00e9 \u00e0 <a href=\"https:\/\/www.rfi.fr\/fr\/afrique\/20251228-le-royaume-uni-restreint-les-visas-aux-ressortissants-de-la-rdc\" target=\"_blank\" rel=\"noreferrer noopener\">imposer des restrictions pour les visas<\/a> des citoyens de R\u00e9publique d\u00e9mocratique du Congo (RDC), le pays ne coop\u00e9rant pas convenablement pour le retour des clandestins. Plus de traitement privil\u00e9gi\u00e9 donc, et un possible \u00ab\u00a0arr\u00eat de d\u00e9livrance des visas\u00a0\u00bb au cas o\u00f9 \u00ab\u00a0la coop\u00e9ration ne s\u2019am\u00e9liore pas rapidement\u00a0\u00bb.<\/p>\n<p>En novembre, le <a href=\"https:\/\/reinformation.tv\/royaume-uni-aides-sociales-asile-vite\/\" target=\"_blank\" rel=\"noreferrer noopener\">ministre de l\u2019Int\u00e9rieur britannique Shabana Mahmood<\/a> avait menac\u00e9 de telles sanctions la RDC, ainsi que l\u2019Angola et la Namibie, leur donnant un mois pour \u00ab\u00a0am\u00e9liorer leur coop\u00e9ration\u00a0\u00bb. Depuis, selon le minist\u00e8re, l\u2019Angola et la Namibie ont d\u00e9cid\u00e9 d\u2019\u00ab\u00a0accepter le retour des migrants ill\u00e9gaux et des criminels\u00a0\u00bb, mais la RDC a \u00ab\u00a0\u00e9chou\u00e9\u00a0\u00bb. Mme\u00a0Mahmood a d\u00e9clar\u00e9\u00a0: \u00ab\u00a0Nous attendons des pays qu\u2019ils respectent les r\u00e8gles. Si l\u2019un de leurs citoyens n\u2019a pas le droit d\u2019\u00eatre ici, ils doivent le reprendre. Il est temps que la R\u00e9publique d\u00e9mocratique du Congo fasse ce qu\u2019il faut. R\u00e9cup\u00e9rez vos citoyens ou perdez le privil\u00e8ge d\u2019entrer dans notre pays.\u00a0\u00bb<\/p>\n","protected":false},"excerpt":{"rendered":"\u00a0 Le gouvernement britannique a annonc\u00e9 ce week-end avoir commenc\u00e9 \u00e0 imposer des restrictions pour les visas des&hellip;\n","protected":false},"author":2,"featured_media":629195,"comment_status":"","ping_status":"","sticky":false,"template":"","format":"standard","meta":{"footnotes":""},"categories":[1588],"tags":[11,1777,674,12,473,1853,1851,1850,1852],"class_list":{"0":"post-629194","1":"post","2":"type-post","3":"status-publish","4":"format-standard","5":"has-post-thumbnail","7":"category-royaume-uni","8":"tag-actualites","9":"tag-eu","10":"tag-europe","11":"tag-news","12":"tag-royaume-uni","13":"tag-royaume-uni-de-grande-bretagne-et-dirlande-du-nord","14":"tag-uk","15":"tag-united-kingdom","16":"tag-united-kingdom-of-great-britain-and-northern-ireland"},"share_on_mastodon":{"url":"https:\/\/pubeurope.com\/@fr\/115806885865242028","error":""},"_links":{"self":[{"href":"https:\/\/www.europesays.com\/fr\/wp-json\/wp\/v2\/posts\/629194","targetHints":{"allow":["GET"]}}],"collection":[{"href":"https:\/\/www.europesays.com\/fr\/wp-json\/wp\/v2\/posts"}],"about":[{"href":"https:\/\/www.europesays.com\/fr\/wp-json\/wp\/v2\/types\/post"}],"author":[{"embeddable":true,"href":"https:\/\/www.europesays.com\/fr\/wp-json\/wp\/v2\/users\/2"}],"replies":[{"embeddable":true,"href":"https:\/\/www.europesays.com\/fr\/wp-json\/wp\/v2\/comments?post=629194"}],"version-history":[{"count":0,"href":"https:\/\/www.europesays.com\/fr\/wp-json\/wp\/v2\/posts\/629194\/revisions"}],"wp:featuredmedia":[{"embeddable":true,"href":"https:\/\/www.europesays.com\/fr\/wp-json\/wp\/v2\/media\/629195"}],"wp:attachment":[{"href":"https:\/\/www.europesays.com\/fr\/wp-json\/wp\/v2\/media?parent=629194"}],"wp:term":[{"taxonomy":"category","embeddable":true,"href":"https:\/\/www.europesays.com\/fr\/wp-json\/wp\/v2\/categories?post=629194"},{"taxonomy":"post_tag","embeddable":true,"href":"https:\/\/www.europesays.com\/fr\/wp-json\/wp\/v2\/tags?post=629194"}],"curies":[{"name":"wp","href":"https:\/\/api.w.org\/{rel}","templated":true}]}}