{"id":629199,"date":"2025-12-30T05:35:30","date_gmt":"2025-12-30T05:35:30","guid":{"rendered":"https:\/\/www.europesays.com\/fr\/629199\/"},"modified":"2025-12-30T05:35:30","modified_gmt":"2025-12-30T05:35:30","slug":"le-bilan-de-la-quinzaine-de-noel","status":"publish","type":"post","link":"https:\/\/www.europesays.com\/fr\/629199\/","title":{"rendered":"le bilan de la quinzaine de No\u00ebl"},"content":{"rendered":"<p>\t\t\t\t\t\t\tEconomie.<\/p>\n<p>\t\t\t\t\tMonique Marchand, pr\u00e9sidente de l&rsquo;Union des commer\u00e7ants de Coutances, d\u00e9taille pour La Manche Libre le bilan de la quinzaine de No\u00ebl.\t\t\t\t<\/p>\n<p>\n\t\t\t\t\tPubli\u00e9 le<br \/>\n\t\t\t\t\t29\/12\/2025 \u00e0 18h26\t\t\t\t\t<\/p>\n<p>\t\t\t\t\t\t\t\t<img decoding=\"async\" class=\"media illustration\" src=\"https:\/\/www.europesays.com\/fr\/wp-content\/uploads\/2025\/12\/1767072930_980_.jpeg\" width=\"1200\" height=\"578\" loading=\"eager\" fetchpriority=\"high\" alt=\"Coutances. &quot;Il y a eu plus de chiffre d'affaires&quot; : le bilan de la quinzaine de No\u00ebl\"\/><\/p>\n<p>\t\t\t\t\t\t\t\t\t\t\t\t\t\t\tMonique Marchand, pr\u00e9sidente de l&rsquo;Union des commer\u00e7ants de Coutances, dresse un bilan positif de la quinzaine commerciale de No\u00ebl.<\/p>\n","protected":false},"excerpt":{"rendered":"Economie. Monique Marchand, pr\u00e9sidente de l&rsquo;Union des commer\u00e7ants de Coutances, d\u00e9taille pour La Manche Libre le bilan de&hellip;\n","protected":false},"author":2,"featured_media":629200,"comment_status":"","ping_status":"","sticky":false,"template":"","format":"standard","meta":{"footnotes":""},"categories":[1586],"tags":[11,1777,674,1779,1011,27,12,25,1778,364],"class_list":{"0":"post-629199","1":"post","2":"type-post","3":"status-publish","4":"format-standard","5":"has-post-thumbnail","7":"category-europe","8":"tag-actualites","9":"tag-eu","10":"tag-europe","11":"tag-european-union","12":"tag-fr","13":"tag-france","14":"tag-news","15":"tag-republique-francaise","16":"tag-ue","17":"tag-union-europeenne"},"share_on_mastodon":{"url":"https:\/\/pubeurope.com\/@fr\/115806897781031011","error":""},"_links":{"self":[{"href":"https:\/\/www.europesays.com\/fr\/wp-json\/wp\/v2\/posts\/629199","targetHints":{"allow":["GET"]}}],"collection":[{"href":"https:\/\/www.europesays.com\/fr\/wp-json\/wp\/v2\/posts"}],"about":[{"href":"https:\/\/www.europesays.com\/fr\/wp-json\/wp\/v2\/types\/post"}],"author":[{"embeddable":true,"href":"https:\/\/www.europesays.com\/fr\/wp-json\/wp\/v2\/users\/2"}],"replies":[{"embeddable":true,"href":"https:\/\/www.europesays.com\/fr\/wp-json\/wp\/v2\/comments?post=629199"}],"version-history":[{"count":0,"href":"https:\/\/www.europesays.com\/fr\/wp-json\/wp\/v2\/posts\/629199\/revisions"}],"wp:featuredmedia":[{"embeddable":true,"href":"https:\/\/www.europesays.com\/fr\/wp-json\/wp\/v2\/media\/629200"}],"wp:attachment":[{"href":"https:\/\/www.europesays.com\/fr\/wp-json\/wp\/v2\/media?parent=629199"}],"wp:term":[{"taxonomy":"category","embeddable":true,"href":"https:\/\/www.europesays.com\/fr\/wp-json\/wp\/v2\/categories?post=629199"},{"taxonomy":"post_tag","embeddable":true,"href":"https:\/\/www.europesays.com\/fr\/wp-json\/wp\/v2\/tags?post=629199"}],"curies":[{"name":"wp","href":"https:\/\/api.w.org\/{rel}","templated":true}]}}