{"id":629207,"date":"2025-12-30T05:41:20","date_gmt":"2025-12-30T05:41:20","guid":{"rendered":"https:\/\/www.europesays.com\/fr\/629207\/"},"modified":"2025-12-30T05:41:20","modified_gmt":"2025-12-30T05:41:20","slug":"2-clubs-de-top-14-sinteressent-serieusement-a-son-profil","status":"publish","type":"post","link":"https:\/\/www.europesays.com\/fr\/629207\/","title":{"rendered":"2 clubs de Top 14 s&rsquo;int\u00e9ressent s\u00e9rieusement \u00e0 son profil"},"content":{"rendered":"<p style=\"text-align: justify;\"><strong>TOP 14 \u2013 Selon le Midi Olympique, le trois-quarts polyvalent Salesi Rayasi (UBB) serait sur les tablettes de l\u2019Aviron Bayonnais et du Stade Fran\u00e7ais.<\/strong><\/p>\n<p style=\"text-align: justify;\">En qu\u00eate de renforts pour la saison prochaine, l\u2019<a href=\"https:\/\/dicodusport.fr\/blog\/tag\/aviron-bayonnais\/\" target=\"_blank\" rel=\"noopener\"><strong>Aviron Bayonnais<\/strong><\/a> explore plusieurs pistes, notamment sur les lignes arri\u00e8res. Parmi les profils \u00e9tudi\u00e9s avec attention figure celui de <strong>Salesi Rayasi<\/strong>, actuellement sous les couleurs de l\u2019Union Bordeaux-B\u00e8gles. En fin de contrat, l\u2019international fidjien pourrait animer les prochaines semaines du march\u00e9 des transferts.<\/p>\n<p style=\"text-align: justify;\">Arriv\u00e9 \u00e0 <strong>Bordeaux-B\u00e8gles<\/strong> l\u2019\u00e9t\u00e9 dernier apr\u00e8s un passage convaincant \u00e0 Vannes, <strong>Rayasi<\/strong> n\u2019a pas tard\u00e9 \u00e0 trouver ses marques au plus haut niveau. Puissant, rapide et capable d\u2019\u00e9voluer aussi bien \u00e0 l\u2019aile qu\u2019\u00e0 l\u2019arri\u00e8re, le joueur de 27 ans a su s\u2019imposer dans la rotation girondine. Son d\u00e9but de saison parle pour lui : treize matchs disput\u00e9s, dont neuf comme titulaire, et d\u00e9j\u00e0 six essais inscrits. Un rendement qui confirme son potentiel et sa capacit\u00e9 \u00e0 \u00eatre d\u00e9cisif.<\/p>\n<p>L\u2019UBB voudrait conserver Rayasi, le Stade Fran\u00e7ais \u00e9galement sur le coup<\/p>\n<p style=\"text-align: justify;\">Du c\u00f4t\u00e9 de l\u2019<a href=\"https:\/\/dicodusport.fr\/blog\/plummer-decisif-woki-catastrophique-les-notes-de-clermont-ubb\/\" target=\"_blank\" rel=\"noopener\"><strong>UBB<\/strong><\/a>, la volont\u00e9 de conserver le Fidjien existe bel et bien. Mais la r\u00e9alit\u00e9 \u00e9conomique du Top 14 s\u2019invite dans le dossier. Confront\u00e9 aux contraintes du salary cap, le club bordelo-b\u00e9glais pourrait \u00eatre contraint de laisser filer l\u2019un de ses \u00e9l\u00e9ments offensifs les plus en vue, <a href=\"https:\/\/dicodusport.fr\/blog\/transferts-ubb-bastien-vergnes-taillefer-va-quitter-le-club-avenir-incertain-pour-pablo-uberti-et-sipili-falatea\/\" target=\"_blank\" rel=\"noopener\">\u00e0 l\u2019instar de <strong>Bastien Vergnes-Taillefer<\/strong><\/a>, parmi les joueurs cl\u00e9s du pack girondin. Une situation qui n\u2019a pas \u00e9chapp\u00e9 \u00e0 plusieurs \u00e9curies du championnat.<\/p>\n<p style=\"text-align: justify;\">\u00c0 <strong>Bayonne<\/strong>, le profil de Rayasi correspond parfaitement aux besoins identifi\u00e9s par les dirigeants. Le club basque recherche un trois-quarts polyvalent, capable d\u2019apporter de la percussion et de la profondeur offensive. Des discussions ont d\u2019ores et d\u00e9j\u00e0 \u00e9t\u00e9 engag\u00e9es, signe de l\u2019int\u00e9r\u00eat concret port\u00e9 au dossier.<\/p>\n<p style=\"text-align: justify;\">Mais l\u2019Aviron n\u2019est pas seul sur le coup. Le <a href=\"https:\/\/dicodusport.fr\/blog\/tag\/stade-francais\/\" target=\"_blank\" rel=\"noopener\"><strong>Stade Fran\u00e7ais<\/strong><\/a> s\u2019est \u00e9galement positionn\u00e9 et aurait transmis une proposition au joueur. La concurrence s\u2019annonce donc s\u00e9rieuse pour attirer un joueur dont la cote ne cesse de grimper.<\/p>\n<p>\n<a href=\"https:\/\/dicodusport.fr\/blog\/offres\/abonnements-sans-pub\/\" target=\"_blank\" rel=\"noopener\"><img loading=\"lazy\" decoding=\"async\" class=\"alignnone size-full wp-image-501284 perfmatters-lazy\" alt=\"\" width=\"1200\" height=\"200\" src=\"https:\/\/www.europesays.com\/fr\/wp-content\/uploads\/2025\/04\/Abonnements-sans-pubs-Dicodusport.png\"\/><\/a><\/p>\n<p style=\"text-align: justify;\">Entre la possibilit\u00e9 de poursuivre l\u2019aventure en Gironde, de relever un nouveau d\u00e9fi au Pays Basque ou de s\u2019installer dans la capitale, <strong>Salesi Rayasi<\/strong> dispose de plusieurs options pour la suite de sa carri\u00e8re. Le d\u00e9nouement est attendu dans les prochaines semaines.<\/p>\n<p>\n<a href=\"https:\/\/dicodusport.fr\/blog\/offres\/abonnements-sans-pub\/\" target=\"_blank\" rel=\"noopener\"><img loading=\"lazy\" decoding=\"async\" class=\"alignnone size-full wp-image-501296 perfmatters-lazy\" alt=\"\" width=\"400\" height=\"400\" src=\"https:\/\/www.europesays.com\/fr\/wp-content\/uploads\/2025\/04\/Abonnements-sans-pubs-Dicodusport-mobile.png\"\/><\/a><\/p>\n<p>Dicodusport vous conseille<br \/>\n<a href=\"https:\/\/dicodusport.fr\/blog\/quel-avenir-pour-louis-carbonel-stade-francais-un-cador-de-top-14-reste-a-laffut\/\" class=\"vlp-link\" title=\"Quel avenir pour Louis Carbonel (Stade Fran\u00e7ais) ? Un cador de Top 14 reste \u00e0 l&#039;aff\u00fbt\" target=\"_blank\" rel=\"noopener\"><img loading=\"lazy\" decoding=\"async\" style=\"max-width: 792px;\" width=\"792\" height=\"445\" class=\"attachment-800x445 size-800x445 perfmatters-lazy\" alt=\"\" src=\"https:\/\/www.europesays.com\/fr\/wp-content\/uploads\/2025\/12\/Quel-avenir-pour-Louis-Carbonel-Stade-Francais-Un-cador-de-Top-14-reste-a-laffut.png\"  data-\/><\/p>\n<p>Quel avenir pour Louis Carbonel (Stade Fran\u00e7ais) ? Un cador de Top 14 reste \u00e0 l&rsquo;aff\u00fbt<\/p>\n<p>TOP 14\u00a0 &#8211; Selon le Midi Olympique, l&rsquo;avenir de Louis Carbonel devrait se jouer entre le Stade Fran\u00e7ais et le RC Toulon.\u00a0<\/p>\n<p>Lire l&rsquo;article<\/p>\n<p>dicodusport.fr<\/p>\n","protected":false},"excerpt":{"rendered":"TOP 14 \u2013 Selon le Midi Olympique, le trois-quarts polyvalent Salesi Rayasi (UBB) serait sur les tablettes de&hellip;\n","protected":false},"author":2,"featured_media":629208,"comment_status":"","ping_status":"","sticky":false,"template":"","format":"standard","meta":{"footnotes":""},"categories":[1416],"tags":[2113,1011,27,479,1468,60,478,477,4364,7974],"class_list":{"0":"post-629207","1":"post","2":"type-post","3":"status-publish","4":"format-standard","5":"has-post-thumbnail","7":"category-rugby","8":"tag-breve","9":"tag-fr","10":"tag-france","11":"tag-rugby","12":"tag-rugby-football","13":"tag-sports","14":"tag-top-14","15":"tag-transferts-rugby","16":"tag-ubb","17":"tag-union-bordeaux-begles"},"share_on_mastodon":{"url":"https:\/\/pubeurope.com\/@fr\/115806921478313371","error":""},"_links":{"self":[{"href":"https:\/\/www.europesays.com\/fr\/wp-json\/wp\/v2\/posts\/629207","targetHints":{"allow":["GET"]}}],"collection":[{"href":"https:\/\/www.europesays.com\/fr\/wp-json\/wp\/v2\/posts"}],"about":[{"href":"https:\/\/www.europesays.com\/fr\/wp-json\/wp\/v2\/types\/post"}],"author":[{"embeddable":true,"href":"https:\/\/www.europesays.com\/fr\/wp-json\/wp\/v2\/users\/2"}],"replies":[{"embeddable":true,"href":"https:\/\/www.europesays.com\/fr\/wp-json\/wp\/v2\/comments?post=629207"}],"version-history":[{"count":0,"href":"https:\/\/www.europesays.com\/fr\/wp-json\/wp\/v2\/posts\/629207\/revisions"}],"wp:featuredmedia":[{"embeddable":true,"href":"https:\/\/www.europesays.com\/fr\/wp-json\/wp\/v2\/media\/629208"}],"wp:attachment":[{"href":"https:\/\/www.europesays.com\/fr\/wp-json\/wp\/v2\/media?parent=629207"}],"wp:term":[{"taxonomy":"category","embeddable":true,"href":"https:\/\/www.europesays.com\/fr\/wp-json\/wp\/v2\/categories?post=629207"},{"taxonomy":"post_tag","embeddable":true,"href":"https:\/\/www.europesays.com\/fr\/wp-json\/wp\/v2\/tags?post=629207"}],"curies":[{"name":"wp","href":"https:\/\/api.w.org\/{rel}","templated":true}]}}