{"id":629209,"date":"2025-12-30T05:42:21","date_gmt":"2025-12-30T05:42:21","guid":{"rendered":"https:\/\/www.europesays.com\/fr\/629209\/"},"modified":"2025-12-30T05:42:21","modified_gmt":"2025-12-30T05:42:21","slug":"elle-voulait-choquer-pour-faire-prendre-conscience-wendy-bouchard-se-confie-sur-son-amie-brigitte-bardot","status":"publish","type":"post","link":"https:\/\/www.europesays.com\/fr\/629209\/","title":{"rendered":"\u00ab\u00a0Elle voulait choquer pour faire prendre conscience\u00a0\u00bb : Wendy Bouchard se confie sur son amie Brigitte Bardot"},"content":{"rendered":"<ul class=\"jsx-862013697 ArticleChapo__List\">\n<li class=\"jsx-862013697 ArticleChapo__List_Item flex\">Brigitte Bardot est d\u00e9c\u00e9d\u00e9e \u00e0 Saint-Tropez dimanche \u00e0 l&rsquo;\u00e2ge de 91 ans.<\/li>\n<li class=\"jsx-862013697 ArticleChapo__List_Item flex\">Au lendemain de l&rsquo;annonce de sa disparition, les hommages continuent.<\/li>\n<li class=\"jsx-862013697 ArticleChapo__List_Item flex\">Sur TF1, la journaliste Wendy Bouchard se souvient de son amie de longue date.<\/li>\n<\/ul>\n<p><a href=\"https:\/\/www.tf1info.fr\/actualite\/mort-de-brigitte-bardot-est-decedee-a-l-age-de-91-ans-14464\/\" rel=\"noopener\" class=\"jsx-484472199 Link jsx-1428418400 jsx-798756813\" target=\"_blank\"><\/p>\n<p style=\"font-weight:400\" class=\"jsx-1837267516\">Suivez la couverture compl\u00e8te<\/p>\n<p style=\"font-weight:800\" class=\"jsx-1837267516\">Brigitte Bardot est d\u00e9c\u00e9d\u00e9e \u00e0 l&rsquo;\u00e2ge de 91 ans<\/p>\n<p><\/a><\/p>\n<p data-module=\"article-paragraph\" class=\"jsx-157965717 Paragraph\">Au lendemain de l&rsquo;annonce du d\u00e9c\u00e8s de <a href=\"https:\/\/www.tf1info.fr\/culture\/saint-tropez-c-est-brigitte-bardot-l-emotion-des-habitants-apres-la-disparition-de-bb-2415352.html\" target=\"_blank\" rel=\"noopener\">Brigitte Bardot<\/a> \u00e0 Saint-Tropez (Var), les hommages continuent de pleuvoir pour honorer la m\u00e9moire de l&rsquo;une des plus grandes <a href=\"https:\/\/www.tf1info.fr\/culture\/video-tous-les-gens-qui-ont-entoure-brigitte-bardot-etaient-des-voyous-hugues-aufray-reagit-au-deces-de-l-icone-francaise-sur-lci-2415323.html\" target=\"_blank\" rel=\"noopener\">ic\u00f4nes fran\u00e7aises<\/a>.\u00a0<\/p>\n<p data-module=\"article-paragraph\" class=\"jsx-157965717 Paragraph Paragraph__End\">\u00ab\u00a0J&rsquo;avais pr\u00e9vu de la voir ce lundi matin, parce que je la savais tr\u00e8s affaiblie [\u2026] Je voulais aller lui dire tout mon amour, toute mon affection, l&rsquo;aider \u00e0 tenir le choc parce qu&rsquo;elle \u00e9tait gu\u00e9rie, parce qu&rsquo;elle avait encore beaucoup \u00e0 nous prouver. Et puis elle a l\u00e2ch\u00e9 prise. Donc c&rsquo;est tr\u00e8s \u00e9mouvant, tr\u00e8s douloureux. \u00c7a s&rsquo;est jou\u00e9 \u00e0 quelques jours. Je voulais juste lui dire que je l&rsquo;aimais. Je pense qu&rsquo;elle le sait et qu&rsquo;elle a re\u00e7u tout au long de sa vie des preuves d&rsquo;amour des Fran\u00e7ais. C&rsquo;est probablement la chose la plus belle qui l&rsquo;ait port\u00e9e\u00a0\u00bb, confie dans \u00ab\u00a0Bonjour ! La Matinale\u00a0\u00bb la journaliste Wendy Bouchard.\u00a0<\/p>\n<p><a href=\"https:\/\/www.tf1info.fr\/culture\/le-plus-beau-des-diamants-du-monde-l-hommage-du-monde-du-cinema-a-brigitte-bardot-2415351.html\" rel=\"noopener\" class=\"jsx-3308031228 Link flex\" target=\"_blank\"><img decoding=\"async\" src=\"https:\/\/www.europesays.com\/fr\/wp-content\/uploads\/2025\/12\/bardot-docu-9270ef-0@1x.jpeg\" alt=\"Featuristic Films\" loading=\"lazy\" importance=\"low\" fetchpriority=\"low\" class=\"\" aria-hidden=\"true\"\/><\/p>\n<p class=\"jsx-3657663356 ReadMoreArticle__Title\">Lire aussi<\/p>\n<p class=\"jsx-3657663356\">\u00ab\u00a0Le plus beau des diamants\u00a0\u00bb : l&rsquo;hommage du monde du cin\u00e9ma \u00e0 Brigitte Bardot<\/p>\n<p><\/a><\/p>\n<p data-module=\"article-paragraph\" class=\"jsx-157965717 Paragraph\">Concernant les pol\u00e9miques qui ont entour\u00e9 la fin de la vie de Brigitte Bardot, Wendy Bouchard pr\u00e9f\u00e8re prendre du recul.\u00a0<\/p>\n<p data-module=\"article-paragraph\" class=\"jsx-157965717 Paragraph\">\u00ab\u00a0Je trouve que c&rsquo;est extr\u00eamement r\u00e9ducteur, en tout cas, de parler de \u00e7a aujourd&rsquo;hui, parce que quand on aime Brigitte dans son enti\u00e8ret\u00e9, il faut aussi aimer son parler franc. On a toujours dit que Brigitte \u00e9tait pionni\u00e8re sur bien des choses. Sa plume, elle trempait dans la cruaut\u00e9 du monde, donc c&rsquo;\u00e9tait toujours des larmes de combat, c&rsquo;\u00e9tait toujours des mots qui allaient loin, parce que, d&rsquo;une certaine mani\u00e8re, elle voulait choquer pour faire prendre conscience\u00a0\u00bb, conclut Wendy Bouchard.\u00a0<\/p>\n<p data-module=\"article-paragraph\" class=\"jsx-157965717 Paragraph Paragraph__End\"><strong>Retrouvez l&rsquo;int\u00e9gralit\u00e9 de la r\u00e9action de Wendy Bouchard dans la vid\u00e9o en t\u00eate de cet article.\u00a0<\/strong><\/p>\n<p>Thibault JEANNIN<\/p>\n","protected":false},"excerpt":{"rendered":"Brigitte Bardot est d\u00e9c\u00e9d\u00e9e \u00e0 Saint-Tropez dimanche \u00e0 l&rsquo;\u00e2ge de 91 ans. Au lendemain de l&rsquo;annonce de sa&hellip;\n","protected":false},"author":2,"featured_media":629210,"comment_status":"","ping_status":"","sticky":false,"template":"","format":"standard","meta":{"footnotes":""},"categories":[1415],"tags":[1111,11,1921,6778,20224,73860,1011,27,1922,2041,60,1467,133,2040],"class_list":{"0":"post-629209","1":"post","2":"type-post","3":"status-publish","4":"format-standard","5":"has-post-thumbnail","7":"category-tennis","8":"tag-actu","9":"tag-actualites","10":"tag-article-video","11":"tag-bonjour-la-matinale-tf1","12":"tag-brigitte-bardot","13":"tag-brigitte-bardot-est-decedee-a-lage-de-91-ans","14":"tag-fr","15":"tag-france","16":"tag-info","17":"tag-medias-et-divertissement","18":"tag-sports","19":"tag-tennis","20":"tag-video","21":"tag-video-culture"},"share_on_mastodon":{"url":"https:\/\/pubeurope.com\/@fr\/115806925151022426","error":""},"_links":{"self":[{"href":"https:\/\/www.europesays.com\/fr\/wp-json\/wp\/v2\/posts\/629209","targetHints":{"allow":["GET"]}}],"collection":[{"href":"https:\/\/www.europesays.com\/fr\/wp-json\/wp\/v2\/posts"}],"about":[{"href":"https:\/\/www.europesays.com\/fr\/wp-json\/wp\/v2\/types\/post"}],"author":[{"embeddable":true,"href":"https:\/\/www.europesays.com\/fr\/wp-json\/wp\/v2\/users\/2"}],"replies":[{"embeddable":true,"href":"https:\/\/www.europesays.com\/fr\/wp-json\/wp\/v2\/comments?post=629209"}],"version-history":[{"count":0,"href":"https:\/\/www.europesays.com\/fr\/wp-json\/wp\/v2\/posts\/629209\/revisions"}],"wp:featuredmedia":[{"embeddable":true,"href":"https:\/\/www.europesays.com\/fr\/wp-json\/wp\/v2\/media\/629210"}],"wp:attachment":[{"href":"https:\/\/www.europesays.com\/fr\/wp-json\/wp\/v2\/media?parent=629209"}],"wp:term":[{"taxonomy":"category","embeddable":true,"href":"https:\/\/www.europesays.com\/fr\/wp-json\/wp\/v2\/categories?post=629209"},{"taxonomy":"post_tag","embeddable":true,"href":"https:\/\/www.europesays.com\/fr\/wp-json\/wp\/v2\/tags?post=629209"}],"curies":[{"name":"wp","href":"https:\/\/api.w.org\/{rel}","templated":true}]}}