{"id":629216,"date":"2025-12-30T05:49:33","date_gmt":"2025-12-30T05:49:33","guid":{"rendered":"https:\/\/www.europesays.com\/fr\/629216\/"},"modified":"2025-12-30T05:49:33","modified_gmt":"2025-12-30T05:49:33","slug":"fleurance-salon-de-la-photo-une-superbe-edition","status":"publish","type":"post","link":"https:\/\/www.europesays.com\/fr\/629216\/","title":{"rendered":"Fleurance. Salon de la photo : une superbe \u00e9dition"},"content":{"rendered":"<p>Le 2e salon Phot\u2019Art a accueilli 883 visiteurs du vendredi soir au dimanche soir, au d\u00e9but du mois. Les adh\u00e9rents au Photo Club de Gascogne se sont retrouv\u00e9s pour en discuter et en \u00e9tablir le bilan.<\/p>\n<p>Les 52 participants, venant de toute la France et m\u00eame de Pologne, ont lou\u00e9 le plaisir de se retrouver entre photographes afin d\u2019\u00e9changer leurs pratiques, et ils appr\u00e9cient toujours d\u2019avoir un retour direct sur leur travail avec les visiteurs. Ceux-ci n\u2019\u00e9taient pas en reste pour admirer ces univers diff\u00e9rents. La tr\u00e8s grande qualit\u00e9 des photos expos\u00e9es a retenu l\u2019attention de tous.<\/p>\n<p>La plupart des exposants avaient choisi cette ann\u00e9e de rassembler leurs photos sur un m\u00eame th\u00e8me, la nature : paysages, oiseaux, faune locale, fleurs, mais aussi la mer (quelques Bretons \u00e9taient revenus), les portraits, la musique, des voyages, un chemin de Saint-Jacques et ses croix, des photos cr\u00e9atives, du noir et blanc, les fonds sous-marins de P\u00e9n\u00e9lope Cros et les photos d\u2019art culinaire de Philippe Exbrayat.<\/p>\n<p>Une nouveaut\u00e9 tr\u00e8s appr\u00e9ci\u00e9e cette ann\u00e9e : les projections comment\u00e9es par les photographes. Les visiteurs se sont \u00e9galement bien impliqu\u00e9s dans le coup de c\u0153ur du public, choisissant Fran\u00e7oise Touh\u00e9, Val\u00e9rie Ludger et Fabien Robert.<\/p>\n<p>Quelques points n\u00e9gatifs ont \u00e9t\u00e9 not\u00e9s : le premier week-end de d\u00e9cembre est celui du T\u00e9l\u00e9thon et des premiers march\u00e9s de No\u00ebl. Pour la mise en sc\u00e8ne, il reste encore quelques probl\u00e8mes d\u2019\u00e9clairage \u00e0 r\u00e9soudre.<\/p>\n<p>L\u2019assembl\u00e9e g\u00e9n\u00e9rale du club est fix\u00e9e au samedi 31 janvier au matin. Un groupe Instagram a \u00e9t\u00e9 cr\u00e9\u00e9 par Sylvie pour diffuser de l\u2019information sur le salon. Il se nomme : salon.photart.fleurance32500.<\/p>\n<p>Prochaine r\u00e9union le mercredi 14 janvier \u00e0 20 heures, autour du th\u00e8me photo : Maximaliste.<\/p>\n","protected":false},"excerpt":{"rendered":"Le 2e salon Phot\u2019Art a accueilli 883 visiteurs du vendredi soir au dimanche soir, au d\u00e9but du mois.&hellip;\n","protected":false},"author":2,"featured_media":629217,"comment_status":"","ping_status":"","sticky":false,"template":"","format":"standard","meta":{"footnotes":""},"categories":[1358],"tags":[1348,1384,1385,4733,1386,58,59,69253,1011,27,329,11328,1857],"class_list":{"0":"post-629216","1":"post","2":"type-post","3":"status-publish","4":"format-standard","5":"has-post-thumbnail","7":"category-arts-et-design","8":"tag-arts","9":"tag-arts-and-design","10":"tag-arts-et-design","11":"tag-associations","12":"tag-design","13":"tag-divertissement","14":"tag-entertainment","15":"tag-fleurance","16":"tag-fr","17":"tag-france","18":"tag-france-monde","19":"tag-gers","20":"tag-sociu00e9tu00e9"},"share_on_mastodon":{"url":"https:\/\/pubeurope.com\/@fr\/115806952638415397","error":""},"_links":{"self":[{"href":"https:\/\/www.europesays.com\/fr\/wp-json\/wp\/v2\/posts\/629216","targetHints":{"allow":["GET"]}}],"collection":[{"href":"https:\/\/www.europesays.com\/fr\/wp-json\/wp\/v2\/posts"}],"about":[{"href":"https:\/\/www.europesays.com\/fr\/wp-json\/wp\/v2\/types\/post"}],"author":[{"embeddable":true,"href":"https:\/\/www.europesays.com\/fr\/wp-json\/wp\/v2\/users\/2"}],"replies":[{"embeddable":true,"href":"https:\/\/www.europesays.com\/fr\/wp-json\/wp\/v2\/comments?post=629216"}],"version-history":[{"count":0,"href":"https:\/\/www.europesays.com\/fr\/wp-json\/wp\/v2\/posts\/629216\/revisions"}],"wp:featuredmedia":[{"embeddable":true,"href":"https:\/\/www.europesays.com\/fr\/wp-json\/wp\/v2\/media\/629217"}],"wp:attachment":[{"href":"https:\/\/www.europesays.com\/fr\/wp-json\/wp\/v2\/media?parent=629216"}],"wp:term":[{"taxonomy":"category","embeddable":true,"href":"https:\/\/www.europesays.com\/fr\/wp-json\/wp\/v2\/categories?post=629216"},{"taxonomy":"post_tag","embeddable":true,"href":"https:\/\/www.europesays.com\/fr\/wp-json\/wp\/v2\/tags?post=629216"}],"curies":[{"name":"wp","href":"https:\/\/api.w.org\/{rel}","templated":true}]}}