{"id":629218,"date":"2025-12-30T05:51:12","date_gmt":"2025-12-30T05:51:12","guid":{"rendered":"https:\/\/www.europesays.com\/fr\/629218\/"},"modified":"2025-12-30T05:51:12","modified_gmt":"2025-12-30T05:51:12","slug":"la-meilleure-boulangerie-et-lamour-est-dans-le-pre-le-lot-et-garonne-de-nouveau-star-du-petit-ecran-sud-ouest","status":"publish","type":"post","link":"https:\/\/www.europesays.com\/fr\/629218\/","title":{"rendered":"\u00ab La Meilleure boulangerie \u00bb et \u00ab L\u2019Amour est dans le pr\u00e9 \u00bb : le Lot-et-Garonne de nouveau star du petit \u00e9cran &#8211; Sud Ouest"},"content":{"rendered":"<ol>\n<li><a href=\"https:\/\/news.google.com\/rss\/articles\/CBMi8AFBVV95cUxOdW5ZaW9qdUNZVWQ3TW1BQm1jelBuR3Y1OXBzYWRZZklMM0hYQ0Z4NEkwNDVOU3NLU2Vhc0Y1UzZTOGlGX0JNTFI0cFhhT0tnYnpJVGlWbWx3VlI0ZndaUjZmZTJkckM3eTFNSXhRLUdhUUV1OGF5LUZucmRLTFlzS19FR0VsQk5UazJHdDNySHF6bi1IZW9DbDJ6cDFYWDZIZXRvN09IUURDVUJmUGpsb2JaM2stQmE1dDBXQU5hU2hsVlUwaExJV2NsRFl2YVdoSm9pb2VkN2xHMVo5WUJfRVZxTk9fbDVzUHBjd09YRVM?oc=5\" target=\"_blank\" rel=\"noopener\">\u00ab La Meilleure boulangerie \u00bb et \u00ab L\u2019Amour est dans le pr\u00e9 \u00bb : le Lot-et-Garonne de nouveau star du petit \u00e9cran<\/a>&nbsp;&nbsp;Sud Ouest<\/li>\n<li><a href=\"https:\/\/news.google.com\/rss\/articles\/CBMi9gFBVV95cUxPSUI0TnQ5dDNad1BBdUtmc0hYa09fSVIwQjBrSnNCckV4S3FkWWRfVnlXMW5mS1pJVnk0ZWc4WWgtaElKMnNkSzMzWnNrM3pTbFdhTDlrM05VOVc5QVJFOHBVT2x4dG9rb3Nkdk0wY1NCVnJvc2xYVmplbE92QmczQkI3WWlfMjd4TnJOalhhemw0alhXbVVYVmFsTVJuOU1MSndaUlhVRUxuR0tnYm0zMWkzVWxqVlVFRzZTUFdnY0gzVkRRMzNyOGRoS0lWb2NKZDVGZlItenVaeTFlMTVwYkYtd01pWlF1LWp2QzgwSnRoYlhJWlE?oc=5\" target=\"_blank\" rel=\"noopener\">Qui sont les 10 Auvergnats qui participent \u00e0 l&rsquo;\u00e9mission de M6 \u00ab\u00a0La meilleure boulangerie de France\u00a0\u00bb<\/a>&nbsp;&nbsp;La Montagne<\/li>\n<li><a href=\"https:\/\/news.google.com\/rss\/articles\/CBMi8gFBVV95cUxNdWtiTzBuWTZhU1VrUExLVmh4a1JuZEFzcVRXU0xSTkRmUG5xTVVZX0NmVlZheDhPUWtVU0JDRWs0Ri00eFpvQ3BhQ0ZpWXpVSHpiWHR4MlF4LWFjZm5BYjFUZ0JOUW5peGdiYV9oS1QxRFlKYnlPTkxjRE81SFpWNXphVVN3dkJ6LVRfNkgwRFZMTmVKVUVFaGJzLV8xUWZ6Y0RjMDBuaXVGV2VEc2hRNEpCbWNFLVM4aGNnVmRpa3dJb0pPamtQUmhQZjE0T2YtN1I5S1ZRay01a3IzQ09RWGpBa0xLSFpJOUJWaWdrVXpGdw?oc=5\" target=\"_blank\" rel=\"noopener\">La meilleure boulangerie de France Le Moulin tombe en finale r\u00e9gionale, la Sa\u00f4ne-et-Loire repr\u00e9sentera la Bourgogne<\/a>&nbsp;&nbsp;Le Bien Public<\/li>\n<li><a href=\"https:\/\/news.google.com\/rss\/articles\/CBMi5gFBVV95cUxNTlFWQjVPNkRlTHNYazliZEpGVko2UkRvclhNaE4wa0JDYTZydUVLX2w3aTFHRFhxS0VUa05yZTBxU1VuWW1KOVlrUlpiU3JuQmpBWG9Ba0NRT3ZsWFpVTmpZazJtNWd2ZEtTaTJMU2Z3NWs2S190cm56ZU1PZXVxZGNTN3psanoxSElXUTRIZEdYdEkzUGFBbXlYRlRxdUktM054d0lkdEN0UlBFU3EtVmtSSG1wcFgzZGtnUjk0cnV4c2RSd25YZjFabHJVSDA2Z3NrSVgyNnFuMnhDOEotbmp2anh6Zw?oc=5\" target=\"_blank\" rel=\"noopener\">Bresse. Apr\u00e8s La meilleure boulangerie de France , ces boulangers satisfaits d\u2019avoir mis en valeur la Bresse<\/a>&nbsp;&nbsp;Le JSL<\/li>\n<li><a href=\"https:\/\/news.google.com\/rss\/articles\/CBMiwAFBVV95cUxQWUdjWXBybENRSmptc3RvVjNSOFdoY05qMjlPQXNpWlY3aUdqMjlzQWtaSGVOdHJ2X1VORkVIRFlGQm1ObFhEUUxPUTVyS1JIMGJueFhXV2hjWGpSYTJTcW94YzZ2dXExTGlNN2ZnS3g5Z1BzOWRTQzYxUkQya3hRTmcybDVxamcxeGc1SVRUY1RVTVBmVmxsZ0t3MGgtVXB6OWtka2pSQXI0dE9fT1pWTkRoMlAyOXBYX2hvdzd2RVM?oc=5\" target=\"_blank\" rel=\"noopener\">La Meilleure Boulangerie de France met le Lot-et-Garonne \u00e0 l\u2019honneur sur M6<\/a>&nbsp;&nbsp;ladepeche.fr<\/li>\n<\/ol>\n","protected":false},"excerpt":{"rendered":"\u00ab La Meilleure boulangerie \u00bb et \u00ab L\u2019Amour est dans le pr\u00e9 \u00bb : le Lot-et-Garonne de nouveau&hellip;\n","protected":false},"author":2,"featured_media":629219,"comment_status":"","ping_status":"","sticky":false,"template":"","format":"standard","meta":{"footnotes":""},"categories":[1356],"tags":[58,59,1011,27,252,1364],"class_list":{"0":"post-629218","1":"post","2":"type-post","3":"status-publish","4":"format-standard","5":"has-post-thumbnail","7":"category-television","8":"tag-divertissement","9":"tag-entertainment","10":"tag-fr","11":"tag-france","12":"tag-television","13":"tag-tv"},"share_on_mastodon":{"url":"https:\/\/pubeurope.com\/@fr\/115806960575240997","error":""},"_links":{"self":[{"href":"https:\/\/www.europesays.com\/fr\/wp-json\/wp\/v2\/posts\/629218","targetHints":{"allow":["GET"]}}],"collection":[{"href":"https:\/\/www.europesays.com\/fr\/wp-json\/wp\/v2\/posts"}],"about":[{"href":"https:\/\/www.europesays.com\/fr\/wp-json\/wp\/v2\/types\/post"}],"author":[{"embeddable":true,"href":"https:\/\/www.europesays.com\/fr\/wp-json\/wp\/v2\/users\/2"}],"replies":[{"embeddable":true,"href":"https:\/\/www.europesays.com\/fr\/wp-json\/wp\/v2\/comments?post=629218"}],"version-history":[{"count":0,"href":"https:\/\/www.europesays.com\/fr\/wp-json\/wp\/v2\/posts\/629218\/revisions"}],"wp:featuredmedia":[{"embeddable":true,"href":"https:\/\/www.europesays.com\/fr\/wp-json\/wp\/v2\/media\/629219"}],"wp:attachment":[{"href":"https:\/\/www.europesays.com\/fr\/wp-json\/wp\/v2\/media?parent=629218"}],"wp:term":[{"taxonomy":"category","embeddable":true,"href":"https:\/\/www.europesays.com\/fr\/wp-json\/wp\/v2\/categories?post=629218"},{"taxonomy":"post_tag","embeddable":true,"href":"https:\/\/www.europesays.com\/fr\/wp-json\/wp\/v2\/tags?post=629218"}],"curies":[{"name":"wp","href":"https:\/\/api.w.org\/{rel}","templated":true}]}}