{"id":629229,"date":"2025-12-30T05:57:15","date_gmt":"2025-12-30T05:57:15","guid":{"rendered":"https:\/\/www.europesays.com\/fr\/629229\/"},"modified":"2025-12-30T05:57:15","modified_gmt":"2025-12-30T05:57:15","slug":"spotify-annonce-la-fermeture-de-comptes-des-activistes-qui-ont-recupere-86-millions-de-fichiers-musicaux","status":"publish","type":"post","link":"https:\/\/www.europesays.com\/fr\/629229\/","title":{"rendered":"Spotify annonce la fermeture de comptes des activistes qui ont r\u00e9cup\u00e9r\u00e9 86\u00a0millions de fichiers musicaux"},"content":{"rendered":"<p>C\u2019est peut-\u00eatre l\u2019un des plus grands casses num\u00e9riques de l\u2019Histoire. Anna\u2019s Archive, une organisation qui se pr\u00e9sente comme \u00ab\u00a0la plus grande biblioth\u00e8que v\u00e9ritablement ouverte de l\u2019histoire de l\u2019humanit\u00e9\u00a0\u00bb, a annonc\u00e9 samedi\u00a0avoir extrait une immense partie des fichiers de <a href=\"https:\/\/www.20minutes.fr\/dossier\/spotify\" class=\"c-link c-link--is-underlined\" target=\"_blank\" rel=\"noopener\">Spotify<\/a>, dont ses fichiers musicaux. En attendant une \u00e9ventuelle r\u00e9ponse sur le plan l\u00e9gal, la\u00a0plateforme de <a href=\"https:\/\/www.20minutes.fr\/dossier\/streaming\" class=\"c-link c-link--is-underlined\" target=\"_blank\" rel=\"noopener\">streaming<\/a> a indiqu\u00e9 avoir r\u00e9ussi \u00e0 identifier et d\u00e9sactiver les comptes d\u2019utilisateurs\u00a0\u00e0 l\u2019origine de la r\u00e9cup\u00e9ration des donn\u00e9es du g\u00e9ant de la <a href=\"https:\/\/www.20minutes.fr\/high-tech\/\" class=\"c-link c-link--is-underlined\" target=\"_blank\" rel=\"noopener\">tech<\/a>, rapporte <a href=\"https:\/\/therecord.media\/spotify-disables-scraping-annas\" rel=\"nofollow noopener\" target=\"_blank\" class=\"c-link c-link--is-underlined\">Recorded Future News<\/a>.<\/p>\n<p>Une volont\u00e9 de \u00ab\u00a0pr\u00e9servation\u00a0\u00bb<\/p>\n<p>\u00ab\u00a0Nous avons mis en place de nouvelles mesures de protection contre ce type d\u2019attaques contre le\u00a0droit\u00a0d\u2019auteur\u00a0et surveillons activement tout comportement suspect\u00a0\u00bb, a\u00a0averti Spotify. Anna\u2019s Archive est d\u00e9j\u00e0 connu pour proposer plus de 61\u00a0millions de <a href=\"https:\/\/www.20minutes.fr\/arts-stars\/livres\/\" class=\"c-link c-link--is-underlined\" target=\"_blank\" rel=\"noopener\">livres<\/a> et 95\u00a0millions d\u2019articles, le plus souvent, en m\u00e9pris des r\u00e8gles en vigueur en mati\u00e8re de droit d\u2019auteur. Pour cette raison, leur site est d\u2019ailleurs interdit dans plusieurs pays.<\/p>\n<p>Le site, qui se pr\u00e9sente\u00a0comme une\u00a0<a href=\"https:\/\/www.20minutes.fr\/livres\/bibliotheque\/\" class=\"c-link c-link--is-underlined\" target=\"_blank\" rel=\"noopener\">biblioth\u00e8que<\/a>, n\u2019entend pas se limiter au texte. \u00ab\u00a0Il y a quelque temps, nous avons d\u00e9couvert un moyen de r\u00e9cup\u00e9rer Spotify \u00e0 grande \u00e9chelle, a-t-il affirm\u00e9\u00a0dans un r\u00e9cent article de blog. Nous avons vu l\u00e0 une opportunit\u00e9 pour nous de cr\u00e9er des archives musicales principalement destin\u00e9es \u00e0 la pr\u00e9servation.\u00a0\u00bb Au total, 86\u00a0millions de fichiers musicaux auraient ainsi \u00e9t\u00e9 r\u00e9cup\u00e9r\u00e9s sur Spotify, ainsi qu\u2019une base de donn\u00e9es de m\u00e9tadonn\u00e9es musicales contenant 256\u00a0millions de titres.<\/p>\n<p>Une violation des\u00a0conditions d\u2019utilisation<\/p>\n<p>L\u2019ensemble de ces fichiers musicaux, qui repr\u00e9sentent environ 99,6\u00a0% de toutes les \u00e9coutes sur Spotify, a \u00e9t\u00e9 r\u00e9cup\u00e9r\u00e9 gr\u00e2ce \u00e0 des comptes d\u2019utilisateurs cr\u00e9\u00e9s par un tiers. Ils ont servi \u00e0 extraire les donn\u00e9es de la plateforme pendant plusieurs mois. Cet acte, qui ne constitue donc pas techniquement un piratage, viole toutefois de fa\u00e7on syst\u00e9matique les conditions d\u2019utilisation de l\u2019<a href=\"https:\/\/www.20minutes.fr\/dossier\/entreprise\" class=\"c-link c-link--is-underlined\" target=\"_blank\" rel=\"noopener\">entreprise <\/a>su\u00e9doise.<\/p>\n<\/p>\n<p>Les d\u00e9clarations du porte-parole de Spotify laissent ainsi d\u00e9j\u00e0 pr\u00e9sager des poursuites judiciaires. \u00ab\u00a0Depuis le premier jour, nous nous sommes engag\u00e9s aux c\u00f4t\u00e9s de la communaut\u00e9 artistique contre le <a href=\"https:\/\/www.20minutes.fr\/dossier\/piratage\" class=\"c-link c-link--is-underlined\" target=\"_blank\" rel=\"noopener\">piratage<\/a>, et nous travaillons activement avec nos partenaires industriels pour prot\u00e9ger les cr\u00e9ateurs et d\u00e9fendre leurs droits\u00a0\u00bb, a-t-il indiqu\u00e9. De son c\u00f4t\u00e9, Anna\u2019s Archive a d\u00e9j\u00e0 publi\u00e9 les m\u00e9tadonn\u00e9es r\u00e9cup\u00e9r\u00e9es et s\u2019appr\u00eate \u00e0 diffuser progressivement les fichiers musicaux, par ordre de popularit\u00e9.<\/p>\n","protected":false},"excerpt":{"rendered":"C\u2019est peut-\u00eatre l\u2019un des plus grands casses num\u00e9riques de l\u2019Histoire. Anna\u2019s Archive, une organisation qui se pr\u00e9sente comme&hellip;\n","protected":false},"author":2,"featured_media":629230,"comment_status":"","ping_status":"","sticky":false,"template":"","format":"standard","meta":{"footnotes":""},"categories":[7],"tags":[1011,27,142,873,16421,43,40,41,39,6852,128,42,44],"class_list":{"0":"post-629229","1":"post","2":"type-post","3":"status-publish","4":"format-standard","5":"has-post-thumbnail","7":"category-sciences-et-technologies","8":"tag-fr","9":"tag-france","10":"tag-high-tech","11":"tag-musique","12":"tag-piratage","13":"tag-science","14":"tag-science-and-technology","15":"tag-sciences","16":"tag-sciences-et-technologies","17":"tag-spotify","18":"tag-streaming","19":"tag-technologies","20":"tag-technology"},"share_on_mastodon":{"url":"https:\/\/pubeurope.com\/@fr\/115806984234669551","error":""},"_links":{"self":[{"href":"https:\/\/www.europesays.com\/fr\/wp-json\/wp\/v2\/posts\/629229","targetHints":{"allow":["GET"]}}],"collection":[{"href":"https:\/\/www.europesays.com\/fr\/wp-json\/wp\/v2\/posts"}],"about":[{"href":"https:\/\/www.europesays.com\/fr\/wp-json\/wp\/v2\/types\/post"}],"author":[{"embeddable":true,"href":"https:\/\/www.europesays.com\/fr\/wp-json\/wp\/v2\/users\/2"}],"replies":[{"embeddable":true,"href":"https:\/\/www.europesays.com\/fr\/wp-json\/wp\/v2\/comments?post=629229"}],"version-history":[{"count":0,"href":"https:\/\/www.europesays.com\/fr\/wp-json\/wp\/v2\/posts\/629229\/revisions"}],"wp:featuredmedia":[{"embeddable":true,"href":"https:\/\/www.europesays.com\/fr\/wp-json\/wp\/v2\/media\/629230"}],"wp:attachment":[{"href":"https:\/\/www.europesays.com\/fr\/wp-json\/wp\/v2\/media?parent=629229"}],"wp:term":[{"taxonomy":"category","embeddable":true,"href":"https:\/\/www.europesays.com\/fr\/wp-json\/wp\/v2\/categories?post=629229"},{"taxonomy":"post_tag","embeddable":true,"href":"https:\/\/www.europesays.com\/fr\/wp-json\/wp\/v2\/tags?post=629229"}],"curies":[{"name":"wp","href":"https:\/\/api.w.org\/{rel}","templated":true}]}}