{"id":62923,"date":"2025-04-29T22:57:12","date_gmt":"2025-04-29T22:57:12","guid":{"rendered":"https:\/\/www.europesays.com\/fr\/62923\/"},"modified":"2025-04-29T22:57:12","modified_gmt":"2025-04-29T22:57:12","slug":"tissage-urbain-a-bellecour-debut-des-travaux-sous-tensions","status":"publish","type":"post","link":"https:\/\/www.europesays.com\/fr\/62923\/","title":{"rendered":"Tissage urbain \u00e0 Bellecour : d\u00e9but des travaux sous tensions"},"content":{"rendered":"<p>Grande \u0153uvre architecturale, Tissage urbain commence \u00e0 tisser sa toile sur la place Bellecour. Ce qui devait \u00eatre un projet m\u00ealant art et \u00e9cologie provoque beaucoup de m\u00e9contentement \u00e0 Lyon. Les travaux ont \u00e0 peine commenc\u00e9 et font d\u00e9j\u00e0 place \u00e0 la discorde. In\u00e8s Krimi et Charlotte Epinat se sont rendues sur place.<\/p>\n<p>Un projet qui fait jaser. <strong>Tissage urbain<\/strong>, \u0153uvre d\u2019art qui va investir la place Bellecour de Lyon, vient de commencer son installation. Si l\u2019\u0153uvre porte avant tout des <a href=\"https:\/\/www.lyon.fr\/actualite\/projets-urbains\/place-bellecour-une-nouvelle-experience-vivre\" target=\"_blank\" rel=\"noreferrer noopener nofollow\"><strong>ambitions \u00e9cologiques<\/strong> et de <strong>bien-\u00eatre<\/strong><\/a> pour les Lyonnais, elle ne fait pas l\u2019unanimit\u00e9. Notamment en raison de son budget \u00e9lev\u00e9 : 1,5 millions d\u2019euros.<\/p>\n<p>Ecoutez le podcast<\/p>\n<p>Tissage Urbain \u00e0 Bellecour<\/p>\n<p>Adjointe au Maire de Lyon d\u00e9l\u00e9gu\u00e9e \u00e0 la <strong>Culture<\/strong>, <strong>Audrey H\u00e9nocque<\/strong> reste pourtant convaincue du choix de cette installation. \u00ab Je comprends que les habitants peuvent s\u2019interroger. Quand on a la charge de sujets comme la commande publique, on voit bien que le co\u00fbt de l\u2019\u0153uvre est tout \u00e0 fait normal. Ce <strong>projet artistique<\/strong>, c\u2019est un premier pas dans une r\u00e9flexion globale sur comment sera la <strong>ville de demain<\/strong>. Comment sera <strong>Bellecour<\/strong> dans les ann\u00e9es qui viennent ? L\u2019objectif est de garder quand m\u00eame une place ouverte qui permet l\u2019accueil de grandes manifestations. Et en m\u00eame temps de pouvoir l\u2019adapter aux <strong>d\u00e9r\u00e8glements climatiques<\/strong>. \u00bb<\/p>\n<p>Ecoutez le podcast<\/p>\n<p>Tissage Urbain \u00e0 Bellecour<\/p>\n<p>Cr\u00e9\u00e9 par l\u2019artiste <strong>Romain Froquet<\/strong> ainsi que le cabinet <strong><a href=\"https:\/\/tristan-architecture.com\/\" target=\"_blank\" rel=\"noreferrer noopener nofollow\">Tristan Architecture<\/a><\/strong> et<strong> <a href=\"https:\/\/aialifedesigners.fr\/\" target=\"_blank\" rel=\"noreferrer noopener nofollow\">AIA Life Designer<\/a><\/strong>, <strong>Tissage Urbain<\/strong> s\u2019inspire des Canuts, <strong>tisserands de soie lyonnais<\/strong>. Outre l\u2019esth\u00e9tique, son utilit\u00e9 premi\u00e8re sera de rafra\u00eechir la <strong>place Bellecour<\/strong> en cr\u00e9ant de l\u2019ombre gr\u00e2ce \u00e0 des <strong>grandes toiles entrecrois\u00e9es<\/strong>. Les arches seront aussi entour\u00e9es de bancs, ce qui cr\u00e9era environ <strong>250 assises sur la place<\/strong>.<\/p>\n<p>Ecoutez aussi : <a href=\"https:\/\/www.lyondemain.fr\/trafic-de-transit-chemin-neuf\/\" target=\"_blank\" rel=\"noreferrer noopener nofollow\">Saint-Just Respire : \u00ab\u00a0on ne veut plus du trafic de transit\u00a0\u00bb<\/a><\/p>\n<p><img data-recalc-dims=\"1\" fetchpriority=\"high\" decoding=\"async\" width=\"1080\" height=\"608\" src=\"data:image\/svg+xml,%3Csvg%20xmlns=\" http:=\"\" alt=\"Tissage Urbain \u00e0 Bellecour Tristan Israel\" class=\"wp-image-249203\" data-lazy- data-lazy- data-lazy-src=\"https:\/\/www.europesays.com\/fr\/wp-content\/uploads\/2025\/04\/Tissage-Urbain-a-Bellecour-installation-artistique.jpg\"\/><\/p>\n<p>Une installation pens\u00e9e \u00e9cologiquement<\/p>\n<p>Une installation <strong>pens\u00e9e \u00e9cologiquement<\/strong>, m\u00eame \u00e0 travers son processus de cr\u00e9ation. C\u2019est ce qu\u2019explique <strong>Tristan Israel<\/strong>, <strong>architecte<\/strong> ayant travaill\u00e9 sur <strong>Tissage urbain<\/strong>. \u00ab Il y avait une volont\u00e9 de travailler avec des acteurs locaux. De l\u2019origine des toiles fabriqu\u00e9es juste \u00e0 c\u00f4t\u00e9, \u00e0 la Tour-du-Pin. Pour nous c\u2019\u00e9tait important aussi de travailler avec le minimum de mati\u00e8re toxique. On est sur du <strong>bois brut<\/strong> \u00bb.<\/p>\n<p><img loading=\"lazy\" data-recalc-dims=\"1\" decoding=\"async\" width=\"1080\" height=\"608\" src=\"data:image\/svg+xml,%3Csvg%20xmlns=\" http:=\"\" alt=\"Tissage Urbain \u00e0 Bellecour Tristan Israel\" class=\"wp-image-249207\" data-lazy- data-lazy- data-lazy-src=\"https:\/\/www.europesays.com\/fr\/wp-content\/uploads\/2025\/04\/Tissage-Urbain-a-Bellecour-Tristan-Israel-2.jpg\"\/>Tristan Israel<\/p>\n<p>Mais cette \u0153uvre ne met pas tout le monde d\u2019accord. Le budget total de <strong>Tissage Urbain<\/strong> est point\u00e9 du doigt. Et notamment par le \u00ab collectif des d\u00e9fenseurs de Lyon \u00bb. Une dizaine de manifestants se sont mobilis\u00e9s afin d\u2019exprimer leur opposition \u00e0 l\u2019installation. Parmi eux, <strong>Fran\u00e7oise Verot<\/strong> et Monsieur Alain, tous les deux <strong>commer\u00e7ants en Presqu\u2019\u00eele<\/strong>.\u00a0<\/p>\n<p>\u00ab Personne n\u2019a voulu de cette chose-l\u00e0, c\u2019est affreux. Socialement, il y a des choses plus importantes \u00e0 faire avec 1,5 millions d\u2019euros. On ne reste jamais une demi-heure sur la <strong>place Bellecour<\/strong>, on ne fait que la traverser d\u00e9j\u00e0. Et nous en tant que commer\u00e7ants, on est en train de crever la bouche ouverte. <\/p>\n<p><img loading=\"lazy\" data-recalc-dims=\"1\" decoding=\"async\" width=\"1080\" height=\"608\" src=\"data:image\/svg+xml,%3Csvg%20xmlns=\" http:=\"\" alt=\"manifestants\" class=\"wp-image-249206\" data-lazy- data-lazy- data-lazy-src=\"https:\/\/www.europesays.com\/fr\/wp-content\/uploads\/2025\/04\/Tissage-Urbain-a-Bellecour-manifestants.jpg\"\/>11 manifestants du \u00ab\u00a0Collectif des d\u00e9fenseurs de Lyon\u00a0\u00bb<\/p>\n<p>Un \u00ab\u00a0manque de concertation\u00a0\u00bb autour du projet Tissage Urbain \u00e0 Bellecour<\/p>\n<p>Les <strong>commer\u00e7ants<\/strong> regrettent un manque de concertation. Mais que pensent les Lyonnais de cette \u0153uvre qu\u2019ils verront pendant 5 ans ? On vous a pos\u00e9 la question. <\/p>\n<p>\u00ab \u00c7a ne sert \u00e0 rien parce que quand il fait du soleil et qu\u2019il fait tr\u00e8s chaud, je passe sous les arbres tout simplement et je mets 20 secondes de plus pour faire le tour de la place. \u00bb \u00ab Je trouve que \u00e7a peut \u00eatre bien, \u00e7a fait de l\u2019ombre pour l\u2019\u00e9t\u00e9. Mais par contre niveau esth\u00e9tique \u00e7a g\u00e2che un peu le fait que ce soit une grande place vide. \u00bb \u00ab Esth\u00e9tiquement je ne trouve pas \u00e7a tr\u00e8s joli. Pratiquement, je pense que serait mieux de mettre une \u00e9norme pelouse avec des arbres pour rafra\u00eechir la ville. \u00bb \u00ab Je suis plus d\u00e9fenseur de la place Bellecour vide avec la statue et Fourvi\u00e8re en fonds. Apr\u00e8s \u00e0 voir ce que \u00e7a donnera, ce n\u2019est que le d\u00e9but. \u00bb<\/p>\n<p>Que le d\u00e9but en effet, il faudra attendre d\u00e9but juillet pour la livraison compl\u00e8te de <strong>Tissage urbain<\/strong>..<\/p>\n<p><img loading=\"lazy\" data-recalc-dims=\"1\" decoding=\"async\" width=\"1080\" height=\"608\" src=\"data:image\/svg+xml,%3Csvg%20xmlns=\" http:=\"\" alt=\"travaux\" class=\"wp-image-249204\" data-lazy- data-lazy- data-lazy-src=\"https:\/\/www.europesays.com\/fr\/wp-content\/uploads\/2025\/04\/Tissage-Urbain-a-Bellecour.jpg\"\/><\/p>\n<p>Ecoutez aussi : <a href=\"https:\/\/www.lyondemain.fr\/tissage-urbain-vegetalisation-place-bellecour\/\" target=\"_blank\" rel=\"noreferrer noopener nofollow\">Tissage Urbain : Bellecour va rendre hommage aux canuts<\/a><\/p>\n<p><img loading=\"lazy\" data-recalc-dims=\"1\" decoding=\"async\" width=\"1080\" height=\"608\" src=\"data:image\/svg+xml,%3Csvg%20xmlns=\" http:=\"\" alt=\"ombri\u00e8re\" class=\"wp-image-249202\" data-lazy- data-lazy- data-lazy-src=\"https:\/\/www.europesays.com\/fr\/wp-content\/uploads\/2025\/04\/Tissage-Urbain-a-Bellecour-ombriere.jpg\"\/><br \/>\nJ\u2019aime \u00e7a\u00a0:<\/p>\n<p>J\u2019aime chargement\u2026<\/p>\n<p><a class=\"sd-link-color\"\/><\/p>\n<p>\n\tArticles similaires\n<\/p>\n<p>\t\t\t\t<img decoding=\"async\" src=\"data:image\/svg+xml,%3Csvg%20xmlns=\" http:=\"\" alt=\"G\u00e9rald Bouchon\" data-lazy-src=\"https:\/\/www.europesays.com\/fr\/wp-content\/uploads\/2025\/04\/1745967432_355_7866158698e17e8ed633c05e8f8e7fe5d9e057ad78661c4dc34e413abb6b9f19\"\/><\/p>\n<p>Pionnier des radios libres, passionn\u00e9 de radio, journaliste et dirigeant de m\u00e9dias \u00e9co-responsables..<\/p>\n","protected":false},"excerpt":{"rendered":"Grande \u0153uvre architecturale, Tissage urbain commence \u00e0 tisser sa toile sur la place Bellecour. Ce qui devait \u00eatre&hellip;\n","protected":false},"author":2,"featured_media":62924,"comment_status":"","ping_status":"","sticky":false,"template":"","format":"standard","meta":{"footnotes":""},"categories":[1889],"tags":[1111,11,16097,2430,1129,7230,51,1777,674,1011,27,2428,12,16098,15808,16099,25,16100,16101,3291],"class_list":{"0":"post-62923","1":"post","2":"type-post","3":"status-publish","4":"format-standard","5":"has-post-thumbnail","7":"category-lyon","8":"tag-actu","9":"tag-actualites","10":"tag-audrey-henocque","11":"tag-auvergne-rhone-alpes","12":"tag-climat","13":"tag-commercants","14":"tag-ecologie","15":"tag-eu","16":"tag-europe","17":"tag-fr","18":"tag-france","19":"tag-lyon","20":"tag-news","21":"tag-ombrieres","22":"tag-place-bellecour","23":"tag-presquile-a-vivre","24":"tag-republique-francaise","25":"tag-tissage-urbain","26":"tag-tristan-israel","27":"tag-ville-de-lyon"},"share_on_mastodon":{"url":"https:\/\/pubeurope.com\/@fr\/114423728981283296","error":""},"_links":{"self":[{"href":"https:\/\/www.europesays.com\/fr\/wp-json\/wp\/v2\/posts\/62923","targetHints":{"allow":["GET"]}}],"collection":[{"href":"https:\/\/www.europesays.com\/fr\/wp-json\/wp\/v2\/posts"}],"about":[{"href":"https:\/\/www.europesays.com\/fr\/wp-json\/wp\/v2\/types\/post"}],"author":[{"embeddable":true,"href":"https:\/\/www.europesays.com\/fr\/wp-json\/wp\/v2\/users\/2"}],"replies":[{"embeddable":true,"href":"https:\/\/www.europesays.com\/fr\/wp-json\/wp\/v2\/comments?post=62923"}],"version-history":[{"count":0,"href":"https:\/\/www.europesays.com\/fr\/wp-json\/wp\/v2\/posts\/62923\/revisions"}],"wp:featuredmedia":[{"embeddable":true,"href":"https:\/\/www.europesays.com\/fr\/wp-json\/wp\/v2\/media\/62924"}],"wp:attachment":[{"href":"https:\/\/www.europesays.com\/fr\/wp-json\/wp\/v2\/media?parent=62923"}],"wp:term":[{"taxonomy":"category","embeddable":true,"href":"https:\/\/www.europesays.com\/fr\/wp-json\/wp\/v2\/categories?post=62923"},{"taxonomy":"post_tag","embeddable":true,"href":"https:\/\/www.europesays.com\/fr\/wp-json\/wp\/v2\/tags?post=62923"}],"curies":[{"name":"wp","href":"https:\/\/api.w.org\/{rel}","templated":true}]}}