{"id":629235,"date":"2025-12-30T06:00:12","date_gmt":"2025-12-30T06:00:12","guid":{"rendered":"https:\/\/www.europesays.com\/fr\/629235\/"},"modified":"2025-12-30T06:00:12","modified_gmt":"2025-12-30T06:00:12","slug":"plan-grand-froid-les-limites-de-la-politique-du-thermometre-mediapart","status":"publish","type":"post","link":"https:\/\/www.europesays.com\/fr\/629235\/","title":{"rendered":"Plan grand froid : les limites de \u00ab la politique du thermom\u00e8tre \u00bb &#8211; Mediapart"},"content":{"rendered":"<ol>\n<li><a href=\"https:\/\/news.google.com\/rss\/articles\/CBMiqgFBVV95cUxNMGN3UWFab0M4c2lrMGhTdG1xOFJrR29SRE9YSDFVdG9UNGxuSUVGYUxXMFlMQzJoam9tWXpXZl9jd0pJNktTallzdzdaNFBObUxSWUpTbEtydllrRjVLMnVqYnN2Mk1BRU9vSjc4emdyNWlNUXBDbU9GTlhILXdpcDdKWnlVUFBIYXUyalQwTnpFYjAwY0FMQl9hS3A1cndJTUhRcUJia3Mzdw?oc=5\" target=\"_blank\" rel=\"noopener\">Plan grand froid : les limites de \u00ab la politique du thermom\u00e8tre \u00bb<\/a>&nbsp;&nbsp;Mediapart<\/li>\n<li><a href=\"https:\/\/news.google.com\/rss\/articles\/CBMijgJBVV95cUxPLW1HZUxpX0c3eEFiNEVGWDNNZ0ZTbDRVZEQxeUpLLUpycnZVU1A0d2dWQThnWEtESEhQVTBRZ0pyeG53cHlNQjZTNHhOekY4Nk9Xd3lWMV95MWljWndzWUdiY2pyR0tNeDJTRklvT1V1SlgtLWJPb1Q3VXM5bFAyQVFjemNlSW42bGZjMHR5WklnUHRiVGU1VkhYczVZbVcxRW82VnI5d3RSRHNTa3AzTHJmZ1Nmekkya1Ytb2o1Z00wQTV1OWZ2VzZLU0ZNbU5Lbmk5SUJFZFV3UXdoc2ZMNklENU9WZVlqMUtSZFFpSDlsVzhodmx0NXRzdXhSUC1Xblp0ZW5hbmJSLVlJYkE?oc=5\" target=\"_blank\" rel=\"noopener\">Une femme dehors dans la nuit glaciale \u00e0 Angoul\u00eame et personne pour lui venir en aide: les limites de la prise en charge par le 115<\/a>&nbsp;&nbsp;Charente Libre<\/li>\n<li><a href=\"https:\/\/news.google.com\/rss\/articles\/CBMiqgFBVV95cUxPLXJ5UWs2MFRHX2VraFVLbFBZTEpYNTZzanhMZkwydllTT0huOHF2bzhaNTF3YUVaV3pWTS1MaVRBUDJ0dHhPZXM2cEZscnlsSzdQamlqaTQ1ZTVxaHdHZGhmbzY2MElzekxoTzBSYW1YVFRVT1RLZExnYjR5Mi1pbW9aam5ETG9fa25wTnpmek9VUmRGY1ZRSlhsWTZydy0wQkx3TzBWZDR4QQ?oc=5\" target=\"_blank\" rel=\"noopener\">Le plan grand froid activ\u00e9 \u00e0 Paris et en r\u00e9gion parisienne<\/a>&nbsp;&nbsp;20 Minutes<\/li>\n<li><a href=\"https:\/\/news.google.com\/rss\/articles\/CBMi5AFBVV95cUxObVg2ZkxHWDRZZzRfMDVXZDFTZ2NKbXlrWjZFMGNIdHBNc09vaVFKZzlyZEtxbENZNllFVnlHSDcxUnVhMHVyVnZUMlJQbWl6aXotM2toUms5QVVWZDZmZ1pZRWtnczBWUHUwVmFNYlhBWHBGX1BMMnRMaXZnQjFvRDhtSVh4aEZXRE5fdGYwNUdUZFlnMFRSdGhVV2R4Vlo1ZUFZdG9TcE00S0FTNEZJLXd4ZkJDcmdxVXFtVjVZRHJjQTdOd0k3bEU3em9RVkVya0RoOHA3czN6UFpkRy1iVzRxMkQ?oc=5\" target=\"_blank\" rel=\"noopener\">M\u00e9t\u00e9o. Le Rh\u00f4ne et la Loire en vigilance \u00ab grand froid \u00bb : jusqu\u2019\u00e0 quand va durer la chute des temp\u00e9ratures ?<\/a>&nbsp;&nbsp;Le Progr\u00e8s<\/li>\n<li><a href=\"https:\/\/news.google.com\/rss\/articles\/CBMi5wFBVV95cUxObVBqVlNLYlZ0bGNmRFo4Uy1RRjB5UWFQMThOTWlSNG1oYnJOZHE0ZDNNMnRuNHdPVFNEWEpWbWg0N1R2TFB2MWFIX0M4NkkyREZqWUlhSzE3Q1RsUElRdnlyYnNXU1htVnJCTWU0c0pDSExDY0VYdTJ1dGgwOEtWVGNVQWFjU18zLWRnU0dQRE42bzFJYzhUUTJWSTdGZDhJRk9nNU1mUEd1T0VqUk9nQzBCZE5Bd0RleTNOWUwxUmNtYWtSRlpyYkxFM3ljSUNmclZGUnZYejhUOWNQaVI3YllDX3ZHc2M?oc=5\" target=\"_blank\" rel=\"noopener\">Vague de froid : vers une nuit du 31 glaciale et des brouillards givrants, les d\u00e9partements les plus touch\u00e9s<\/a>&nbsp;&nbsp;Linternaute.com<\/li>\n<\/ol>\n","protected":false},"excerpt":{"rendered":"Plan grand froid : les limites de \u00ab la politique du thermom\u00e8tre \u00bb&nbsp;&nbsp;Mediapart Une femme dehors dans la&hellip;\n","protected":false},"author":2,"featured_media":629236,"comment_status":"","ping_status":"","sticky":false,"template":"","format":"standard","meta":{"footnotes":""},"categories":[4],"tags":[11,1011,27,73189,662,7563,12,626,25,55347],"class_list":{"0":"post-629235","1":"post","2":"type-post","3":"status-publish","4":"format-standard","5":"has-post-thumbnail","7":"category-france","8":"tag-actualites","9":"tag-fr","10":"tag-france","11":"tag-grand-froid","12":"tag-ile-de-france","13":"tag-inegalites","14":"tag-news","15":"tag-paris","16":"tag-republique-francaise","17":"tag-sans-abrisme"},"share_on_mastodon":{"url":"https:\/\/pubeurope.com\/@fr\/115806995947245968","error":""},"_links":{"self":[{"href":"https:\/\/www.europesays.com\/fr\/wp-json\/wp\/v2\/posts\/629235","targetHints":{"allow":["GET"]}}],"collection":[{"href":"https:\/\/www.europesays.com\/fr\/wp-json\/wp\/v2\/posts"}],"about":[{"href":"https:\/\/www.europesays.com\/fr\/wp-json\/wp\/v2\/types\/post"}],"author":[{"embeddable":true,"href":"https:\/\/www.europesays.com\/fr\/wp-json\/wp\/v2\/users\/2"}],"replies":[{"embeddable":true,"href":"https:\/\/www.europesays.com\/fr\/wp-json\/wp\/v2\/comments?post=629235"}],"version-history":[{"count":0,"href":"https:\/\/www.europesays.com\/fr\/wp-json\/wp\/v2\/posts\/629235\/revisions"}],"wp:featuredmedia":[{"embeddable":true,"href":"https:\/\/www.europesays.com\/fr\/wp-json\/wp\/v2\/media\/629236"}],"wp:attachment":[{"href":"https:\/\/www.europesays.com\/fr\/wp-json\/wp\/v2\/media?parent=629235"}],"wp:term":[{"taxonomy":"category","embeddable":true,"href":"https:\/\/www.europesays.com\/fr\/wp-json\/wp\/v2\/categories?post=629235"},{"taxonomy":"post_tag","embeddable":true,"href":"https:\/\/www.europesays.com\/fr\/wp-json\/wp\/v2\/tags?post=629235"}],"curies":[{"name":"wp","href":"https:\/\/api.w.org\/{rel}","templated":true}]}}