{"id":629240,"date":"2025-12-30T06:05:59","date_gmt":"2025-12-30T06:05:59","guid":{"rendered":"https:\/\/www.europesays.com\/fr\/629240\/"},"modified":"2025-12-30T06:05:59","modified_gmt":"2025-12-30T06:05:59","slug":"tous-en-scene-c-est-beau-un-phare-dans-la-nuit-spectacle-a-nancy","status":"publish","type":"post","link":"https:\/\/www.europesays.com\/fr\/629240\/","title":{"rendered":"\u00ab\u00a0Tous en scene. C est beau un phare dans la nuit\u00a0\u00bb : Spectacle a Nancy"},"content":{"rendered":"<p>\t\t\t\t\t\t\t\t\t<a href=\"https:\/\/www.estrepublicain.fr\/pour-sortir\/loisirs\/Spectacle-theatre-conte\/Autres-spectacles\/Lorraine\/Meurthe-et-moselle\/Nancy\/2026\/01\/16\/javascript:history.back();\" rel=\"nofollow noopener\" class=\"backToSearch\" target=\"_blank\">Retour \u00e0 la recherche<\/a><\/p>\n<p class=\"media-desc\" itemprop=\"description\">&#13;<br \/>\n\t\t\t\t\tSpectacle th\u00e9\u00e2tral propos\u00e9 par le CATTP Delta et le Foyer d\u2019Accueil Sp\u00e9cialis\u00e9 (FAS) d\u2019Essey-l\u00e8s-Nancy, dans le cadre du programme culturel 2026 du Centre Psychoth\u00e9rapique de Nancy. Venez enqu\u00eater sur le secret de l&rsquo;origine de la joie. &#13;<br \/>\n\t\t\t\t\t\t\t\t\t\t\t&#13;<br \/>\n\t\t\t\t\t\t\t\t\t\tN\u00e9 d\u2019ateliers men\u00e9s avec les participants, ce projet artistique collaboratif utilise le th\u00e9\u00e2tre comme espace d\u2019expression et d\u2019inclusion pour les personnes en situation de handicap.<br \/>\nPendant plusieurs mois, les personnes accompagn\u00e9es par les professionnels du FAS et du CATTP DELTA ont travaill\u00e9 chaque semaine avec le collectif Autrement Dit.<br \/>\nEnsemble, ils ont explor\u00e9 le jeu, l\u2019imaginaire et l\u2019expression non verbale, trouv\u00e9 leur place dans le groupe, d\u00e9velopp\u00e9 la confiance en soi, l\u2019attention \u00e0 l\u2019autre, la motivation, appris \u00e0 valoriser leur singularit\u00e9 et construit une cr\u00e9ation o\u00f9 chacun a son moment, son r\u00f4le et son espace.&#13;\n\t\t\t\t  <\/p>\n","protected":false},"excerpt":{"rendered":"Retour \u00e0 la recherche &#13; Spectacle th\u00e9\u00e2tral propos\u00e9 par le CATTP Delta et le Foyer d\u2019Accueil Sp\u00e9cialis\u00e9 (FAS)&hellip;\n","protected":false},"author":2,"featured_media":629241,"comment_status":"","ping_status":"","sticky":false,"template":"","format":"standard","meta":{"footnotes":""},"categories":[9635],"tags":[1111,11,1777,674,1011,27,775,1702,12,25],"class_list":{"0":"post-629240","1":"post","2":"type-post","3":"status-publish","4":"format-standard","5":"has-post-thumbnail","7":"category-nancy","8":"tag-actu","9":"tag-actualites","10":"tag-eu","11":"tag-europe","12":"tag-fr","13":"tag-france","14":"tag-grand-est","15":"tag-nancy","16":"tag-news","17":"tag-republique-francaise"},"share_on_mastodon":{"url":"https:\/\/pubeurope.com\/@fr\/115807019518368150","error":""},"_links":{"self":[{"href":"https:\/\/www.europesays.com\/fr\/wp-json\/wp\/v2\/posts\/629240","targetHints":{"allow":["GET"]}}],"collection":[{"href":"https:\/\/www.europesays.com\/fr\/wp-json\/wp\/v2\/posts"}],"about":[{"href":"https:\/\/www.europesays.com\/fr\/wp-json\/wp\/v2\/types\/post"}],"author":[{"embeddable":true,"href":"https:\/\/www.europesays.com\/fr\/wp-json\/wp\/v2\/users\/2"}],"replies":[{"embeddable":true,"href":"https:\/\/www.europesays.com\/fr\/wp-json\/wp\/v2\/comments?post=629240"}],"version-history":[{"count":0,"href":"https:\/\/www.europesays.com\/fr\/wp-json\/wp\/v2\/posts\/629240\/revisions"}],"wp:featuredmedia":[{"embeddable":true,"href":"https:\/\/www.europesays.com\/fr\/wp-json\/wp\/v2\/media\/629241"}],"wp:attachment":[{"href":"https:\/\/www.europesays.com\/fr\/wp-json\/wp\/v2\/media?parent=629240"}],"wp:term":[{"taxonomy":"category","embeddable":true,"href":"https:\/\/www.europesays.com\/fr\/wp-json\/wp\/v2\/categories?post=629240"},{"taxonomy":"post_tag","embeddable":true,"href":"https:\/\/www.europesays.com\/fr\/wp-json\/wp\/v2\/tags?post=629240"}],"curies":[{"name":"wp","href":"https:\/\/api.w.org\/{rel}","templated":true}]}}