{"id":62925,"date":"2025-04-29T22:58:17","date_gmt":"2025-04-29T22:58:17","guid":{"rendered":"https:\/\/www.europesays.com\/fr\/62925\/"},"modified":"2025-04-29T22:58:17","modified_gmt":"2025-04-29T22:58:17","slug":"pres-de-lyon-le-bebe-qui-a-bascule-du-4e-etage-dun-immeuble-est-mort-a-lhopital","status":"publish","type":"post","link":"https:\/\/www.europesays.com\/fr\/62925\/","title":{"rendered":"Pr\u00e8s de Lyon. Le b\u00e9b\u00e9 qui a bascul\u00e9 du 4e \u00e9tage d&rsquo;un immeuble est mort \u00e0 l&rsquo;h\u00f4pital"},"content":{"rendered":"<p>            Par<br \/>\n        <strong><br \/>\n            <a href=\"https:\/\/actu.fr\/auteur\/redaction-lyon\" title=\"Consulter tous les articles de R\u00e9daction Lyon\" rel=\"nofollow noopener\" target=\"_blank\">R\u00e9daction Lyon<\/a><br \/>\n        <\/strong><\/p>\n<p>        Publi\u00e9 le<\/p>\n<p>            29 avr. 2025 \u00e0 19h36        <\/p>\n<p>L\u2019enfant n\u2019a pas surv\u00e9cu \u00e0 ses blessures. Le <a href=\"https:\/\/actu.fr\/auvergne-rhone-alpes\/grigny_69096\/pres-de-lyon-un-bebe-entre-la-vie-et-la-mort-apres-une-chute-du-4e-etage-d-un-immeuble_62549039.html\" rel=\"nofollow noopener\" target=\"_blank\">b\u00e9b\u00e9 \u00e2g\u00e9 de 22 mois qui \u00e9tait tomb\u00e9 du 4e \u00e9tage<\/a> d\u2019un immeuble de Grigny-sur-Rh\u00f4ne pr\u00e8s de <a href=\"https:\/\/actu.fr\/auvergne-rhone-alpes\/lyon_69123\" rel=\"nofollow noopener\" target=\"_blank\">Lyon<\/a> le 22 avril dernier est d\u00e9c\u00e9d\u00e9 \u00e0 l\u2019h\u00f4pital, selon nos confr\u00e8res du <a href=\"https:\/\/www.leprogres.fr\/faits-divers-justice\/2025\/04\/29\/tombe-du-4e-etage-a-grigny-sur-rhone-le-bebe-n-a-pas-survecu\" rel=\"nofollow noopener\" target=\"_blank\">Progr\u00e8s<\/a> et une source proche du dossier.<\/p>\n<p class=\" wall-content\">La petite victime s\u2019est \u00e9teinte deux jours apr\u00e8s son hospitalisation \u00e0 l\u2019<strong>h\u00f4pital Femme M\u00e8re Enfant de Bron<\/strong>, le 24 avril dernier. Selon nos informations, ce jour l\u00e0, la fillette se trouvait d\u00e9j\u00e0 dans un \u00e9tat d\u00e9sesp\u00e9r\u00e9. La petite fille \u00e2g\u00e9e de 22 mois a malheureusement bascul\u00e9 en \u00ab coma d\u00e9pass\u00e9 \u00bb \u2013 <a href=\"https:\/\/actu.fr\/auvergne-rhone-alpes\/grigny_69096\/pres-de-lyon-un-bebe-en-etat-de-mort-de-cerebrale-apres-une-chute-du-4e-etage-d-un-immeuble_62550306.html\" rel=\"nofollow noopener\" target=\"_blank\">en \u00e9tat de mort c\u00e9r\u00e9brale<\/a> \u2013 sans que les m\u00e9decins puissent la r\u00e9animer, avait annonc\u00e9 une source proche \u00e0 actu Lyon.<\/p>\n<p>Elle \u00e9chappe un court instant \u00e0 sa m\u00e8re<\/p>\n<p class=\" wall-content\">Le b\u00e9b\u00e9 aurait \u00e9chapp\u00e9 un court instant \u00e0 la vigilance de sa m\u00e8re partie aux toilettes au moment du drame. L\u2019enfant aurait bascul\u00e9 dans le vide du quatri\u00e8me \u00e9tage d\u2019un immeuble de l\u2019avenue Jean-Durand \u00e0 Grigny-sur-Rh\u00f4ne.<\/p>\n<p class=\" wall-content\">L\u2019enfant aurait tir\u00e9 une petite chaise \u00e0 c\u00f4t\u00e9 de son lit avant de basculer dans le vide par la fen\u00eatre. C\u2019est son p\u00e8re qui aurait retrouv\u00e9 la petite victime inconsciente sur le sol et lui aurait prodigu\u00e9 les premiers secours avant l\u2019arriv\u00e9e du Samu et des pompiers.\u00a0<\/p>\n<p class=\" wall-content\">L\u2019enqu\u00eate confi\u00e9e \u00e0 la police nationale se poursuit avec les derni\u00e8res auditions. Le commissariat de Givors est en charge des investigations.\u00a0<\/p>\n<p>Vid\u00e9os : en ce moment sur Actu<\/p>\n<p class=\" wall-content\">Suivez toute l\u2019actualit\u00e9 de vos villes et m\u00e9dias favoris en vous inscrivant \u00e0 <a href=\"https:\/\/moncompte.actu.fr\" title=\"D\u00e9couvez Mon Actu\" rel=\"nofollow noopener\" data-trk=\"{&quot;cta&quot;:{&quot;action&quot;:&quot;https:\\\/\\\/moncompte.actu.fr&quot;,&quot;category&quot;:&quot;mon compte&quot;,&quot;from&quot;:&quot;article footer&quot;,&quot;name&quot;:&quot;Mon actu&quot;,&quot;type&quot;:&quot;cta&quot;}}\" target=\"_blank\">Mon Actu<\/a>.<\/p>\n","protected":false},"excerpt":{"rendered":"Par R\u00e9daction Lyon Publi\u00e9 le 29 avr. 2025 \u00e0 19h36 L\u2019enfant n\u2019a pas surv\u00e9cu \u00e0 ses blessures. Le&hellip;\n","protected":false},"author":2,"featured_media":62926,"comment_status":"","ping_status":"","sticky":false,"template":"","format":"standard","meta":{"footnotes":""},"categories":[1889],"tags":[1111,11,2430,1719,1777,674,118,1011,27,2428,12,1311,25],"class_list":{"0":"post-62925","1":"post","2":"type-post","3":"status-publish","4":"format-standard","5":"has-post-thumbnail","7":"category-lyon","8":"tag-actu","9":"tag-actualites","10":"tag-auvergne-rhone-alpes","11":"tag-enfants","12":"tag-eu","13":"tag-europe","14":"tag-faits-divers","15":"tag-fr","16":"tag-france","17":"tag-lyon","18":"tag-news","19":"tag-pompiers","20":"tag-republique-francaise"},"share_on_mastodon":{"url":"https:\/\/pubeurope.com\/@fr\/114423733013850652","error":""},"_links":{"self":[{"href":"https:\/\/www.europesays.com\/fr\/wp-json\/wp\/v2\/posts\/62925","targetHints":{"allow":["GET"]}}],"collection":[{"href":"https:\/\/www.europesays.com\/fr\/wp-json\/wp\/v2\/posts"}],"about":[{"href":"https:\/\/www.europesays.com\/fr\/wp-json\/wp\/v2\/types\/post"}],"author":[{"embeddable":true,"href":"https:\/\/www.europesays.com\/fr\/wp-json\/wp\/v2\/users\/2"}],"replies":[{"embeddable":true,"href":"https:\/\/www.europesays.com\/fr\/wp-json\/wp\/v2\/comments?post=62925"}],"version-history":[{"count":0,"href":"https:\/\/www.europesays.com\/fr\/wp-json\/wp\/v2\/posts\/62925\/revisions"}],"wp:featuredmedia":[{"embeddable":true,"href":"https:\/\/www.europesays.com\/fr\/wp-json\/wp\/v2\/media\/62926"}],"wp:attachment":[{"href":"https:\/\/www.europesays.com\/fr\/wp-json\/wp\/v2\/media?parent=62925"}],"wp:term":[{"taxonomy":"category","embeddable":true,"href":"https:\/\/www.europesays.com\/fr\/wp-json\/wp\/v2\/categories?post=62925"},{"taxonomy":"post_tag","embeddable":true,"href":"https:\/\/www.europesays.com\/fr\/wp-json\/wp\/v2\/tags?post=62925"}],"curies":[{"name":"wp","href":"https:\/\/api.w.org\/{rel}","templated":true}]}}