{"id":629252,"date":"2025-12-30T06:17:48","date_gmt":"2025-12-30T06:17:48","guid":{"rendered":"https:\/\/www.europesays.com\/fr\/629252\/"},"modified":"2025-12-30T06:17:48","modified_gmt":"2025-12-30T06:17:48","slug":"grenoble-la-police-blesse-par-balle-un-homme-menacant-avec-un-couteau","status":"publish","type":"post","link":"https:\/\/www.europesays.com\/fr\/629252\/","title":{"rendered":"Grenoble : la police blesse par balle un homme mena\u00e7ant avec un couteau"},"content":{"rendered":"<ul class=\"jsx-862013697 ArticleChapo__List\">\n<li class=\"jsx-862013697 ArticleChapo__List_Item flex\">La police indique avoir tir\u00e9 sur un homme arm\u00e9 d&rsquo;un couteau ce lundi matin \u00e0 Grenoble.<\/li>\n<li class=\"jsx-862013697 ArticleChapo__List_Item flex\">Le suspect aurait menac\u00e9 des personnes dans une auto-\u00e9cole de la pr\u00e9fecture de l&rsquo;Is\u00e8re, avant de faire pareil \u00e0 un policier \u00e0 sa poursuite.<\/li>\n<li class=\"jsx-862013697 ArticleChapo__List_Item flex\">Le pronostic vital du suspect n&rsquo;est pas engag\u00e9.<\/li>\n<\/ul>\n<p data-module=\"article-paragraph\" class=\"jsx-157965717 Paragraph\">Les faits se sont d\u00e9roul\u00e9s boulevard Jean-Pain \u00e0 Grenoble (Is\u00e8re). Selon les informations de TF1-LCI, vers 9h ce lundi matin un individu muni d&rsquo;une arme blanche a menac\u00e9 des personnes dans une auto-\u00e9cole \u00e0 l&rsquo;aide d&rsquo;un couteau. Signal\u00e9 \u00e0 la police, \u00e0 la vue des forces de l&rsquo;ordre d\u00e9p\u00each\u00e9es sur place pour l&rsquo;arr\u00eater, celui-ci a pris la fuite. Vite rattrap\u00e9, l&rsquo;individu a alors menac\u00e9 l&rsquo;un des policiers avec son couteau, qui lui a tir\u00e9 dessus \u00e0 une reprise. \u00a0<\/p>\n<p data-module=\"article-paragraph\" class=\"jsx-157965717 Paragraph Paragraph__End\">Bless\u00e9, l&rsquo;individu \u00e2g\u00e9 de 35 ans a \u00e9t\u00e9 transport\u00e9 \u00e0 l&rsquo;h\u00f4pital, mais son pronostic vital n&rsquo;est pas engag\u00e9.\u00a0Toujours selon nos informations, il est connu au fichier du traitement d&rsquo;ant\u00e9c\u00e9dents judiciaires. Le service local de police judiciaire (SLPJ) a \u00e9t\u00e9 saisi. Tout comme l&rsquo;IGPN, la police des polices, puisqu&rsquo;un de ses agents a fait usage de son arme \u00e0 feu.<\/p>\n<p>La r\u00e9daction de TF1info avec le service police-justice de TF1-LCI<\/p>\n","protected":false},"excerpt":{"rendered":"La police indique avoir tir\u00e9 sur un homme arm\u00e9 d&rsquo;un couteau ce lundi matin \u00e0 Grenoble. Le suspect&hellip;\n","protected":false},"author":2,"featured_media":249353,"comment_status":"","ping_status":"","sticky":false,"template":"","format":"standard","meta":{"footnotes":""},"categories":[9566],"tags":[1111,11,1921,2430,2951,2950,1777,674,1011,27,2731,1922,2954,12,1072,25,133,2953,2949],"class_list":{"0":"post-629252","1":"post","2":"type-post","3":"status-publish","4":"format-standard","5":"has-post-thumbnail","7":"category-grenoble","8":"tag-actu","9":"tag-actualites","10":"tag-article-video","11":"tag-auvergne-rhone-alpes","12":"tag-criminalite","13":"tag-delinquance","14":"tag-eu","15":"tag-europe","16":"tag-fr","17":"tag-france","18":"tag-grenoble","19":"tag-info","20":"tag-justice-et-faits-divers","21":"tag-news","22":"tag-police","23":"tag-republique-francaise","24":"tag-video","25":"tag-video-police","26":"tag-violences"},"share_on_mastodon":{"url":"https:\/\/pubeurope.com\/@fr\/115807066705517338","error":""},"_links":{"self":[{"href":"https:\/\/www.europesays.com\/fr\/wp-json\/wp\/v2\/posts\/629252","targetHints":{"allow":["GET"]}}],"collection":[{"href":"https:\/\/www.europesays.com\/fr\/wp-json\/wp\/v2\/posts"}],"about":[{"href":"https:\/\/www.europesays.com\/fr\/wp-json\/wp\/v2\/types\/post"}],"author":[{"embeddable":true,"href":"https:\/\/www.europesays.com\/fr\/wp-json\/wp\/v2\/users\/2"}],"replies":[{"embeddable":true,"href":"https:\/\/www.europesays.com\/fr\/wp-json\/wp\/v2\/comments?post=629252"}],"version-history":[{"count":0,"href":"https:\/\/www.europesays.com\/fr\/wp-json\/wp\/v2\/posts\/629252\/revisions"}],"wp:featuredmedia":[{"embeddable":true,"href":"https:\/\/www.europesays.com\/fr\/wp-json\/wp\/v2\/media\/249353"}],"wp:attachment":[{"href":"https:\/\/www.europesays.com\/fr\/wp-json\/wp\/v2\/media?parent=629252"}],"wp:term":[{"taxonomy":"category","embeddable":true,"href":"https:\/\/www.europesays.com\/fr\/wp-json\/wp\/v2\/categories?post=629252"},{"taxonomy":"post_tag","embeddable":true,"href":"https:\/\/www.europesays.com\/fr\/wp-json\/wp\/v2\/tags?post=629252"}],"curies":[{"name":"wp","href":"https:\/\/api.w.org\/{rel}","templated":true}]}}