{"id":629259,"date":"2025-12-30T06:25:11","date_gmt":"2025-12-30T06:25:11","guid":{"rendered":"https:\/\/www.europesays.com\/fr\/629259\/"},"modified":"2025-12-30T06:25:11","modified_gmt":"2025-12-30T06:25:11","slug":"pourquoi-le-maire-de-villeneuve-loubet-accuse-plusieurs-plages-de-sa-commune-detre-hors-la-loi","status":"publish","type":"post","link":"https:\/\/www.europesays.com\/fr\/629259\/","title":{"rendered":"Pourquoi le maire de Villeneuve-Loubet accuse plusieurs plages de sa commune d\u2019\u00eatre hors-la-loi\u00a0?"},"content":{"rendered":"<p class=\"fs-5 \">\u00ab Le domaine public maritime serait exploit\u00e9 ill\u00e9galement \u00bb, l\u00e2che le maire de Villeneuve-Loubet, Lionnel Luca. Plusieurs \u00e9tablissements sur la route du bord de mer, dont le Beach Klubber,<strong> mettraient \u00e0 disposition de leur client\u00e8le des transats <\/strong>pour profiter de la plage des Maurettes.<\/p>\n<p class=\"fs-5 \">Jusqu\u2019au 31 d\u00e9cembre 2023,<strong> l\u2019\u00c9tat, propri\u00e9taire du domaine public maritime<\/strong> entre le parc de Vaugrenier et Marina-Baie-des-Anges, conc\u00e9dait l\u2019ensemble des plages \u00e0 la commune de Villeneuve-Loubet. La Ville permettait ensuite leur exploitation par des priv\u00e9s.<\/p>\n<p class=\"fs-5 \">\u00ab <strong>Nous avons renonc\u00e9 \u00e0 ce droit<\/strong>. Cette d\u00e9cision se justifie principalement par la forte \u00e9rosion du littoral, argue Lionnel Luca. Il y a donc une incertitude en termes de s\u00e9curit\u00e9 et de garantie du maintien des activit\u00e9s baln\u00e9aires ou nautiques. \u00bb<\/p>\n<p>        <img src=\"https:\/\/www.europesays.com\/fr\/wp-content\/uploads\/2025\/12\/3fc5b00_upload-from-url-1-pfxboweilhzu-data-art-16849838.jpg\"   loading=\"lazy\" decoding=\"async\" alt=\"Une terrasse de restaurant de plage presque vide, o\u00f9 quelques chaises isol\u00e9es t\u00e9moignent d\u2019une fin d\u2019ann\u00e9e calme et venteuse.\" class=\"img-fluid position-absolute w-100 object-fit-cover rounded-2\" width=\"600\" height=\"400\"\/><\/p>\n<p>                                                                                \u00ab Location et vente \u00e0 emporter de transats ou de petite restauration \u00bb<\/p>\n<p class=\"fs-5 \">Sauf que, selon le maire, certains \u00e9tablissements exploiteraient \u00ab indirectement le domaine public maritime en le faisant occuper par ses clients dans le cadre de location et de vente \u00e0 emporter de transats ou de petite restauration \u00bb.<\/p>\n<p class=\"fs-5 \">Ils \u00ab<strong> s\u2019exon\u00e8rent de toute demande d\u2019autorisation<\/strong> d\u2019occupation temporaire du domaine public et des obligations qui en d\u00e9coulent : une surveillance de la zone de baignade et le versement d\u2019une redevance aux autorit\u00e9s publiques \u00bb.<\/p>\n<p class=\"fs-5 \">\u00ab <strong>Cette privatisation d\u00e9guis\u00e9e<\/strong> du domaine public maritime engendre des in\u00e9galit\u00e9s de traitement avec les sous-concessionnaires des plages, ajoute Lionnel Luca. Ceux-ci exploitent dans les r\u00e8gles, car ils b\u00e9n\u00e9ficient d\u2019une convention d\u2019exploitation et payent une redevance d\u2019occupation. \u00bb<\/p>\n<p class=\"fs-5 \">\u00ab Personne, sauf l\u2019\u00c9tat, propri\u00e9taire du domaine public maritime, ne peut exploiter celui-ci en l\u2019absence d\u2019une d\u00e9l\u00e9gation de service public baln\u00e9aire, confirme Philippe Lavaud, ancien directeur des affaires juridiques, immobili\u00e8res et d\u2019urbanisme de la Ville de Cannes, aujourd\u2019hui avocat au barreau de Nice sp\u00e9cialis\u00e9 en droit public et tout particuli\u00e8rement dans les questions relatives au domaine public. Donc les \u00e9tablissements en question <strong>n\u2019ont pas le droit de proposer ce type de service<\/strong> et d\u2019occuper le domaine public maritime. \u00bb<\/p>\n<p class=\"fs-5 \">En 2023, sur l\u2019ensemble des plages de Villeneuve-Loubet (deux plages et une base nautique entre le parc de Vaugrenier et Marina-Baie-des-Anges, puis quatre plages et une base nautique entre Marina-Baie-des-Anges et Cagnes-sur-Mer), <strong>l\u2019\u00c9tat a per\u00e7u 60.000 euros de Villeneuve-Loubet<\/strong>, qui a elle-m\u00eame r\u00e9alis\u00e9 92.000 euros de chiffre d\u2019affaires.<\/p>\n<p>                                                                                Un manque \u00e0 gagner de 80.000 euros<\/p>\n<p class=\"fs-5 \">En 2016, la Ville n\u2019a pas souhait\u00e9 renouveler la concession (1) du Beach Klubber (2). \u00ab Pourtant cette entreprise exploite la plage. Entre 2016 et 2023,<strong> le manque \u00e0 gagner pour la Ville<\/strong> est estim\u00e9 \u00e0 45.000 euros. Le manque \u00e0 gagner pour l\u2019\u00c9tat est \u00e9valu\u00e9 \u00e0 15.000 euros \u00bb, indique Micha\u00ebl H\u00e9bert, directeur g\u00e9n\u00e9ral adjoint des services de Villeneuve-Loubet.<\/p>\n<p class=\"fs-5 \">Depuis 2024, la Ville ne subit plus de perte, puisque les plages entre le parc de Vaugrenier et Marina-Baie-des-Anges ne sont plus conc\u00e9d\u00e9es par l\u2019\u00c9tat \u00e0 Villeneuve-Loubet. En revanche, l\u2019\u00c9tat aurait cumul\u00e9 \u00ab un manque \u00e0 gagner d\u2019environ <strong>20.000 euros pour les \u00e9tablissements<\/strong> du Beach Klubber et de Mombasa Beach (3) \u00bb, souligne Micha\u00ebl H\u00e9bert.<\/p>\n<p class=\"fs-5 \">Contact\u00e9s, le Beach Klubber, le Mombasa Beach et la pr\u00e9fecture des Alpes-Maritimes n\u2019ont pas r\u00e9pondu \u00e0 nos sollicitations.<\/p>\n<p class=\"fs-6\">1. Un contentieux est en cours aupr\u00e8s de la cour administrative d\u2019appel de Marseille.<\/p>\n<p class=\"fs-6\">2. Le \u00ab Beach Klubber \u00bb est le nom commercial de l\u2019entreprise Le Klubbing.<\/p>\n<p class=\"fs-6\">3. Le \u00ab Mombasa Beach \u00bb est le nom commercial de l\u2019entreprise L\u2019Aventure.<\/p>\n","protected":false},"excerpt":{"rendered":"\u00ab Le domaine public maritime serait exploit\u00e9 ill\u00e9galement \u00bb, l\u00e2che le maire de Villeneuve-Loubet, Lionnel Luca. Plusieurs \u00e9tablissements&hellip;\n","protected":false},"author":2,"featured_media":629260,"comment_status":"","ping_status":"","sticky":false,"template":"","format":"standard","meta":{"footnotes":""},"categories":[2819],"tags":[1111,11,1777,674,1011,27,12,2401,882,25],"class_list":{"0":"post-629259","1":"post","2":"type-post","3":"status-publish","4":"format-standard","5":"has-post-thumbnail","7":"category-nice","8":"tag-actu","9":"tag-actualites","10":"tag-eu","11":"tag-europe","12":"tag-fr","13":"tag-france","14":"tag-news","15":"tag-nice","16":"tag-provence-alpes-cote-dazur","17":"tag-republique-francaise"},"share_on_mastodon":{"url":"https:\/\/pubeurope.com\/@fr\/115807094525927046","error":""},"_links":{"self":[{"href":"https:\/\/www.europesays.com\/fr\/wp-json\/wp\/v2\/posts\/629259","targetHints":{"allow":["GET"]}}],"collection":[{"href":"https:\/\/www.europesays.com\/fr\/wp-json\/wp\/v2\/posts"}],"about":[{"href":"https:\/\/www.europesays.com\/fr\/wp-json\/wp\/v2\/types\/post"}],"author":[{"embeddable":true,"href":"https:\/\/www.europesays.com\/fr\/wp-json\/wp\/v2\/users\/2"}],"replies":[{"embeddable":true,"href":"https:\/\/www.europesays.com\/fr\/wp-json\/wp\/v2\/comments?post=629259"}],"version-history":[{"count":0,"href":"https:\/\/www.europesays.com\/fr\/wp-json\/wp\/v2\/posts\/629259\/revisions"}],"wp:featuredmedia":[{"embeddable":true,"href":"https:\/\/www.europesays.com\/fr\/wp-json\/wp\/v2\/media\/629260"}],"wp:attachment":[{"href":"https:\/\/www.europesays.com\/fr\/wp-json\/wp\/v2\/media?parent=629259"}],"wp:term":[{"taxonomy":"category","embeddable":true,"href":"https:\/\/www.europesays.com\/fr\/wp-json\/wp\/v2\/categories?post=629259"},{"taxonomy":"post_tag","embeddable":true,"href":"https:\/\/www.europesays.com\/fr\/wp-json\/wp\/v2\/tags?post=629259"}],"curies":[{"name":"wp","href":"https:\/\/api.w.org\/{rel}","templated":true}]}}