{"id":629261,"date":"2025-12-30T06:26:32","date_gmt":"2025-12-30T06:26:32","guid":{"rendered":"https:\/\/www.europesays.com\/fr\/629261\/"},"modified":"2025-12-30T06:26:32","modified_gmt":"2025-12-30T06:26:32","slug":"claude-puel-de-nouveau-entraineur-du-gym","status":"publish","type":"post","link":"https:\/\/www.europesays.com\/fr\/629261\/","title":{"rendered":"Claude Puel de nouveau entra\u00eeneur du Gym"},"content":{"rendered":"<p class=\"article__intro\">Objectif maintien ! Claude Puel, ancien entra\u00eeneur du Gym entre 2012 et 2016, reprend l&rsquo;\u00e9quipe pour la fin de saison. La t\u00e2che sera compliqu\u00e9e. Malgr\u00e9 la qualification en Coupe de France, les Aiglons sont au fond du trou : 6 d\u00e9faites cons\u00e9cutives en Ligue 1, z\u00e9ro point\u00e9 en Coupe d&rsquo;Europe, conflit avec les supporters&#8230; Le d\u00e9part de Franck Haise \u00e9tait in\u00e9vitable. <\/p>\n<p>\n      L\u2019actu des r\u00e9gions\n    <\/p>\n<p>\n      Chaque jour, un tour d\u2019horizon des principales infos de toutes les r\u00e9gions.\n    <\/p>\n<p>    France T\u00e9l\u00e9visions utilise votre adresse e-mail afin de vous envoyer la newsletter \u00ab\u00a0L\u2019actu des r\u00e9gions\u00a0\u00bb. Vous pouvez vous d\u00e9sinscrire \u00e0 tout moment via le lien en bas de cette newsletter. <a target=\"_blank\" href=\"https:\/\/www.francetelevisions.fr\/groupe\/confidentialite\/politique-de-confidentialite\/politique-de-confidentialite-de-france-televisions-6503\" rel=\"noopener\">Notre politique de confidentialit\u00e9<\/a><\/p>\n<p>\u00c0 l&rsquo;OGC Nice, pas de tr\u00eave des confiseurs pour les f\u00eates de fin d&rsquo;ann\u00e9e. En guise de cadeaux sous le sapin : la sortie de Franck Haise, et le retour de Claude Puel, mi-pompier, mi-p\u00e8re No\u00ebl. D\u00e9j\u00e0 entra\u00eeneur du Gym entre 2012 et 2016, il aura la lourde t\u00e2che de redresser la barre d&rsquo;un navire en pleine d\u00e9rive. Et il a d\u00e9j\u00e0 fix\u00e9 le cap lors de la <a href=\"https:\/\/www.ogcnice.com\/fr\/video\/129678\/la-conference-de-presse-dintronisation-de-claude-puel.html\" target=\"_blank\" rel=\"noopener noreferrer nofollow\" data-tooltip-url=\"https:\/\/www.ogcnice.com\/fr\/video\/129678\/la-conference-de-presse-dintronisation-de-claude-puel.html\">conf\u00e9rence de presse de pr\u00e9sentation<\/a> : \u00ab\u00a0Il est urgent de mettre en place des choses simples. Nous devons aller \u00e0 l&rsquo;essentiel, ne pas se perdre, les joueurs ont besoin de clart\u00e9, pour retrouver de la coh\u00e9sion et de la confiance.\u00a0\u00bb<\/p>\n<p>Dit comme \u00e7a, c&rsquo;est effectivement simple. Et l&rsquo;homme sait de quoi il parle. \u00ab\u00a0Je connais ce genre de situations, je suis pass\u00e9 par l\u00e0 \u00e0 Leicester et \u00e0 Saint-\u00c9tienne. Et j&rsquo;aime ce genre de d\u00e9fis !\u00a0\u00bb Le sexag\u00e9naire ne manque pas d&rsquo;exp\u00e9rience, et a pour autre atout de conna\u00eetre la maison rouge et noire comme s&rsquo;il l&rsquo;avait faite. Sur les quatre saisons pass\u00e9es sur le banc, deux se sont termin\u00e9es aux portes de la champion&rsquo;s league, \u00e0 la quatri\u00e8me place du championnat de France.<\/p>\n<p>\u00c0 en croire Jean-Pierre Riv\u00e8re, la d\u00e9cision de s&rsquo;adresser \u00e0 Claude Puel s&rsquo;est impos\u00e9e d&rsquo;elle-m\u00eame, comme une \u00e9vidence, en quelques heures \u00e0 peine. Il faut dire qu&rsquo;il y a urgence. Et pour le principal int\u00e9ress\u00e9, la r\u00e9ponse a \u00e9t\u00e9 toute aussi rapide. \u00ab\u00a0J&rsquo;ai pris beaucoup de plaisir ici, j&rsquo;ai \u0153uvr\u00e9 avec le pr\u00e9sident pour faire grandir ce club, on a beaucoup travaill\u00e9 sur ce centre d&rsquo;entra\u00eenement, sur les structures&#8230; pour l&rsquo;installer dans le futur. Il reste un petit palier \u00e0 franchir, et on va essayer de le franchir pour installer le club \u00e0 sa vraie place.\u00a0\u00bb<\/p>\n<p><a data-article-figure=\"\" href=\"https:\/\/france3-regions.franceinfo.fr\/image\/RguXNSihoLso5Ae_I3PTDcWIiEQ\/2661x2207\/regions\/2025\/12\/29\/ogc-nice-j-f-ottonello-12122025-69525b81b090f131089590.jpg\" data-pswp-width=\"2661\" data-pswp-height=\"2207\" target=\"_blank\" rel=\"noopener\"><\/p>\n<p>          <img width=\"600\" height=\"400\" class=\"article-image lazy\" data-src=\"https:\/\/www.europesays.com\/fr\/wp-content\/uploads\/2025\/12\/ogc-nice-j-f-ottonello-12122025-69525b81b090f131089590.jpg\" alt=\"Claude Puel de retour sur le banc de l'OGC Nice. Cette fois-ci, il ne pourra pas compter sur Hatem Ben Arfa pour hisser l'\u00e9quipe \u00e0 la 4\u1d49 place du championnat (saison 2015-2016).\" fetchpriority=\"high\" as=\"image\"\/><\/p>\n<p>\n            Claude Puel de retour sur le banc de l&rsquo;OGC Nice. Cette fois-ci, il ne pourra pas compter sur Hatem Ben Arfa pour hisser l&rsquo;\u00e9quipe \u00e0 la 4\u1d49 place du championnat (saison 2015-2016).<br \/>\n                           \u2022<br \/>\n                                      \u00a9 Jean-Fran\u00e7ois OTTONELLO \/ MAXPPP\n                      <\/p>\n<p><\/a><\/p>\n<p>C&rsquo;est bien connu : c&rsquo;est dans les vieux pots qu&rsquo;on fait les meilleures confitures. Maurice Cohen en rigole : \u00ab\u00a0Avec Jean-Pierre [Riv\u00e8re] on s&rsquo;est pr\u00e9sent\u00e9 en mode commando la semaine derni\u00e8re. Notre commando s&rsquo;est agrandi.\u00a0\u00bb Deux ex-pr\u00e9sidents et un ex-entra\u00eeneur. La recette du succ\u00e8s ou petite tambouille entre amis ?<\/p>\n<blockquote class=\"ftvi_content_quote\">\n<p class=\"ftvi_citation_quote\">Pas vraiment rassurant<\/p>\n<\/blockquote>\n<p>Claude Puel le sait, les fans ni\u00e7ois ont parfois la dent dure : \u00ab\u00a0je sais que les supporters peuvent \u00eatre tr\u00e8s exigeants et ils peuvent le manifester tr\u00e8s durement&#8230; Je l&rsquo;ai connu moi aussi. Mais depuis mon d\u00e9part j&rsquo;ai toujours re\u00e7u \u00e9norm\u00e9ment de remerciements et de consid\u00e9ration de la part des Ni\u00e7ois&#8230; C&rsquo;est important. Je sais qu&rsquo;il y a beaucoup d&rsquo;amour pour ce club.\u00a0\u00bb<\/p>\n<p><a data-article-figure=\"\" href=\"https:\/\/france3-regions.franceinfo.fr\/image\/kXkbty9jQLX91LpXJpq6Ky9barI\/2048x1536\/regions\/2025\/12\/29\/whatsapp-image-2025-12-29-at-12-44-11-69527bcf6c1f7401916533.jpg\" data-pswp-width=\"2048\" data-pswp-height=\"1536\" target=\"_blank\" rel=\"noopener\"><\/p>\n<p>          <img width=\"600\" height=\"400\" class=\"article-image lazy\" data-src=\"https:\/\/www.europesays.com\/fr\/wp-content\/uploads\/2025\/12\/whatsapp-image-2025-12-29-at-12-44-11-69527bcf6c1f7401916533.jpg\" alt=\"Claude Puel (au centre), encadr\u00e9 par Jean-Pierre Riv\u00e8re et Maurice Cohen. Deux ex-pr\u00e9sidents autour d'un ex-entra\u00eeneur : le commando de choc pour la deuxi\u00e8me partie de saison de l'OGC Nice.\" fetchpriority=\"high\" as=\"image\"\/><\/p>\n<p>\n            Claude Puel (au centre), encadr\u00e9 par Jean-Pierre Riv\u00e8re et Maurice Cohen. Deux ex-pr\u00e9sidents autour d&rsquo;un ex-entra\u00eeneur : le commando de choc pour la deuxi\u00e8me partie de saison de l&rsquo;OGC Nice.<br \/>\n                           \u2022<br \/>\n                                      \u00a9 FTV\/ E. Arnau\n                      <\/p>\n<p><\/a><\/p>\n<p>De fait, les supporters avaient un peu pris Claude Puel en grippe il y a 10 ans. Ils lui reprochaient notamment une <a href=\"https:\/\/rmcsport.bfmtv.com\/football\/ligue-1\/ingerable-et-pomme-pourrie-quand-rivere-et-puel-ne-s-entendaient-plus-a-nice_AV-202512290290.html#:~:text=Deux%20joueurs%20consid%C3%A9r%C3%A9s%20comme%20%22pas,du%20manque%20de%20moyens%20allou%C3%A9s.\" target=\"_blank\" rel=\"noopener noreferrer nofollow\" data-tooltip-url=\"https:\/\/rmcsport.bfmtv.com\/football\/ligue-1\/ingerable-et-pomme-pourrie-quand-rivere-et-puel-ne-s-entendaient-plus-a-nice_AV-202512290290.html#:~:text=Deux%20joueurs%20consid%C3%A9r%C3%A9s%20comme%20%22pas,du%20manque%20de%20moyens%20allou%C3%A9s.\">forme de favoritisme<\/a> : l&rsquo;entra\u00eeneur avait fait d\u00e9buter ses deux fils en professionnels \u00e0 Nice, malgr\u00e9 des r\u00e9sultats parfois jug\u00e9s insuffisants. C&rsquo;\u00e9tait m\u00eame devenu l&rsquo;objet d&rsquo;un diff\u00e9rend avec la direction du club et cause probable du d\u00e9part de l&rsquo;entra\u00eeneur. <\/p>\n<p>Pour Solange Claude, pr\u00e9sidente du Club des Supporters de l&rsquo;OGC Nice, l&rsquo;une des associations d&rsquo;ultras, le retour de Claude Puel au Gym est une sacr\u00e9e surprise&#8230; \u00ab\u00a0De m\u00e9moire, \u00e7a ne s&rsquo;\u00e9tait pas tr\u00e8s bien termin\u00e9 entre Jean-Pierre Riv\u00e8re, le club et lui&#8230; Notamment sur la gestion de ses fils &#8230; Il est connu pour son c\u00f4t\u00e9 testard et un caract\u00e8re bien tremp\u00e9&#8230; C&rsquo;est peut-\u00eatre ce qu&rsquo;il nous faut&#8230; mais tout de m\u00eame : \u00e7a fait 4 ans qu&rsquo;il n&rsquo;a pas de club, il a \u00e9t\u00e9 vir\u00e9 de Saint-\u00c9tienne\u2026 C&rsquo;est pas vraiment rassurant&#8230;\u00a0\u00bb<\/p>\n<p>Le d\u00e9part de Franck Haise \u00e9tait malheureusement devenu in\u00e9luctable. \u00ab\u00a0Lors du match de coupe face \u00e0 Saint-\u00c9tienne, j&rsquo;ai r\u00e9alis\u00e9 que le mal \u00e9tait plus profond que ce que j&rsquo;imaginais,\u00a0\u00bb confie Jean-Pierre Riv\u00e8re. \u00ab\u00a0Franck est quelqu&rsquo;un que j&rsquo;appr\u00e9cie beaucoup sur le plan de ses comp\u00e9tences mais \u00e9galement humainement. Nous sommes arriv\u00e9s \u00e0 la conclusion qu&rsquo;il fallait que le chemin s&rsquo;arr\u00eate.\u00a0\u00bb<\/p>\n<p>Les supporters aussi se sont fait une raison. \u00ab\u00a0Je suis triste pour lui mais je sais qu&rsquo;il va rebondir,\u00a0\u00bb affirme Solange Claude. \u00ab\u00a0Il a sem\u00e9 le trouble lui-m\u00eame avec sa communication. Il n&rsquo;a pas parl\u00e9 quand il aurait d\u00fb, ensuite il en a trop dit, puis il s&rsquo;est fait recadrer par l&rsquo;actionnaire et a fini par dire qu&rsquo;il ne parlerait plus. Mais c&rsquo;est une tr\u00e8s belle personne.\u00a0\u00bb  <\/p>\n<p>Cette annonce rapide laisse tout de m\u00eame un espoir : celui de mener \u00e0 bien un mercato hivernal, lui aussi en mode commando. Les d\u00e9parts annonc\u00e9s de J\u00e9r\u00e9my Boga et Terem Moffi, suite aux d\u00e9m\u00eal\u00e9s avec les supporters, ne sont toujours pas act\u00e9s. Mais il faut de toute fa\u00e7on songer \u00e0 renforcer l&rsquo;\u00e9quipe.<\/p>\n<p>Apr\u00e8s Claude Puel, entra\u00eeneur de 2012 \u00e0 2016, Maurice Cohen, pr\u00e9sident de 2002 \u00e0 2009 et Jean-Pierre Riv\u00e8re, \u00e9ternel futur ex-pr\u00e9sident, il faudra peut-\u00eatre regarder du c\u00f4t\u00e9 des anciennes gloires de l&rsquo;\u00e9quipe pour redonner de l&rsquo;espoir. Pourquoi pas une attaque <a href=\"https:\/\/www.youtube.com\/watch?v=b-V7KeaWZXg\" target=\"_blank\" rel=\"noopener noreferrer nofollow\" data-tooltip-url=\"https:\/\/www.youtube.com\/watch?v=b-V7KeaWZXg\">Hatem Ben Arfa<\/a> (2015-2016), <a href=\"https:\/\/www.youtube.com\/watch?v=HN9jAk5F3AM\" target=\"_blank\" rel=\"noopener noreferrer nofollow\" data-tooltip-url=\"https:\/\/www.youtube.com\/watch?v=HN9jAk5F3AM\">Mario Balotelli<\/a> (2016-2019) et <a href=\"https:\/\/www.ogcnice.com\/fr\/fiche\/2800\/roby-langers.html\" target=\"_blank\" rel=\"noopener noreferrer nofollow\" data-tooltip-url=\"https:\/\/www.ogcnice.com\/fr\/fiche\/2800\/roby-langers.html\">Roby Langers<\/a> (1989-1991)&#8230; \u00e7a aurait le m\u00e9rite d&rsquo;avoir de l&rsquo;allure !<\/p>\n","protected":false},"excerpt":{"rendered":"Objectif maintien ! Claude Puel, ancien entra\u00eeneur du Gym entre 2012 et 2016, reprend l&rsquo;\u00e9quipe pour la fin&hellip;\n","protected":false},"author":2,"featured_media":629262,"comment_status":"","ping_status":"","sticky":false,"template":"","format":"standard","meta":{"footnotes":""},"categories":[2819],"tags":[1111,11,1777,674,1011,27,12,2401,882,25],"class_list":{"0":"post-629261","1":"post","2":"type-post","3":"status-publish","4":"format-standard","5":"has-post-thumbnail","7":"category-nice","8":"tag-actu","9":"tag-actualites","10":"tag-eu","11":"tag-europe","12":"tag-fr","13":"tag-france","14":"tag-news","15":"tag-nice","16":"tag-provence-alpes-cote-dazur","17":"tag-republique-francaise"},"share_on_mastodon":{"url":"https:\/\/pubeurope.com\/@fr\/115807098119276541","error":""},"_links":{"self":[{"href":"https:\/\/www.europesays.com\/fr\/wp-json\/wp\/v2\/posts\/629261","targetHints":{"allow":["GET"]}}],"collection":[{"href":"https:\/\/www.europesays.com\/fr\/wp-json\/wp\/v2\/posts"}],"about":[{"href":"https:\/\/www.europesays.com\/fr\/wp-json\/wp\/v2\/types\/post"}],"author":[{"embeddable":true,"href":"https:\/\/www.europesays.com\/fr\/wp-json\/wp\/v2\/users\/2"}],"replies":[{"embeddable":true,"href":"https:\/\/www.europesays.com\/fr\/wp-json\/wp\/v2\/comments?post=629261"}],"version-history":[{"count":0,"href":"https:\/\/www.europesays.com\/fr\/wp-json\/wp\/v2\/posts\/629261\/revisions"}],"wp:featuredmedia":[{"embeddable":true,"href":"https:\/\/www.europesays.com\/fr\/wp-json\/wp\/v2\/media\/629262"}],"wp:attachment":[{"href":"https:\/\/www.europesays.com\/fr\/wp-json\/wp\/v2\/media?parent=629261"}],"wp:term":[{"taxonomy":"category","embeddable":true,"href":"https:\/\/www.europesays.com\/fr\/wp-json\/wp\/v2\/categories?post=629261"},{"taxonomy":"post_tag","embeddable":true,"href":"https:\/\/www.europesays.com\/fr\/wp-json\/wp\/v2\/tags?post=629261"}],"curies":[{"name":"wp","href":"https:\/\/api.w.org\/{rel}","templated":true}]}}