{"id":629265,"date":"2025-12-30T06:29:09","date_gmt":"2025-12-30T06:29:09","guid":{"rendered":"https:\/\/www.europesays.com\/fr\/629265\/"},"modified":"2025-12-30T06:29:09","modified_gmt":"2025-12-30T06:29:09","slug":"floirac-magie-de-noel-musique-et-cadeaux","status":"publish","type":"post","link":"https:\/\/www.europesays.com\/fr\/629265\/","title":{"rendered":"Floirac. Magie de No\u00ebl : musique et cadeaux"},"content":{"rendered":"<p>La magie des f\u00eates s\u2019est empar\u00e9e de Floirac dimanche 21 d\u00e9cembre. En pr\u00e9ambule, un charmant concert a ravi l\u2019assistance : Marie \u00e0 la harpe, Fanny au piano, Juliette \u00e0 la guitare, Ariane \u00e0 la clarinette et Marie \u00e0 l\u2019accord\u00e9on ont offert un spectacle musical tr\u00e8s appr\u00e9ci\u00e9. Apr\u00e8s ces douces notes, le p\u00e8re No\u00ebl a fait son entr\u00e9e tant attendue, les bras charg\u00e9s de surprises pour les douze enfants de moins de 10 ans du village.<\/p>\n<p>L\u2019apr\u00e8s-midi s\u2019est achev\u00e9 dans la convivialit\u00e9, r\u00e9unissant tous les habitants autour d\u2019une d\u00e9licieuse b\u00fbche de No\u00ebl. Un moment de partage inoubliable pour les Floiracois venus nombreux.<\/p>\n","protected":false},"excerpt":{"rendered":"La magie des f\u00eates s\u2019est empar\u00e9e de Floirac dimanche 21 d\u00e9cembre. En pr\u00e9ambule, un charmant concert a ravi&hellip;\n","protected":false},"author":2,"featured_media":629266,"comment_status":"","ping_status":"","sticky":false,"template":"","format":"standard","meta":{"footnotes":""},"categories":[2817],"tags":[1111,11,1063,1997,872,1777,674,17077,1011,27,20064,12,2219,25],"class_list":{"0":"post-629265","1":"post","2":"type-post","3":"status-publish","4":"format-standard","5":"has-post-thumbnail","7":"category-bordeaux","8":"tag-actu","9":"tag-actualites","10":"tag-animations","11":"tag-bordeaux","12":"tag-culture-et-loisirs","13":"tag-eu","14":"tag-europe","15":"tag-floirac","16":"tag-fr","17":"tag-france","18":"tag-lot","19":"tag-news","20":"tag-nouvelle-aquitaine","21":"tag-republique-francaise"},"share_on_mastodon":{"url":"https:\/\/pubeurope.com\/@fr\/115807110107832763","error":""},"_links":{"self":[{"href":"https:\/\/www.europesays.com\/fr\/wp-json\/wp\/v2\/posts\/629265","targetHints":{"allow":["GET"]}}],"collection":[{"href":"https:\/\/www.europesays.com\/fr\/wp-json\/wp\/v2\/posts"}],"about":[{"href":"https:\/\/www.europesays.com\/fr\/wp-json\/wp\/v2\/types\/post"}],"author":[{"embeddable":true,"href":"https:\/\/www.europesays.com\/fr\/wp-json\/wp\/v2\/users\/2"}],"replies":[{"embeddable":true,"href":"https:\/\/www.europesays.com\/fr\/wp-json\/wp\/v2\/comments?post=629265"}],"version-history":[{"count":0,"href":"https:\/\/www.europesays.com\/fr\/wp-json\/wp\/v2\/posts\/629265\/revisions"}],"wp:featuredmedia":[{"embeddable":true,"href":"https:\/\/www.europesays.com\/fr\/wp-json\/wp\/v2\/media\/629266"}],"wp:attachment":[{"href":"https:\/\/www.europesays.com\/fr\/wp-json\/wp\/v2\/media?parent=629265"}],"wp:term":[{"taxonomy":"category","embeddable":true,"href":"https:\/\/www.europesays.com\/fr\/wp-json\/wp\/v2\/categories?post=629265"},{"taxonomy":"post_tag","embeddable":true,"href":"https:\/\/www.europesays.com\/fr\/wp-json\/wp\/v2\/tags?post=629265"}],"curies":[{"name":"wp","href":"https:\/\/api.w.org\/{rel}","templated":true}]}}