{"id":629273,"date":"2025-12-30T06:34:11","date_gmt":"2025-12-30T06:34:11","guid":{"rendered":"https:\/\/www.europesays.com\/fr\/629273\/"},"modified":"2025-12-30T06:34:11","modified_gmt":"2025-12-30T06:34:11","slug":"previsions-du-mardi-30-decembre-2025-4","status":"publish","type":"post","link":"https:\/\/www.europesays.com\/fr\/629273\/","title":{"rendered":"pr\u00e9visions du mardi 30 d\u00e9cembre 2025"},"content":{"rendered":"<p>La grisaille ne se dissipe toujours pas, il va y avoir encore des nuages aujourd&rsquo;hui. On anticipe pour Lille des valeurs d&rsquo;environ 5\u00b0C. Une modeste brise de nord-est sera ressentie par les habitants. Le soleil peinera \u00e0 percer au milieu des nuages qui subsisteront dans la matin\u00e9e. Les temp\u00e9ratures seront de 5\u00b0C. L&rsquo;apr\u00e8s-midi va rester voil\u00e9 \u00e0 cause de nuages qui se maintiennent dans le ciel. Il va pleuvoir. L&rsquo;hiver se fait sentir : les temp\u00e9ratures afficheront entre 4 et 7\u00b0C. Des \u00e9claircies sont pr\u00e9vues : on passera une soir\u00e9e agr\u00e9able. Le passage de mardi \u00e0 mercredi s&rsquo;effectuera sous un ciel d\u00e9pourvu de nuages.<\/p>\n<p>Demain, une baisse des temp\u00e9ratures, en accord avec la p\u00e9riode hivernale, est attendue \u00e0 Lille. Le thermom\u00e8tre affichera 4\u00b0C en moyenne. Le matin, le vent va peu \u00e0 peu \u00e9loigner la grisaille. Il fera en moyenne 2\u00b0C. Un vent d&rsquo;ouest soufflera l\u00e9g\u00e8rement. Malheureusement, il y aura encore des nuages demain apr\u00e8s-midi. Du mauvais temps est \u00e0 pr\u00e9voir. Des pluies \u00e9parses vont tomber. Les valeurs s&rsquo;\u00e9chelonneront entre 3 et 6\u00b0C, un temps vraiment de saison. Le ciel va quelque peu se d\u00e9gager dans la soir\u00e9e avec des \u00e9claircies. Une l\u00e9g\u00e8re brise d&rsquo;ouest soufflera.<\/p>\n<p>Le temps sera pluvieux jeudi mais il conna\u00eetra une am\u00e9lioration vendredi.<\/p>\n<p><\/p>\n","protected":false},"excerpt":{"rendered":"La grisaille ne se dissipe toujours pas, il va y avoir encore des nuages aujourd&rsquo;hui. On anticipe pour&hellip;\n","protected":false},"author":2,"featured_media":629274,"comment_status":"","ping_status":"","sticky":false,"template":"","format":"standard","meta":{"footnotes":""},"categories":[2815],"tags":[1111,11,1777,674,1011,27,811,1307,12,2119,25],"class_list":{"0":"post-629273","1":"post","2":"type-post","3":"status-publish","4":"format-standard","5":"has-post-thumbnail","7":"category-lille","8":"tag-actu","9":"tag-actualites","10":"tag-eu","11":"tag-europe","12":"tag-fr","13":"tag-france","14":"tag-hauts-de-france","15":"tag-lille","16":"tag-news","17":"tag-previsions-meteo","18":"tag-republique-francaise"},"share_on_mastodon":{"url":"https:\/\/pubeurope.com\/@fr\/115807129699871698","error":""},"_links":{"self":[{"href":"https:\/\/www.europesays.com\/fr\/wp-json\/wp\/v2\/posts\/629273","targetHints":{"allow":["GET"]}}],"collection":[{"href":"https:\/\/www.europesays.com\/fr\/wp-json\/wp\/v2\/posts"}],"about":[{"href":"https:\/\/www.europesays.com\/fr\/wp-json\/wp\/v2\/types\/post"}],"author":[{"embeddable":true,"href":"https:\/\/www.europesays.com\/fr\/wp-json\/wp\/v2\/users\/2"}],"replies":[{"embeddable":true,"href":"https:\/\/www.europesays.com\/fr\/wp-json\/wp\/v2\/comments?post=629273"}],"version-history":[{"count":0,"href":"https:\/\/www.europesays.com\/fr\/wp-json\/wp\/v2\/posts\/629273\/revisions"}],"wp:featuredmedia":[{"embeddable":true,"href":"https:\/\/www.europesays.com\/fr\/wp-json\/wp\/v2\/media\/629274"}],"wp:attachment":[{"href":"https:\/\/www.europesays.com\/fr\/wp-json\/wp\/v2\/media?parent=629273"}],"wp:term":[{"taxonomy":"category","embeddable":true,"href":"https:\/\/www.europesays.com\/fr\/wp-json\/wp\/v2\/categories?post=629273"},{"taxonomy":"post_tag","embeddable":true,"href":"https:\/\/www.europesays.com\/fr\/wp-json\/wp\/v2\/tags?post=629273"}],"curies":[{"name":"wp","href":"https:\/\/api.w.org\/{rel}","templated":true}]}}