{"id":629277,"date":"2025-12-30T06:36:47","date_gmt":"2025-12-30T06:36:47","guid":{"rendered":"https:\/\/www.europesays.com\/fr\/629277\/"},"modified":"2025-12-30T06:36:47","modified_gmt":"2025-12-30T06:36:47","slug":"ludi-apporte-son-soutien-a-martine-vassal","status":"publish","type":"post","link":"https:\/\/www.europesays.com\/fr\/629277\/","title":{"rendered":"l&rsquo;UDI apporte son soutien \u00e0 Martine Vassal"},"content":{"rendered":"<p>\n    Candidate au scrutin municipal pour la droite, Martine Vassal a \u00e9galement \u00e9t\u00e9 investie par Renaissance, LR et Horizons.<\/p>\n<p class=\"fig-paragraph\">Apr\u00e8s Renaissance, LR et\u00a0<a href=\"http:\/\/www.lefigaro.fr\/marseille\/municipales-2026-a-marseille-martine-vassal-investie-par-horizons-20251105\" data-fig-type=\"NewsFlash\" data-gtm-custom-categorie=\"navigation\" data-gtm-custom-action=\"crossclick\" data-gtm-custom-label=\"Contextuel\" data-gtm-event=\"customEventSPE\" data-fig-domain=\"LEFIGARO\" target=\"_blank\" rel=\"noopener\">Horizons<\/a>, l&rsquo;Union des d\u00e9mocrates et ind\u00e9pendants (UDI) adoube \u00e0 son tour la candidate de la droite et du centre aux \u00e9lections municipales de Marseille, Martine Vassal, a annonc\u00e9 le parti de centre droit dans un communiqu\u00e9 publi\u00e9 lundi.<\/p>\n<p class=\"fig-paragraph\">\u00abDans le cadre des municipales de mars 2026, l&rsquo;UDI apporte son soutien \u00e0 Martine Vassal pour Marseille\u00bb, \u00e9crit le parti sur\u00a0<a href=\"https:\/\/x.com\/UDI_off\/status\/2005564454147420180\" target=\"_blank\" rel=\"sponsored noopener\" data-gtm-custom-categorie=\"navigation\" data-gtm-custom-action=\"crossclick\" data-gtm-custom-label=\"Contextuel\" data-gtm-event=\"customEventSPE\">X<\/a>. \u00abNotre mouvement affirme sa volont\u00e9 de rassembler le centre et la droite autour d&rsquo;un projet pour la deuxi\u00e8me ville de France fond\u00e9 sur le respect des libert\u00e9s fondamentales, la fraternit\u00e9, la justice territoriale, la cr\u00e9ativit\u00e9 et la prosp\u00e9rit\u00e9 partag\u00e9e\u00bb, ajoute le parti pr\u00e9sid\u00e9 par Herv\u00e9 Marseille, chef de file des s\u00e9nateurs centristes.<\/p>\n<p>                                            <a class=\"fig-a11y-skip\" href=\"#fig-a11y-skip-main-inarticle\" data-module=\"a11y-skip\" data-context=\"was @visible\"><br \/>\n    Passer la publicit\u00e9<br \/>\n<\/a>            <\/p>\n<p>                                            Sondages serr\u00e9s<\/p>\n<p class=\"fig-paragraph\">Cette annonce intervient un mois\u00a0<a href=\"http:\/\/www.lefigaro.fr\/marseille\/on-verra-a-ce-moment-la-martine-vassal-ne-ferme-pas-la-porte-a-un-accord-avec-le-rn-pour-le-second-tour-des-municipales-a-marseille-20251201\" data-fig-type=\"NewsFlash\" data-gtm-custom-categorie=\"navigation\" data-gtm-custom-action=\"crossclick\" data-gtm-custom-label=\"Contextuel\" data-gtm-event=\"customEventSPE\" data-fig-domain=\"LEFIGARO\" target=\"_blank\" rel=\"noopener\">apr\u00e8s les propos pol\u00e9miques de Martine Vassal<\/a>, qui avait esquiv\u00e9 une question sur une possible alliance avec le RN au second tour lors d&rsquo;une interview. Face \u00e0 l&#8217;emballement, l&rsquo;actuelle pr\u00e9sidente du d\u00e9partement des Bouches-du-Rh\u00f4ne et de la m\u00e9tropole d\u2019Aix-Marseille-Provence, qui avait essuy\u00e9 une cuisante d\u00e9faite en 2020, avait clarifi\u00e9 son propos\u00a0: \u00aben aucun cas il n&rsquo;a \u00e9t\u00e9 question d&rsquo;une alliance avec les extr\u00eames, que j&rsquo;ai combattus pendant toute ma vie politique!\u00bb, avait-elle \u00e9crit sur\u00a0<a href=\"https:\/\/x.com\/MartineVassal\/status\/1995438595667034504\" target=\"_blank\" rel=\"sponsored noopener\" data-gtm-custom-categorie=\"navigation\" data-gtm-custom-action=\"crossclick\" data-gtm-custom-label=\"Contextuel\" data-gtm-event=\"customEventSPE\">X<\/a>.<\/p>\n<p class=\"fig-paragraph\">Marseille sera l&rsquo;un des points chauds des municipales avec comme principaux candidats face \u00e0 Martine Vassal, le d\u00e9put\u00e9 RN\u00a0<a href=\"http:\/\/www.lefigaro.fr\/marseille\/municipales-a-marseille-et-si-le-rn-gagnait-20251213\" data-fig-type=\"Article\" data-gtm-custom-categorie=\"navigation\" data-gtm-custom-action=\"crossclick\" data-gtm-custom-label=\"Contextuel\" data-gtm-event=\"customEventSPE\" data-fig-domain=\"LEFIGARO\" target=\"_blank\" rel=\"noopener\">Franck Allisio<\/a>\u00a0et le d\u00e9put\u00e9 LFI\u00a0<a href=\"http:\/\/www.lefigaro.fr\/marseille\/marseille-sebastien-delogu-vise-par-une-plainte-en-diffamation-de-la-metropole-20251226\" data-fig-type=\"NewsFlash\" data-gtm-custom-categorie=\"navigation\" data-gtm-custom-action=\"crossclick\" data-gtm-custom-label=\"Contextuel\" data-gtm-event=\"customEventSPE\" data-fig-domain=\"LEFIGARO\" target=\"_blank\" rel=\"noopener\">S\u00e9bastien Delogu<\/a>. Le maire divers gauche Beno\u00eet Payan, \u00e0 la t\u00eate d&rsquo;une coalition de gauche, \u00e9cologiste et citoyenne, n&rsquo;a lui pas encore officialis\u00e9 sa candidature, qui fait toutefois peu de doute. Les derniers sondages donnent Payan, Vassal et Allisio dans une fourchette souvent proche de la marge d&rsquo;erreur. Les \u00e9ventuelles alliances ou d\u00e9sistements sont donc au centre des sp\u00e9culations.<\/p>\n","protected":false},"excerpt":{"rendered":"Candidate au scrutin municipal pour la droite, Martine Vassal a \u00e9galement \u00e9t\u00e9 investie par Renaissance, LR et Horizons.&hellip;\n","protected":false},"author":2,"featured_media":629278,"comment_status":"","ping_status":"","sticky":false,"template":"","format":"standard","meta":{"footnotes":""},"categories":[2814],"tags":[1111,11,6469,4188,1777,674,1011,27,884,21363,12,882,25],"class_list":{"0":"post-629277","1":"post","2":"type-post","3":"status-publish","4":"format-standard","5":"has-post-thumbnail","7":"category-marseille","8":"tag-actu","9":"tag-actualites","10":"tag-benoit-payan","11":"tag-elections-municipales","12":"tag-eu","13":"tag-europe","14":"tag-fr","15":"tag-france","16":"tag-marseille","17":"tag-martine-vassal","18":"tag-news","19":"tag-provence-alpes-cote-dazur","20":"tag-republique-francaise"},"share_on_mastodon":{"url":"https:\/\/pubeurope.com\/@fr\/115807141411890483","error":""},"_links":{"self":[{"href":"https:\/\/www.europesays.com\/fr\/wp-json\/wp\/v2\/posts\/629277","targetHints":{"allow":["GET"]}}],"collection":[{"href":"https:\/\/www.europesays.com\/fr\/wp-json\/wp\/v2\/posts"}],"about":[{"href":"https:\/\/www.europesays.com\/fr\/wp-json\/wp\/v2\/types\/post"}],"author":[{"embeddable":true,"href":"https:\/\/www.europesays.com\/fr\/wp-json\/wp\/v2\/users\/2"}],"replies":[{"embeddable":true,"href":"https:\/\/www.europesays.com\/fr\/wp-json\/wp\/v2\/comments?post=629277"}],"version-history":[{"count":0,"href":"https:\/\/www.europesays.com\/fr\/wp-json\/wp\/v2\/posts\/629277\/revisions"}],"wp:featuredmedia":[{"embeddable":true,"href":"https:\/\/www.europesays.com\/fr\/wp-json\/wp\/v2\/media\/629278"}],"wp:attachment":[{"href":"https:\/\/www.europesays.com\/fr\/wp-json\/wp\/v2\/media?parent=629277"}],"wp:term":[{"taxonomy":"category","embeddable":true,"href":"https:\/\/www.europesays.com\/fr\/wp-json\/wp\/v2\/categories?post=629277"},{"taxonomy":"post_tag","embeddable":true,"href":"https:\/\/www.europesays.com\/fr\/wp-json\/wp\/v2\/tags?post=629277"}],"curies":[{"name":"wp","href":"https:\/\/api.w.org\/{rel}","templated":true}]}}