{"id":629279,"date":"2025-12-30T06:37:12","date_gmt":"2025-12-30T06:37:12","guid":{"rendered":"https:\/\/www.europesays.com\/fr\/629279\/"},"modified":"2025-12-30T06:37:12","modified_gmt":"2025-12-30T06:37:12","slug":"lyon-aux-halles-paul-bocuse-un-repas-de-fete-pour-quatre-a-moins-de-120-e-mission-possible","status":"publish","type":"post","link":"https:\/\/www.europesays.com\/fr\/629279\/","title":{"rendered":"Lyon. Aux Halles Paul-Bocuse, un repas de f\u00eate pour quatre \u00e0 moins de 120\u00a0\u20ac\u00a0: mission possible"},"content":{"rendered":"<p>Sous les verri\u00e8res des Halles Paul-Bocuse, l\u2019image est tenace\u00a0: un temple de la gastronomie r\u00e9serv\u00e9 aux grandes occasions et aux gros budgets.<\/p>\n<p>Panier \u00e0 la main et calculatrice en t\u00eate, nous avons voulu v\u00e9rifier s\u2019il \u00e9tait possible d\u2019y pr\u00e9parer un v\u00e9ritable repas de f\u00eate pour quatre personnes sans d\u00e9passer les 120\u00a0euros.<\/p>\n<p>Boudin blanc et pommes r\u00f4ties pour l\u2019entr\u00e9e<\/p>\n<p>D\u00e8s l\u2019entr\u00e9e, la chaleur enveloppe, des effluves de beurre chaud, de volailles r\u00f4ties, de fromages affin\u00e9s se superposent. \u00ab\u00a0Ici, c\u2019est festif, joyeux, \u00e7a sort de la morosit\u00e9\u00a0\u00bb, sourit Claude Polidori, pr\u00e9sident des Halles. Il plante le d\u00e9cor\u00a0: \u00ab\u00a056 commer\u00e7ants, dont 15 restaurants en vente et d\u00e9gustation, 12\u00a0000\u00a0m\u00b2, plus de 500 personnes qui travaillent ici. Ce sont les plus&#8230;<\/p>\n","protected":false},"excerpt":{"rendered":"Sous les verri\u00e8res des Halles Paul-Bocuse, l\u2019image est tenace\u00a0: un temple de la gastronomie r\u00e9serv\u00e9 aux grandes occasions&hellip;\n","protected":false},"author":2,"featured_media":629280,"comment_status":"","ping_status":"","sticky":false,"template":"","format":"standard","meta":{"footnotes":""},"categories":[1889],"tags":[1111,11,1477,2430,4406,33,2757,1777,674,107,1011,27,2428,2756,6016,12,25,2429,4604,273,3151],"class_list":{"0":"post-629279","1":"post","2":"type-post","3":"status-publish","4":"format-standard","5":"has-post-thumbnail","7":"category-lyon","8":"tag-actu","9":"tag-actualites","10":"tag-artisanat","11":"tag-auvergne-rhone-alpes","12":"tag-commerce-et-services","13":"tag-economie","14":"tag-edition-lyon-villeurbanne","15":"tag-eu","16":"tag-europe","17":"tag-fil-info","18":"tag-fr","19":"tag-france","20":"tag-lyon","21":"tag-lyon-bassin","22":"tag-magazine-cuisine-et-vins","23":"tag-news","24":"tag-republique-francaise","25":"tag-rhone","26":"tag-selection-abonne","27":"tag-selection-de-la-redaction","28":"tag-selection-de-la-redaction-69"},"share_on_mastodon":{"url":"https:\/\/pubeurope.com\/@fr\/115807141485781514","error":""},"_links":{"self":[{"href":"https:\/\/www.europesays.com\/fr\/wp-json\/wp\/v2\/posts\/629279","targetHints":{"allow":["GET"]}}],"collection":[{"href":"https:\/\/www.europesays.com\/fr\/wp-json\/wp\/v2\/posts"}],"about":[{"href":"https:\/\/www.europesays.com\/fr\/wp-json\/wp\/v2\/types\/post"}],"author":[{"embeddable":true,"href":"https:\/\/www.europesays.com\/fr\/wp-json\/wp\/v2\/users\/2"}],"replies":[{"embeddable":true,"href":"https:\/\/www.europesays.com\/fr\/wp-json\/wp\/v2\/comments?post=629279"}],"version-history":[{"count":0,"href":"https:\/\/www.europesays.com\/fr\/wp-json\/wp\/v2\/posts\/629279\/revisions"}],"wp:featuredmedia":[{"embeddable":true,"href":"https:\/\/www.europesays.com\/fr\/wp-json\/wp\/v2\/media\/629280"}],"wp:attachment":[{"href":"https:\/\/www.europesays.com\/fr\/wp-json\/wp\/v2\/media?parent=629279"}],"wp:term":[{"taxonomy":"category","embeddable":true,"href":"https:\/\/www.europesays.com\/fr\/wp-json\/wp\/v2\/categories?post=629279"},{"taxonomy":"post_tag","embeddable":true,"href":"https:\/\/www.europesays.com\/fr\/wp-json\/wp\/v2\/tags?post=629279"}],"curies":[{"name":"wp","href":"https:\/\/api.w.org\/{rel}","templated":true}]}}