{"id":629283,"date":"2025-12-30T06:40:09","date_gmt":"2025-12-30T06:40:09","guid":{"rendered":"https:\/\/www.europesays.com\/fr\/629283\/"},"modified":"2025-12-30T06:40:09","modified_gmt":"2025-12-30T06:40:09","slug":"ici-cest-parfait-il-y-a-un-coin-pour-se-rechauffer-la-prefecture-dile-de-france-heberge-des-femmes-a-la-rue","status":"publish","type":"post","link":"https:\/\/www.europesays.com\/fr\/629283\/","title":{"rendered":"\u00ab\u00a0Ici, c\u2019est parfait. Il y a un coin pour se r\u00e9chauffer\u00a0\u00bb\u00a0: la pr\u00e9fecture d\u2019\u00cele-de-France h\u00e9berge des femmes \u00e0 la rue"},"content":{"rendered":"<p class=\"paragraph text_align_left lp-f-body-02\">Une fillette, son cartable rose et violet sur le dos, attrape un g\u00e2teau et une boisson chaude. Elle tient la main d\u2019une femme, le visage \u00e9puis\u00e9, en doudoune grise. Une autre reste dans sa bulle, les yeux riv\u00e9s sur son portable. Plusieurs autres arrivent les unes apr\u00e8s les autres dans ce centre d\u2019accueil inhabituel.<\/p>\n<p class=\"\">Sous ses hauts plafonds pr\u00e9vus pour abriter les r\u00e9unions de la pr\u00e9fecture d\u2019\u00cele-de-France, dans le XVe arrondissement de Paris, soixante couchages sont align\u00e9s ainsi que quelques lits parapluies pour accueillir de petits enfants, depuis le lundi 29 d\u00e9cembre, alors que le plan grand froid a \u00e9t\u00e9 d\u00e9clench\u00e9 la veille.<\/p>\n","protected":false},"excerpt":{"rendered":"Une fillette, son cartable rose et violet sur le dos, attrape un g\u00e2teau et une boisson chaude. Elle&hellip;\n","protected":false},"author":2,"featured_media":629284,"comment_status":"","ping_status":"","sticky":false,"template":"","format":"standard","meta":{"footnotes":""},"categories":[1592],"tags":[1111,11,1777,674,1011,27,662,1944,12,626,25,104],"class_list":{"0":"post-629283","1":"post","2":"type-post","3":"status-publish","4":"format-standard","5":"has-post-thumbnail","7":"category-ile-de-france","8":"tag-actu","9":"tag-actualites","10":"tag-eu","11":"tag-europe","12":"tag-fr","13":"tag-france","14":"tag-ile-de-france","15":"tag-ma-ville","16":"tag-news","17":"tag-paris","18":"tag-republique-francaise","19":"tag-societe"},"share_on_mastodon":{"url":"https:\/\/pubeurope.com\/@fr\/115807153448987718","error":""},"_links":{"self":[{"href":"https:\/\/www.europesays.com\/fr\/wp-json\/wp\/v2\/posts\/629283","targetHints":{"allow":["GET"]}}],"collection":[{"href":"https:\/\/www.europesays.com\/fr\/wp-json\/wp\/v2\/posts"}],"about":[{"href":"https:\/\/www.europesays.com\/fr\/wp-json\/wp\/v2\/types\/post"}],"author":[{"embeddable":true,"href":"https:\/\/www.europesays.com\/fr\/wp-json\/wp\/v2\/users\/2"}],"replies":[{"embeddable":true,"href":"https:\/\/www.europesays.com\/fr\/wp-json\/wp\/v2\/comments?post=629283"}],"version-history":[{"count":0,"href":"https:\/\/www.europesays.com\/fr\/wp-json\/wp\/v2\/posts\/629283\/revisions"}],"wp:featuredmedia":[{"embeddable":true,"href":"https:\/\/www.europesays.com\/fr\/wp-json\/wp\/v2\/media\/629284"}],"wp:attachment":[{"href":"https:\/\/www.europesays.com\/fr\/wp-json\/wp\/v2\/media?parent=629283"}],"wp:term":[{"taxonomy":"category","embeddable":true,"href":"https:\/\/www.europesays.com\/fr\/wp-json\/wp\/v2\/categories?post=629283"},{"taxonomy":"post_tag","embeddable":true,"href":"https:\/\/www.europesays.com\/fr\/wp-json\/wp\/v2\/tags?post=629283"}],"curies":[{"name":"wp","href":"https:\/\/api.w.org\/{rel}","templated":true}]}}