{"id":629289,"date":"2025-12-30T06:43:10","date_gmt":"2025-12-30T06:43:10","guid":{"rendered":"https:\/\/www.europesays.com\/fr\/629289\/"},"modified":"2025-12-30T06:43:10","modified_gmt":"2025-12-30T06:43:10","slug":"le-futur-nest-pas-ecrit-lenigmatique-message-danne-hidalgo-pour-ses-derniers-voeux-en-tant-que-maire-de-paris","status":"publish","type":"post","link":"https:\/\/www.europesays.com\/fr\/629289\/","title":{"rendered":"\u00ab\u00a0Le futur n\u2019est pas \u00e9crit\u00a0\u00bb\u00a0: l\u2019\u00e9nigmatique message d\u2019Anne Hidalgo pour ses derniers v\u0153ux en tant que maire de Paris"},"content":{"rendered":"<p class=\"paragraph text_align_left lp-f-body-02\">Elle se plie \u00e0 l\u2019exercice depuis 12 ans. \u00c0 chaque nouvelle ann\u00e9e, le 1er janvier rime avec \u00ab v\u0153ux \u00bb. Des v\u0153ux qui cette fois ont un \u00e9cho tout particulier pour <a href=\"https:\/\/www.leparisien.fr\/politique\/anne-hidalgo\/\" target=\"_self\" rel=\"noopener\">Anne Hidalgo<\/a>, qui quittera la mairie de <a href=\"https:\/\/www.leparisien.fr\/paris-75\/\" target=\"_self\" rel=\"noopener\">Paris<\/a> en mars prochain, \u00e0 l\u2019issue des <a href=\"https:\/\/www.leparisien.fr\/elections\/municipales\/municipales-paris\/\" target=\"_self\" rel=\"noopener\">\u00e9lections municipales<\/a>.<\/p>\n<p class=\"\">L\u2019\u00e9dile ayant annonc\u00e9 il y a plusieurs mois <a href=\"https:\/\/www.leparisien.fr\/paris-75\/anne-hidalgo-annonce-quelle-ne-se-representera-pas-a-un-troisieme-mandat-a-la-mairie-de-paris-26-11-2024-BG7URZFH3RBJFA6HQXSZMWXOAA.php\" target=\"_self\" rel=\"noopener\">qu\u2019elle ne se repr\u00e9senterait pas pour un troisi\u00e8me mandat<\/a>, il s\u2019agit donc de la derni\u00e8re carte de v\u0153u de la socialiste, en poste depuis 2014. Cette ann\u00e9e, Anne Hidalgo a choisi un visuel dessin\u00e9 par l\u2019artiste am\u00e9ricain Shepard Fairey, <a href=\"https:\/\/www.leparisien.fr\/culture-loisirs\/expositions\/obey-seth-ou-dface-le-street-art-entre-en-fanfare-au-petit-palais-13-06-2024-NDAOH5FRYVBG5NAEE3Z4QL73JQ.php\" target=\"_self\" rel=\"noopener\">plus connu sous le nom d\u2019Orbey<\/a>.<\/p>\n<p>Un artiste bien connu \u00e0 Paris<\/p>\n<p class=\"\">On lui doit notamment le visuel \u00ab Hope \u00bb, utilis\u00e9 pour la campagne pr\u00e9sidentielle de Barack Obama en 2008, mais aussi de nombreuses \u0153uvres en France, dont plusieurs fresques \u00e0 Paris. Plus r\u00e9cemment, on lui doit l\u2019\u0153uvre monumentale install\u00e9e sur la fa\u00e7ade de l\u2019H\u00f4tel de Ville depuis juin dernier.<\/p>\n<p class=\"\">Pour le visuel de sa carte de v\u0153u de 2026, Anne Hidalgo a choisi de faire confiance au street-artiste, en utilisant une fresque bien connue des Parisiens. Il s\u2019agit en effet de celle peinte \u00e0 c\u00f4t\u00e9 de la fontaine Stravinsky de Jean Tinguely et Niki de Saint Phalle <a href=\"https:\/\/www.leparisien.fr\/paris-75\/paris-75004\/\" target=\"_self\" rel=\"noopener\">(IVe arrondissement)<\/a>, o\u00f9 \u00ab se dressent deux figures f\u00e9minines comme des sentinelles \u00bb, \u00e9crit la maire au d\u00e9but de son message.<\/p>\n<p><img decoding=\"async\" class=\"image \" loading=\"lazy\" src=\"https:\/\/www.europesays.com\/fr\/wp-content\/uploads\/2025\/12\/GZQVMOQRW5C4NLRXSHDQAH6XP4.jpg\" alt=\"Fontaine Stravinsky (IVe). Le visuel choisi par la maire est peint sur un mur parisien, au pied de la fontaine de Jean Tinguely et Nikki de Saint Phalle. (illustration) LP\/Elie Julien\" align=\"\" data-rubrique-principale=\"\" data-article-type=\"\" fetchpriority=\"auto\"\/>Fontaine Stravinsky (IVe). Le visuel choisi par la maire est peint sur un mur parisien, au pied de la fontaine de Jean Tinguely et Nikki de Saint Phalle. (illustration) LP\/Elie Julien<\/p>\n<p class=\"\">\u00ab Entre elles, une fleur s\u2019\u00e9l\u00e8ve, promesse de renouveau que notre force collective doit na\u00eetre \u00bb, poursuit Anne Hidalgo. Et de continuer : \u00ab A sa racine, un livre ouvert interpelle : le futur n\u2019est pas \u00e9crit. L\u2019inventer, le transformer, l\u2019apprivoiser, telle est notre mission universelle, notre legs aux g\u00e9n\u00e9rations futures. \u00bb<\/p>\n<p>\u00ab Tout est possible \u00bb<\/p>\n<p class=\"\">\u00ab Tout est possible \u00bb, \u00e9crit la maire. \u00ab \u00c0 nous toutes et tous d\u2019agir pour b\u00e2tir un avenir de paix, de fraternit\u00e9 o\u00f9 notre plan\u00e8te est prot\u00e9g\u00e9e. Que l\u2019ann\u00e9e qui s\u2019ouvre soit une page libre, \u00e0 \u00e9crire avec conscience, exigence et confiance \u00bb, conclut-elle.<\/p>\n<p class=\"\">Libre \u00e0 chacun d\u00e9sormais d\u2019interpr\u00e9ter comme il l\u2019entend ces mots d\u2019Anne Hidalgo. Forc\u00e9ment, la question de sa succession \u00e0 l\u2019H\u00f4tel de Ville se retrouve entre les lignes. D\u2019autant que la campagne va tr\u00e8s vite entrer dans son sprint final. Rendez-vous le 22 mars pour savoir qui \u00e9crira sa lettre de v\u0153ux aux Parisiens dans un an.<\/p>\n","protected":false},"excerpt":{"rendered":"Elle se plie \u00e0 l\u2019exercice depuis 12 ans. \u00c0 chaque nouvelle ann\u00e9e, le 1er janvier rime avec \u00ab&hellip;\n","protected":false},"author":2,"featured_media":629290,"comment_status":"","ping_status":"","sticky":false,"template":"","format":"standard","meta":{"footnotes":""},"categories":[1888],"tags":[11,1777,674,1011,27,1944,12,626,316,25],"class_list":{"0":"post-629289","1":"post","2":"type-post","3":"status-publish","4":"format-standard","5":"has-post-thumbnail","7":"category-paris","8":"tag-actualites","9":"tag-eu","10":"tag-europe","11":"tag-fr","12":"tag-france","13":"tag-ma-ville","14":"tag-news","15":"tag-paris","16":"tag-politique","17":"tag-republique-francaise"},"share_on_mastodon":{"url":"https:\/\/pubeurope.com\/@fr\/115807165155284097","error":""},"_links":{"self":[{"href":"https:\/\/www.europesays.com\/fr\/wp-json\/wp\/v2\/posts\/629289","targetHints":{"allow":["GET"]}}],"collection":[{"href":"https:\/\/www.europesays.com\/fr\/wp-json\/wp\/v2\/posts"}],"about":[{"href":"https:\/\/www.europesays.com\/fr\/wp-json\/wp\/v2\/types\/post"}],"author":[{"embeddable":true,"href":"https:\/\/www.europesays.com\/fr\/wp-json\/wp\/v2\/users\/2"}],"replies":[{"embeddable":true,"href":"https:\/\/www.europesays.com\/fr\/wp-json\/wp\/v2\/comments?post=629289"}],"version-history":[{"count":0,"href":"https:\/\/www.europesays.com\/fr\/wp-json\/wp\/v2\/posts\/629289\/revisions"}],"wp:featuredmedia":[{"embeddable":true,"href":"https:\/\/www.europesays.com\/fr\/wp-json\/wp\/v2\/media\/629290"}],"wp:attachment":[{"href":"https:\/\/www.europesays.com\/fr\/wp-json\/wp\/v2\/media?parent=629289"}],"wp:term":[{"taxonomy":"category","embeddable":true,"href":"https:\/\/www.europesays.com\/fr\/wp-json\/wp\/v2\/categories?post=629289"},{"taxonomy":"post_tag","embeddable":true,"href":"https:\/\/www.europesays.com\/fr\/wp-json\/wp\/v2\/tags?post=629289"}],"curies":[{"name":"wp","href":"https:\/\/api.w.org\/{rel}","templated":true}]}}