{"id":629291,"date":"2025-12-30T06:44:25","date_gmt":"2025-12-30T06:44:25","guid":{"rendered":"https:\/\/www.europesays.com\/fr\/629291\/"},"modified":"2025-12-30T06:44:25","modified_gmt":"2025-12-30T06:44:25","slug":"la-gare-de-lyon-partiellement-evacuee-apres-lexplosion-dune-bouteille-de-gaz-dans-un-bagage","status":"publish","type":"post","link":"https:\/\/www.europesays.com\/fr\/629291\/","title":{"rendered":"La gare de Lyon partiellement \u00e9vacu\u00e9e apr\u00e8s l\u2019explosion d\u2019une bouteille de gaz dans un bagage"},"content":{"rendered":"<p>Panique \u00e0 la <a href=\"https:\/\/www.20minutes.fr\/societe\/4181729-20251027-classement-meilleures-gares-europeennes-devoile-parisienne-top-10\" class=\"c-link c-link--is-underlined\" target=\"_blank\" rel=\"noopener\">gare de Lyon<\/a>, \u00e0 <a href=\"https:\/\/www.20minutes.fr\/paris\/\" class=\"c-link c-link--is-underlined\" target=\"_blank\" rel=\"noopener\">Paris<\/a>. Le hall 1 a \u00e9t\u00e9 \u00e9vacu\u00e9 lundi apr\u00e8s l\u2019explosion dans un bagage d\u2019une bouteille de gaz comprim\u00e9, provoquant des perturbations mineures du trafic, a annonc\u00e9 \u00e0 l\u2019AFP SNCF Gares et Connexions, confirmant une information du <a href=\"https:\/\/www.leparisien.fr\/faits-divers\/la-gare-de-lyon-partiellement-evacuee-apres-lexplosion-dune-machine-a-soda-dans-un-bagage-29-12-2025-5R27XZX5BJB4DPYCQTDHMMQXGY.php\" target=\"_blank\" class=\"c-link c-link--is-underlined\" rel=\"noopener\">Parisien<\/a>. \u00ab\u00a0Il n\u2019y a pas eu de d\u00e9g\u00e2ts, pas de bless\u00e9s et nous avons tr\u00e8s vite identifi\u00e9 d\u2019o\u00f9 cela venait\u00a0\u00bb, explique la filiale de la <a href=\"https:\/\/www.20minutes.fr\/dossier\/sncf\" class=\"c-link c-link--is-underlined\" target=\"_blank\" rel=\"noopener\">SNCF<\/a>.<\/p>\n<p>Les services de la SNCF ont \u00e9tabli un p\u00e9rim\u00e8tre de s\u00e9curit\u00e9 autour du bagage et ont fait intervenir une \u00e9quipe de d\u00e9mineurs apr\u00e8s l\u2019explosion de cette bonbonne \u00ab\u00a0utilis\u00e9e pour la cuisine\u00a0\u00bb, ajoute le groupe.<\/p>\n<p>\u00ab\u00a0Aucun bless\u00e9\u00a0\u00bb<\/p>\n<p>Plusieurs m\u00e9dias ont \u00e9voqu\u00e9 un \u00ab\u00a0mouvement de foule\u00a0\u00bb et des \u00ab\u00a0bousculades\u00a0\u00bb provoqu\u00e9es par l\u2019incident, une information que Gares et Connexions a d\u00e9mentie aupr\u00e8s de l\u2019AFP, pr\u00e9cisant qu\u2019il n\u2019y avait eu \u00ab\u00a0aucun bless\u00e9\u00a0\u00bb parmi les usagers. \u00ab\u00a0Nous avons d\u00e9clench\u00e9 la proc\u00e9dure habituelle, il n\u2019y a pas eu de mouvement de foule ou de panique\u00a0\u00bb, assure la filiale.<\/p>\n<\/p>\n<p>L\u2019incident a dur\u00e9 moins d\u2019une heure, entre 11h30 et 12h30, ne provoquant que des \u00ab\u00a0perturbations mineures\u00a0\u00bb sur le trafic, avec des retards de \u00ab\u00a015 ou 20 minutes au maximum\u00a0\u00bb, affirme Gares et Connexions. Plus de peur que de mal.<\/p>\n","protected":false},"excerpt":{"rendered":"Panique \u00e0 la gare de Lyon, \u00e0 Paris. Le hall 1 a \u00e9t\u00e9 \u00e9vacu\u00e9 lundi apr\u00e8s l\u2019explosion dans&hellip;\n","protected":false},"author":2,"featured_media":629292,"comment_status":"","ping_status":"","sticky":false,"template":"","format":"standard","meta":{"footnotes":""},"categories":[1888],"tags":[47,11,7567,1067,1777,674,2688,118,1011,27,3338,662,12,626,25,2215],"class_list":{"0":"post-629291","1":"post","2":"type-post","3":"status-publish","4":"format-standard","5":"has-post-thumbnail","7":"category-paris","8":"tag-actualite","9":"tag-actualites","10":"tag-demineur","11":"tag-enquete","12":"tag-eu","13":"tag-europe","14":"tag-explosion","15":"tag-faits-divers","16":"tag-fr","17":"tag-france","18":"tag-gare-de-lyon","19":"tag-ile-de-france","20":"tag-news","21":"tag-paris","22":"tag-republique-francaise","23":"tag-sncf"},"share_on_mastodon":{"url":"https:\/\/pubeurope.com\/@fr\/115807168973432854","error":""},"_links":{"self":[{"href":"https:\/\/www.europesays.com\/fr\/wp-json\/wp\/v2\/posts\/629291","targetHints":{"allow":["GET"]}}],"collection":[{"href":"https:\/\/www.europesays.com\/fr\/wp-json\/wp\/v2\/posts"}],"about":[{"href":"https:\/\/www.europesays.com\/fr\/wp-json\/wp\/v2\/types\/post"}],"author":[{"embeddable":true,"href":"https:\/\/www.europesays.com\/fr\/wp-json\/wp\/v2\/users\/2"}],"replies":[{"embeddable":true,"href":"https:\/\/www.europesays.com\/fr\/wp-json\/wp\/v2\/comments?post=629291"}],"version-history":[{"count":0,"href":"https:\/\/www.europesays.com\/fr\/wp-json\/wp\/v2\/posts\/629291\/revisions"}],"wp:featuredmedia":[{"embeddable":true,"href":"https:\/\/www.europesays.com\/fr\/wp-json\/wp\/v2\/media\/629292"}],"wp:attachment":[{"href":"https:\/\/www.europesays.com\/fr\/wp-json\/wp\/v2\/media?parent=629291"}],"wp:term":[{"taxonomy":"category","embeddable":true,"href":"https:\/\/www.europesays.com\/fr\/wp-json\/wp\/v2\/categories?post=629291"},{"taxonomy":"post_tag","embeddable":true,"href":"https:\/\/www.europesays.com\/fr\/wp-json\/wp\/v2\/tags?post=629291"}],"curies":[{"name":"wp","href":"https:\/\/api.w.org\/{rel}","templated":true}]}}