{"id":629295,"date":"2025-12-30T06:46:13","date_gmt":"2025-12-30T06:46:13","guid":{"rendered":"https:\/\/www.europesays.com\/fr\/629295\/"},"modified":"2025-12-30T06:46:13","modified_gmt":"2025-12-30T06:46:13","slug":"en-direct-ukraine-moscou-accuse-kiev-davoir-attaque-la-residence-de-poutine-et-promet-une-reponse","status":"publish","type":"post","link":"https:\/\/www.europesays.com\/fr\/629295\/","title":{"rendered":"EN DIRECT &#8211; Ukraine : Moscou accuse Kiev d&rsquo;avoir attaqu\u00e9 la r\u00e9sidence de Poutine et promet une r\u00e9ponse"},"content":{"rendered":"<ul class=\"jsx-862013697 ArticleChapo__List\">\n<li class=\"jsx-862013697 ArticleChapo__List_Item flex\">La Russie a accus\u00e9 lundi l&rsquo;Ukraine d&rsquo;avoir lanc\u00e9 dans la nuit une attaque de drones sur la r\u00e9sidence de Vladimir Poutine.<\/li>\n<li class=\"jsx-862013697 ArticleChapo__List_Item flex\">Volodymyr Zelensky a imm\u00e9diatement d\u00e9menti et qualifi\u00e9 cette accusation de \u00ab\u00a0mensonge\u00a0\u00bb.<\/li>\n<li class=\"jsx-862013697 ArticleChapo__List_Item flex\">Suivez les derni\u00e8res informations en direct.<\/li>\n<\/ul>\n<p><a href=\"https:\/\/www.tf1info.fr\/actualite\/guerre-ukraine-russie-une-rencontre-donald-trump-vladimir-poutine-historique-le-vendredi-15-aout-2025-en-alaska-sans-volodymyr-zelensky-14326\/\" rel=\"noopener\" class=\"jsx-484472199 Link jsx-1428418400 jsx-554215408\" target=\"_blank\"><\/p>\n<p style=\"font-weight:400\" class=\"jsx-1837267516\">Suivez la couverture compl\u00e8te<\/p>\n<p style=\"font-weight:800\" class=\"jsx-1837267516\">Ukraine-Russie : les n\u00e9gociations relanc\u00e9es ?<\/p>\n<p><\/a>Minute par minuteTRUMP SE DIT \u00ab\u00a0TR\u00c8S EN COL\u00c8RE\u00a0\u00bb06:14<\/p>\n<p>Donald Trump a critiqu\u00e9 lundi depuis la Floride l&rsquo;attaque ukrainienne pr\u00e9sum\u00e9e contre la r\u00e9sidence du pr\u00e9sident russe Vladimir Poutine, d\u00e9mentie par Kiev, se disant \u00ab\u00a0tr\u00e8s en col\u00e8re\u00a0\u00bb.<\/p>\n<p>International<img decoding=\"async\" src=\"https:\/\/www.europesays.com\/fr\/wp-content\/uploads\/2025\/12\/vladimir-poutine-russie-victoire-presidentielle-17-mars-2024-af7813-0@1x.jpeg\" alt=\"Une r\u00e9sidence de Poutine vis\u00e9e par l'Ukraine\u00a0? Ce que l'on sait des accusations de Moscou d\u00e9menties par Kiev\" loading=\"lazy\" importance=\"low\" fetchpriority=\"low\" class=\"\" aria-hidden=\"true\"\/><\/p>\n<p>Publi\u00e9 hier \u00e0 20h30<\/p>\n<p>BONJOUR06:11<\/p>\n<p>Bienvenue dans ce direct consacr\u00e9 \u00e0 la guerre en Ukraine, d\u00e9but\u00e9e il y a plus de trois ans apr\u00e8s l&rsquo;invasion des troupes russes de Vladimir Poutine. Suivez ici, tout au long de la journ\u00e9e, les derni\u00e8res informations, mais aussi les \u00e9clairages de nos experts et envoy\u00e9s sp\u00e9ciaux.<\/p>\n<p data-module=\"article-paragraph\" class=\"jsx-157965717 Paragraph\">Moscou a accus\u00e9 Kiev d&rsquo;avoir lanc\u00e9 dans la nuit de dimanche \u00e0 lundi <a href=\"https:\/\/www.tf1info.fr\/international\/guerre-ukraine-russie-une-residence-de-poutine-visee-par-l-ukraine-ce-que-l-on-sait-des-accusations-de-moscou-dementies-par-kiev-2415546.html\" target=\"_blank\" rel=\"noopener\">une attaque de drones sur la r\u00e9sidence du pr\u00e9sident russe Vladimir Poutine (nouvelle fen\u00eatre)<\/a>, pr\u00e9venant que sa position dans les n\u00e9gociations en cours pour mettre fin au conflit en Ukraine serait de ce fait \u00ab\u00a0r\u00e9examin\u00e9e\u00a0\u00bb. Le pr\u00e9sident ukrainien Volodymyr Zelensky a aussit\u00f4t qualifi\u00e9 cette accusation de \u00ab\u00a0mensonge\u00a0\u00bb destin\u00e9 \u00e0 pr\u00e9parer de nouvelles attaques contre Kiev et \u00e0 \u00ab\u00a0saper\u00a0\u00bb les <a href=\"https:\/\/www.tf1info.fr\/international\/en-bref-guerre-ukraine-russie-de-nombreux-progres-mais-pas-d-annonce-concrete-que-retenir-de-la-rencontre-trump-zelensky-a-mar-a-lago-en-floride-le-28-decembre-2025-2415387.html\" target=\"_blank\" rel=\"noopener\">efforts diplomatiques entre l&rsquo;Ukraine et les \u00c9tats-Unis (nouvelle fen\u00eatre)<\/a>, au lendemain d&rsquo;une rencontre en Floride avec Donald Trump. \u00ab\u00a0Je n&rsquo;aime pas \u00e7a. Ce n&rsquo;est pas bon\u00a0\u00bb, a d\u00e9clar\u00e9 lundi Trump \u00e0 la presse depuis sa r\u00e9sidence de Mar-a-Lago, \u00e0 Palm Beach. \u00ab\u00a0Vous savez qui m&rsquo;en a parl\u00e9 ? Le pr\u00e9sident Poutine\u00a0\u00bb, a-t-il dit. \u00ab\u00a0C&rsquo;est une p\u00e9riode d\u00e9licate. Ce n&rsquo;est pas le bon moment\u00a0\u00bb, a-t-il ajout\u00e9.<\/p>\n<p data-module=\"article-paragraph\" class=\"jsx-157965717 Paragraph Paragraph__End\">Ces accusations viennent semer le doute sur la poursuite des intenses tractations diplomatiques en cours depuis novembre pour tenter de mettre fin au conflit le plus meurtrier en Europe depuis la Deuxi\u00e8me Guerre mondiale.<\/p>\n<p data-module=\"article-paragraph\" class=\"jsx-157965717 Paragraph\">Dans la nuit, \u00ab\u00a0le r\u00e9gime de Kiev a lanc\u00e9 une attaque terroriste utilisant 91 drones contre la r\u00e9sidence d&rsquo;\u00c9tat du pr\u00e9sident\u00a0\u00bb Poutine dans la r\u00e9gion de Novgorod, a affirm\u00e9 le ministre russe des Affaires \u00e9trang\u00e8res Sergue\u00ef Lavrov sur Telegram, pr\u00e9cisant que tous les drones avaient \u00e9t\u00e9 intercept\u00e9s. Cette attaque, \u00e0 un moment \u00ab\u00a0de n\u00e9gociations intensives entre la Russie et les \u00c9tats-Unis sur le r\u00e8glement du conflit ukrainien\u00a0\u00bb, ne \u00ab\u00a0restera pas sans r\u00e9ponse\u00a0\u00bb, a-t-il dit.<\/p>\n<p data-module=\"article-paragraph\" class=\"jsx-157965717 Paragraph Paragraph__End\">R\u00e9action presque imm\u00e9diate du pr\u00e9sident ukrainien, lors d&rsquo;une conf\u00e9rence de presse en ligne: \u00ab\u00a0Ils (la Russie) ne veulent pas mettre fin \u00e0 la guerre\u00a0\u00bb. Parall\u00e8lement, Poutine et Trump se sont entretenus lundi par t\u00e9l\u00e9phone pour \u00e9changer sur les avanc\u00e9es des pourparlers apr\u00e8s la rencontre dimanche de Trump et Zelensky. Un entretien \u00ab\u00a0positif\u00a0\u00bb, selon la Maison Blanche. Selon le conseiller diplomatique du Kremlin Iouri Ouchakov, Vladimir Poutine a cependant d\u00e9clar\u00e9 \u00e0 son homologue am\u00e9ricain que la position de la Russie sur \u00ab\u00a0un certain nombre d&rsquo;accords conclus \u00e0 l&rsquo;\u00e9tape pr\u00e9c\u00e9dente\u00a0\u00bb et sur des solutions \u00e9voqu\u00e9es serait \u00ab\u00a0r\u00e9examin\u00e9e\u00a0\u00bb apr\u00e8s l'\u00a0\u00bbattaque terroriste\u00a0\u00bb de Kiev.<\/p>\n<p data-module=\"article-paragraph\" class=\"jsx-157965717 Paragraph\">Volodymyr Zelensky et des n\u00e9gociateurs de Kiev se sont de leur c\u00f4t\u00e9 entretenus lundi par t\u00e9l\u00e9phone avec l&rsquo;\u00e9missaire am\u00e9ricain Steve Witkoff sur les prochaines \u00e9tapes des pourparlers. Zelensky avait affirm\u00e9 plus t\u00f4t lundi que les \u00c9tats-Unis avaient propos\u00e9 \u00e0 l&rsquo;Ukraine des garanties de s\u00e9curit\u00e9 \u00ab\u00a0solides\u00a0\u00bb pour une p\u00e9riode de 15 ans prolongeable face \u00e0 la Russie.<\/p>\n<p data-module=\"article-paragraph\" class=\"jsx-157965717 Paragraph Paragraph__End\">Le pr\u00e9sident ukrainien a par ailleurs estim\u00e9 que la pr\u00e9sence de \u00ab\u00a0troupes internationales\u00a0\u00bb en Ukraine, une possibilit\u00e9 que rejette le Kremlin, serait une garantie de s\u00e9curitaire n\u00e9cessaire et \u00ab\u00a0r\u00e9elle\u00a0\u00bb qui renforcerait la confiance des citoyens et des investisseurs face au risque d&rsquo;une nouvelle agression russe.<\/p>\n<p>La r\u00e9daction de TF1info<\/p>\n","protected":false},"excerpt":{"rendered":"La Russie a accus\u00e9 lundi l&rsquo;Ukraine d&rsquo;avoir lanc\u00e9 dans la nuit une attaque de drones sur la r\u00e9sidence&hellip;\n","protected":false},"author":2,"featured_media":121124,"comment_status":"","ping_status":"","sticky":false,"template":"","format":"standard","meta":{"footnotes":""},"categories":[1590],"tags":[1111,11,1921,75,73,1777,674,1922,12,132,220,1917,73771,133,1920,135,134],"class_list":{"0":"post-629295","1":"post","2":"type-post","3":"status-publish","4":"format-standard","5":"has-post-thumbnail","7":"category-ukraine","8":"tag-actu","9":"tag-actualites","10":"tag-article-video","11":"tag-donald-trump","12":"tag-etats-unis","13":"tag-eu","14":"tag-europe","15":"tag-info","16":"tag-news","17":"tag-russie","18":"tag-ukraine","19":"tag-ukraine-4-annee-de-guerre","20":"tag-ukraine-russie-les-negociations-relancees","21":"tag-video","22":"tag-video-international","23":"tag-vladimir-poutine","24":"tag-volodymyr-zelensky"},"share_on_mastodon":{"url":"https:\/\/pubeurope.com\/@fr\/115807176883343105","error":""},"_links":{"self":[{"href":"https:\/\/www.europesays.com\/fr\/wp-json\/wp\/v2\/posts\/629295","targetHints":{"allow":["GET"]}}],"collection":[{"href":"https:\/\/www.europesays.com\/fr\/wp-json\/wp\/v2\/posts"}],"about":[{"href":"https:\/\/www.europesays.com\/fr\/wp-json\/wp\/v2\/types\/post"}],"author":[{"embeddable":true,"href":"https:\/\/www.europesays.com\/fr\/wp-json\/wp\/v2\/users\/2"}],"replies":[{"embeddable":true,"href":"https:\/\/www.europesays.com\/fr\/wp-json\/wp\/v2\/comments?post=629295"}],"version-history":[{"count":0,"href":"https:\/\/www.europesays.com\/fr\/wp-json\/wp\/v2\/posts\/629295\/revisions"}],"wp:featuredmedia":[{"embeddable":true,"href":"https:\/\/www.europesays.com\/fr\/wp-json\/wp\/v2\/media\/121124"}],"wp:attachment":[{"href":"https:\/\/www.europesays.com\/fr\/wp-json\/wp\/v2\/media?parent=629295"}],"wp:term":[{"taxonomy":"category","embeddable":true,"href":"https:\/\/www.europesays.com\/fr\/wp-json\/wp\/v2\/categories?post=629295"},{"taxonomy":"post_tag","embeddable":true,"href":"https:\/\/www.europesays.com\/fr\/wp-json\/wp\/v2\/tags?post=629295"}],"curies":[{"name":"wp","href":"https:\/\/api.w.org\/{rel}","templated":true}]}}