{"id":629298,"date":"2025-12-30T06:48:38","date_gmt":"2025-12-30T06:48:38","guid":{"rendered":"https:\/\/www.europesays.com\/fr\/629298\/"},"modified":"2025-12-30T06:48:38","modified_gmt":"2025-12-30T06:48:38","slug":"dieu-merci-jetais-jeune-quand-charles-iii-se-rappelle-de-son-expedition-dans-larctique-canadien","status":"publish","type":"post","link":"https:\/\/www.europesays.com\/fr\/629298\/","title":{"rendered":"\u201cDieu merci j\u2019\u00e9tais jeune\u201d : quand Charles III se rappelle de son exp\u00e9dition dans l\u2019Arctique canadien"},"content":{"rendered":"<p>Quand les aventures du jeune <a target=\"_blank\" href=\"https:\/\/www.pointdevue.fr\/grand-angle\/biographies\/charles-iii\" rel=\"noopener\">prince Charles<\/a> inspirent les g\u00e9n\u00e9rations suivantes. Tout juste 50 ans apr\u00e8s l\u2019exp\u00e9dition de l&rsquo;h\u00e9ritier de la Couronne britannique dans l\u2019Arctique canadien en 1975, l&rsquo;environnementaliste anglais Steve Backshall a suivi ses traces pour observer les effets du changement climatique sur place. Dans un documentaire de 90 minutes r\u00e9alis\u00e9 pour la cha\u00eene ITV, Steve Backshall\u2019s Royal Arctic Challenge et diffus\u00e9 ce 22 d\u00e9cembre 2025, <strong>il revient sur l\u2019exp\u00e9dition du monarque, alors \u00e2g\u00e9 de 26 ans, faisant red\u00e9couvrir son sens extr\u00eame de l\u2019aventure<\/strong>, mais constate aussi \u00e0 quel point les choses ont chang\u00e9 sur place en l\u2019espace de 50 ans.\u00a0<\/p>\n<p><img decoding=\"async\" src=\"https:\/\/www.europesays.com\/fr\/wp-content\/uploads\/2025\/12\/ABACA_875454_048ZHO3SG8vH2.jpg\" alt=\"Le prince Charles plonge sous la glace dans l'Arctique canadien en 1975.\"\/><strong>Le prince Charles plonge sous la glace dans l&rsquo;Arctique canadien en 1975.<\/strong> \u00a9 PA Photos\/ABACA<\/p>\n<p>Dans un extrait diffus\u00e9 par la famille royale britannique ce 27 d\u00e9cembre, on assiste \u00e0 un entretien exclusif entre Charles III et le r\u00e9alisateur avant son d\u00e9part. \u201cJe suis fascin\u00e9 que vous vouliez refaire cette exp\u00e9dition 50 ans plus tard\u201d, lance le monarque \u00e0 Steve Backshall en l\u2019accueillant \u00e0 Buckingham Palace. Venu discuter de ses plans futurs, il a notamment questionn\u00e9 le monarque sur ce qui l\u2019avait le plus marqu\u00e9 au cours de son exp\u00e9rience. \u201cPlonger dans la glace, s\u2019est-il imm\u00e9diatement souvenu. Et aussi de ne pas r\u00e9ussir \u00e0 faire avancer les chiens de traineau. Il avait neig\u00e9 pendant la nuit avant mon arriv\u00e9e. Il y avait tellement de poudreuse que les chiens ne pouvaient pas avancer. J&rsquo;ai donc d\u00fb courir derri\u00e8re, ce qui a failli me tuer, habill\u00e9 comme \u00e7a\u201d, a-t-il plaisant\u00e9 en montant des images apport\u00e9es par le naturaliste.<\/p>\n<p>\u00ab\u00a0Je suis trop vieux pour y retourner\u00a0\u00bb<\/p>\n<p>Sur un ton plus s\u00e9rieux, le roi Charles III a \u00e9galement abord\u00e9 les impacts sans pr\u00e9c\u00e9dent du changement climatique sur la r\u00e9gion, qui se r\u00e9chauffe trois fois plus vite que le reste du monde. \u201cLe probl\u00e8me, c&rsquo;est que la faune sauvage est confront\u00e9e \u00e0 ces changements consid\u00e9rables et tente de s&rsquo;adapter, mais n&rsquo;y parvient pas assez rapidement\u201d, regrette-t-il dans l\u2019extrait.<\/p>\n<p><img decoding=\"async\" src=\"https:\/\/www.europesays.com\/fr\/wp-content\/uploads\/2025\/12\/GettyImages-186083516ZbiAVZ3V9a.jpg\" alt=\"Le prince Charles lors de son exp\u00e9dition dans l'Arctique canadien, en 1975.\"\/><strong>Le prince Charles lors de son exp\u00e9dition dans l&rsquo;Arctique canadien, en 1975.<\/strong> \u00a9 Anwar Hussein\/Getty Images<\/p>\n<p>Cinquante ans plus tard, Charles III serait-il pr\u00eat \u00e0 retourner en Arctique ? \u201cJe suis trop vieux pour y retourner, r\u00e9pond-il en riant. Dieu merci, j\u2019\u00e9tais jeune \u00e0 l\u2019\u00e9poque, je n\u2019aurais jamais surv\u00e9cu aujourd\u2019hui\u00a0\u00bb, reconna\u00eet-il. Ce n&rsquo;est pourtant pas l&rsquo;envie qui lui manque.\u00a0<\/p>\n<p>Lire aussi &gt;&gt; <a target=\"_blank\" href=\"https:\/\/www.pointdevue.fr\/royal\/royaume-uni\/pourquoi-charles-iii-a-t-il-peur-pour-ses-petits-enfants\" rel=\"noopener\">Pourquoi Charles III a-t-il peur pour ses petits-enfants ?<\/a><\/p>\n<p><img decoding=\"async\" src=\"https:\/\/www.europesays.com\/fr\/wp-content\/uploads\/2025\/12\/605x385GUOAXudAF3.jpg\" alt=\"Testez votre expertise royaut\u00e9\"\/><strong>Testez votre expertise royaut\u00e9 et tentez de remporter de nombreux lots.<\/strong> \u00a9 Point de Vue<\/p>\n","protected":false},"excerpt":{"rendered":"Quand les aventures du jeune prince Charles inspirent les g\u00e9n\u00e9rations suivantes. Tout juste 50 ans apr\u00e8s l\u2019exp\u00e9dition de&hellip;\n","protected":false},"author":2,"featured_media":629299,"comment_status":"","ping_status":"","sticky":false,"template":"","format":"standard","meta":{"footnotes":""},"categories":[1588],"tags":[11,1777,674,12,473,1853,1851,1850,1852],"class_list":{"0":"post-629298","1":"post","2":"type-post","3":"status-publish","4":"format-standard","5":"has-post-thumbnail","7":"category-royaume-uni","8":"tag-actualites","9":"tag-eu","10":"tag-europe","11":"tag-news","12":"tag-royaume-uni","13":"tag-royaume-uni-de-grande-bretagne-et-dirlande-du-nord","14":"tag-uk","15":"tag-united-kingdom","16":"tag-united-kingdom-of-great-britain-and-northern-ireland"},"share_on_mastodon":{"url":"https:\/\/pubeurope.com\/@fr\/115807184838790826","error":""},"_links":{"self":[{"href":"https:\/\/www.europesays.com\/fr\/wp-json\/wp\/v2\/posts\/629298","targetHints":{"allow":["GET"]}}],"collection":[{"href":"https:\/\/www.europesays.com\/fr\/wp-json\/wp\/v2\/posts"}],"about":[{"href":"https:\/\/www.europesays.com\/fr\/wp-json\/wp\/v2\/types\/post"}],"author":[{"embeddable":true,"href":"https:\/\/www.europesays.com\/fr\/wp-json\/wp\/v2\/users\/2"}],"replies":[{"embeddable":true,"href":"https:\/\/www.europesays.com\/fr\/wp-json\/wp\/v2\/comments?post=629298"}],"version-history":[{"count":0,"href":"https:\/\/www.europesays.com\/fr\/wp-json\/wp\/v2\/posts\/629298\/revisions"}],"wp:featuredmedia":[{"embeddable":true,"href":"https:\/\/www.europesays.com\/fr\/wp-json\/wp\/v2\/media\/629299"}],"wp:attachment":[{"href":"https:\/\/www.europesays.com\/fr\/wp-json\/wp\/v2\/media?parent=629298"}],"wp:term":[{"taxonomy":"category","embeddable":true,"href":"https:\/\/www.europesays.com\/fr\/wp-json\/wp\/v2\/categories?post=629298"},{"taxonomy":"post_tag","embeddable":true,"href":"https:\/\/www.europesays.com\/fr\/wp-json\/wp\/v2\/tags?post=629298"}],"curies":[{"name":"wp","href":"https:\/\/api.w.org\/{rel}","templated":true}]}}