{"id":629304,"date":"2025-12-30T06:51:13","date_gmt":"2025-12-30T06:51:13","guid":{"rendered":"https:\/\/www.europesays.com\/fr\/629304\/"},"modified":"2025-12-30T06:51:13","modified_gmt":"2025-12-30T06:51:13","slug":"ladoption-de-leuro-au-1er-janvier-est-loin-de-faire-lunanimite-en-bulgarie","status":"publish","type":"post","link":"https:\/\/www.europesays.com\/fr\/629304\/","title":{"rendered":"l&rsquo;adoption de l&rsquo;euro au 1er janvier est loin de faire l&rsquo;unanimit\u00e9 en Bulgarie"},"content":{"rendered":"<p>Si les entreprises bulgares soutiennent le passage \u00e0 l&rsquo;euro, les craintes sont plus nombreuses chez les consommateurs qui redoutent pour certains une acc\u00e9l\u00e9ration de l&rsquo;inflation.<\/p>\n<p>Les banques, les entreprises et les consommateurs bulgares se pr\u00e9parent cette semaine \u00e0 dire adieu au lev, la monnaie nationale, <a href=\"https:\/\/www.bfmtv.com\/economie\/economie-social\/union-europeenne\/dans-trois-semaines-le-pays-le-plus-pauvre-de-l-ue-va-adopter-l-euro-en-proie-a-une-crise-politique-aigue-la-bulgarie-ne-fete-pas-l-evenement-meme-si-l-europe-l-a-beaucoup-enrichie_AV-202512140113.html\" title=\"Dans trois semaines, le pays le plus pauvre de l&#039;UE va adopter l&#039;euro: en proie \u00e0 une crise politique aigu\u00eb, la Bulgarie ne f\u00eate pas l&#039;\u00e9v\u00e9nement (m\u00eame si l&#039;Europe l&#039;a beaucoup enrichie)\" class=\"internal_link\" target=\"_blank\" rel=\"noopener\">en amont de l\u2019adoption de l\u2019euro le 1er janvier<\/a>, une \u00e9tape attendue de longue date et accueillie \u00e0 la fois avec enthousiasme, scepticisme et, dans certains milieux, col\u00e8re. La Bulgarie, pays le plus pauvre de l\u2019Union europ\u00e9enne (son PIB par habitant repr\u00e9sente 66% de la moyenne de l&rsquo;UE), deviendra jeudi le 21e \u00c9tat \u00e0 rejoindre la zone euro apr\u00e8s avoir satisfait cette ann\u00e9e aux crit\u00e8res formels d\u2019adh\u00e9sion, notamment en mati\u00e8re d\u2019inflation, de d\u00e9ficit budg\u00e9taire, de co\u00fbts d\u2019emprunt \u00e0 long terme et de stabilit\u00e9 du taux de change.<\/p>\n<p>Cette adh\u00e9sion intervient deux ans apr\u00e8s celle de la Croatie en janvier 2023, dernier pays en date \u00e0 avoir adopt\u00e9 la monnaie unique, et portera \u00e0 plus de 350 millions le nombre d\u2019Europ\u00e9ens utilisant l\u2019euro. Devenir membre de la zone euro implique, au-del\u00e0 de l\u2019utilisation des billets et pi\u00e8ces en euros, d\u2019obtenir un si\u00e8ge au Conseil des gouverneurs de la Banque centrale europ\u00e9enne (BCE).<\/p>\n<p>Craintes et soup\u00e7ons<\/p>\n<p>Si les gouvernements bulgares successifs ont tous milit\u00e9 en faveur de l&rsquo;euro depuis l&rsquo;entr\u00e9e du pays dans l&rsquo;UE en 2007, la Bulgarie, peupl\u00e9e de 6,7 millions d\u2019habitants, reste divis\u00e9e sur la question, selon les sondages, m\u00eame si les entreprises y sont largement favorables. Certains redoutent une hausse des prix ou se m\u00e9fient de la classe politique nationale alors que le pays est en proie \u00e0 une crise qui <a href=\"https:\/\/www.bfmtv.com\/international\/europe\/a-trois-semaines-de-l-entree-du-pays-dans-la-zone-euro-le-gouvernement-bulgare-demissionne-sur-fond-de-scandale-de-corruption_AD-202512110562.html\" title=\"\u00c0 trois semaines de l&#039;entr\u00e9e du pays dans la zone Euro, le gouvernement bulgare d\u00e9missionne sur fond de scandale de corruption\" class=\"internal_link\" target=\"_blank\" rel=\"noopener\">a vu le gouvernement d\u00e9missionner ce mois-ci<\/a> \u00e0 la suite de vastes manifestations contre les hausses d&rsquo;imp\u00f4ts propos\u00e9es.<\/p>\n<p>Dans un pays qui entretient des liens culturels et politiques historiques avec la Russie, nombreux sont ceux qui se m\u00e9fient d&rsquo;une nouvelle all\u00e9geance \u00e0 l&rsquo;Europe. \u00ab\u00a0Je suis contre, d&rsquo;abord parce que le lev est notre monnaie nationale\u00a0\u00bb, d\u00e9clare Emil Ivanov, un retrait\u00e9 vivant dans la capitale Sofia, interrog\u00e9 alors qu&rsquo;il faisait ses courses.<\/p>\n<blockquote class=\"embed embed_quote\"><p>\u00ab\u00a0Deuxi\u00e8mement, l&rsquo;Europe se dirige vers sa disparition, ce que m\u00eame le pr\u00e9sident am\u00e9ricain a mentionn\u00e9 dans la nouvelle strat\u00e9gie de s\u00e9curit\u00e9 nationale\u00a0\u00bb. \u00ab\u00a0Je ne serai peut-\u00eatre plus en vie lorsque cela (la disparition de l&rsquo;UE) se produira, mais c&rsquo;est l\u00e0 que tout va.\u00a0\u00bb<\/p><\/blockquote>\n<p><img decoding=\"async\" src=\"https:\/\/www.europesays.com\/fr\/wp-content\/uploads\/2025\/04\/principale-56_3.jpg\"  alt=\"Annalisa Cappellini : Crise en Bulgarie avant l'entr\u00e9e dans l'Euro - 12\/12\" title=\"Annalisa Cappellini : Crise en Bulgarie avant l'entr\u00e9e dans l'Euro - 12\/12\"\/>Annalisa Cappellini : Crise en Bulgarie avant l&rsquo;entr\u00e9e dans l&rsquo;Euro &#8211; 12\/12Les entreprises se pr\u00e9parent<\/p>\n<p>Selon certains analystes politiques, la campagne de promotion de l\u2019euro a \u00e9t\u00e9 insuffisante et les personnes \u00e2g\u00e9es, en particulier dans les zones recul\u00e9es, auront du mal \u00e0 s\u2019adapter. Ils estiment \u00e9galement que l\u2019absence de gouvernement stable pourrait compliquer davantage la transition. Pourtant, dans les rues et les magasins de Sofia, les entreprises se sont pr\u00e9par\u00e9es. <a href=\"https:\/\/www.bfmtv.com\/economie\/economie-social\/union-europeenne\/il-inquiete-la-population-a-cause-d-une-possible-forte-inflation-l-euro-arrive-en-bulgarie-ce-jeudi_AD-202512280078.html\" title=\"Il inqui\u00e8te la population \u00e0 cause d&#039;une possible forte inflation: l&#039;euro arrive en Bulgarie ce jeudi\" class=\"internal_link\" target=\"_blank\" rel=\"noopener\">Les prix de tous les produits, des fruits aux bouteilles de vin, sont affich\u00e9s en levs et en euros<\/a>. Des panneaux d&rsquo;affichage financ\u00e9s par le gouvernement affichent le taux de change euro-lev accompagn\u00e9s du message: \u00ab\u00a0Pass\u00e9 commun. Avenir commun. Monnaie commune\u00a0\u00bb.<\/p>\n<p>Des publicit\u00e9s t\u00e9l\u00e9vis\u00e9es annoncent \u00e9galement le changement \u00e0 venir. Certains se sont f\u00e9licit\u00e9s de cette \u00e9volution. \u00ab\u00a0Non seulement les personnes \u00e2g\u00e9es, mais aussi tous les jeunes peuvent facilement voyager en euros au lieu de devoir changer de monnaie\u00a0\u00bb, salue Veselina Apostovlova, une retrait\u00e9e faisant ses courses \u00e0 Sofia. Les entreprises bulgares qui exportent \u00e0 l&rsquo;\u00e9tranger soutiennent aussi le passage \u00e0 l&rsquo;euro.<\/p>\n<blockquote class=\"embed embed_quote\"><p>\u00ab\u00a0Pour moi, le plus important est que toutes les op\u00e9rations de conversion de devises et de r\u00e9\u00e9mission de factures en euros puis en levs seront \u00e9limin\u00e9es\u00a0\u00bb, indique Natalia Gadjeva, propri\u00e9taire du domaine viticole Dragomir dans la vall\u00e9e de la Thrace.<\/p><\/blockquote>\n","protected":false},"excerpt":{"rendered":"Si les entreprises bulgares soutiennent le passage \u00e0 l&rsquo;euro, les craintes sont plus nombreuses chez les consommateurs qui&hellip;\n","protected":false},"author":2,"featured_media":629305,"comment_status":"","ping_status":"","sticky":false,"template":"","format":"standard","meta":{"footnotes":""},"categories":[1586],"tags":[11,1777,674,1779,1011,27,12,25,1778,364],"class_list":{"0":"post-629304","1":"post","2":"type-post","3":"status-publish","4":"format-standard","5":"has-post-thumbnail","7":"category-europe","8":"tag-actualites","9":"tag-eu","10":"tag-europe","11":"tag-european-union","12":"tag-fr","13":"tag-france","14":"tag-news","15":"tag-republique-francaise","16":"tag-ue","17":"tag-union-europeenne"},"share_on_mastodon":{"url":"https:\/\/pubeurope.com\/@fr\/115807196897686274","error":""},"_links":{"self":[{"href":"https:\/\/www.europesays.com\/fr\/wp-json\/wp\/v2\/posts\/629304","targetHints":{"allow":["GET"]}}],"collection":[{"href":"https:\/\/www.europesays.com\/fr\/wp-json\/wp\/v2\/posts"}],"about":[{"href":"https:\/\/www.europesays.com\/fr\/wp-json\/wp\/v2\/types\/post"}],"author":[{"embeddable":true,"href":"https:\/\/www.europesays.com\/fr\/wp-json\/wp\/v2\/users\/2"}],"replies":[{"embeddable":true,"href":"https:\/\/www.europesays.com\/fr\/wp-json\/wp\/v2\/comments?post=629304"}],"version-history":[{"count":0,"href":"https:\/\/www.europesays.com\/fr\/wp-json\/wp\/v2\/posts\/629304\/revisions"}],"wp:featuredmedia":[{"embeddable":true,"href":"https:\/\/www.europesays.com\/fr\/wp-json\/wp\/v2\/media\/629305"}],"wp:attachment":[{"href":"https:\/\/www.europesays.com\/fr\/wp-json\/wp\/v2\/media?parent=629304"}],"wp:term":[{"taxonomy":"category","embeddable":true,"href":"https:\/\/www.europesays.com\/fr\/wp-json\/wp\/v2\/categories?post=629304"},{"taxonomy":"post_tag","embeddable":true,"href":"https:\/\/www.europesays.com\/fr\/wp-json\/wp\/v2\/tags?post=629304"}],"curies":[{"name":"wp","href":"https:\/\/api.w.org\/{rel}","templated":true}]}}