{"id":629306,"date":"2025-12-30T06:52:28","date_gmt":"2025-12-30T06:52:28","guid":{"rendered":"https:\/\/www.europesays.com\/fr\/629306\/"},"modified":"2025-12-30T06:52:28","modified_gmt":"2025-12-30T06:52:28","slug":"les-etats-unis-auraient-propose-a-kiev-des-garanties-solides-pour-au-moins-15-ans","status":"publish","type":"post","link":"https:\/\/www.europesays.com\/fr\/629306\/","title":{"rendered":"Les Etats-Unis auraient propos\u00e9 \u00e0 Kiev des garanties solides pour au moins 15 ans"},"content":{"rendered":"<p>La guerre en Ukraine vit-elle un moment d\u00e9cisif\u00a0? Les <a href=\"https:\/\/www.20minutes.fr\/monde\/etats-unis\/\" class=\"c-link c-link--is-underlined\" target=\"_blank\" rel=\"noopener\">Etats-Unis<\/a> ont propos\u00e9 \u00e0 l\u2019<a href=\"https:\/\/www.20minutes.fr\/monde\/ukraine\/\" class=\"c-link c-link--is-underlined\" target=\"_blank\" rel=\"noopener\">Ukraine<\/a> des garanties de s\u00e9curit\u00e9 \u00ab\u00a0solides\u00a0\u00bb pour une p\u00e9riode de 15 ans prolongeable face \u00e0 la <a href=\"https:\/\/www.20minutes.fr\/monde\/russie\/\" class=\"c-link c-link--is-underlined\" target=\"_blank\" rel=\"noopener\">Russie<\/a>, a annonc\u00e9 ce lundi <a href=\"https:\/\/www.20minutes.fr\/monde\/volodymyr-zelensky\/\" class=\"c-link c-link--is-underlined\" target=\"_blank\" rel=\"noopener\">Volodymyr Zelensky<\/a>, ajoutant avoir demand\u00e9 \u00e0 Washington une dur\u00e9e plus longue \u00e0 l\u2019occasion de sa rencontre dimanche avec <a href=\"https:\/\/www.20minutes.fr\/dossier\/donald_trump\" class=\"c-link c-link--is-underlined\" target=\"_blank\" rel=\"noopener\">Donald Trump<\/a>.<\/p>\n<p>Selon le pr\u00e9sident ukrainien, l\u2019introduction de ces garanties de s\u00e9curit\u00e9 sera une condition \u00e0 remplir pour la lev\u00e9e de la loi martiale en vigueur en Ukraine depuis le d\u00e9clenchement en f\u00e9vrier\u00a02022 de l\u2019invasion russe.<\/p>\n<p>Des garanties sur plusieurs dizaines d\u2019ann\u00e9es\u00a0?<\/p>\n<p>\u00ab\u00a0Je voulais vraiment que ces garanties soient plus longues. Et je lui ai dit que nous voulions vraiment consid\u00e9rer la possibilit\u00e9 de 30, 40, 50 ans\u00a0\u00bb, a d\u00e9clar\u00e9 Volodymyr Zelensky au cours d\u2019une conf\u00e9rence de presse en ligne, pr\u00e9cisant que son homologue am\u00e9ricain lui avait assur\u00e9 qu\u2019il allait \u00ab\u00a0r\u00e9fl\u00e9chir\u00a0\u00bb \u00e0 cette possibilit\u00e9.<\/p>\n<\/p>\n<p>A l\u2019issue de ses discussions en Floride avec le chef de l\u2019Etat ukrainien, Donald Trump, optimiste, mais \u00e9vasif, a estim\u00e9 \u00eatre plus pr\u00e8s que jamais d\u2019un accord pour mettre fin au conflit le plus meurtrier en Europe depuis la <a href=\"https:\/\/www.20minutes.fr\/dossier\/seconde_guerre_mondiale\" class=\"c-link c-link--is-underlined\" target=\"_blank\" rel=\"noopener\">Seconde Guerre mondiale<\/a>. Il n\u2019a cependant mentionn\u00e9 aucune avanc\u00e9e concr\u00e8te.<\/p>\n<p>La fin de la guerre en Ukraine en approche\u00a0?<\/p>\n<p>Le porte-parole du <a href=\"https:\/\/www.20minutes.fr\/dossier\/kremlin\" class=\"c-link c-link--is-underlined\" target=\"_blank\" rel=\"noopener\">Kremlin<\/a>, Dmitri Peskov, s\u2019est quant \u00e0 lui dit lundi d\u2019accord avec le pr\u00e9sident am\u00e9ricain pour affirmer que les pourparlers en vue de mettre fin \u00e0 la guerre en Ukraine en \u00e9taient \u00e0 leur phase finale.<\/p>\n<p>D\u2019intenses tractations diplomatiques sont \u00e0 l\u2019\u0153uvre depuis novembre. Volodymyr Zelensky n\u2019a, dans le m\u00eame temps, pas donn\u00e9 le contenu pr\u00e9cis des garanties de s\u00e9curit\u00e9 offertes par Washington, notant simplement qu\u2019elles impliquaient des \u00e9l\u00e9ments d\u00e9j\u00e0 abord\u00e9s pr\u00e9c\u00e9demment.<\/p>\n<p>Une assistance mutuelle en cas d\u2019agression entre Washington et Kiev<\/p>\n<p>Il avait \u00e9t\u00e9 envisag\u00e9 par exemple que les Etats-Unis et les alli\u00e9s de Kiev garantissent \u00e0 l\u2019Ukraine un m\u00e9canisme de s\u00e9curit\u00e9 similaire \u00e0 l\u2019article\u00a05 de l\u2019Otan, qui pr\u00e9voit une assistance mutuelle en cas d\u2019agression.<\/p>\n<p>Selon Volodymyr Zelensky, Donald Trump a \u00ab\u00a0confirm\u00e9\u00a0\u00bb les \u00ab\u00a0d\u00e9tails\u00a0\u00bb de ces garanties et a insist\u00e9 sur le fait qu\u2019elles devraient \u00eatre vot\u00e9es par le Congr\u00e8s am\u00e9ricain.<\/p>\n<p>Le chef de l\u2019Etat ukrainien a par ailleurs estim\u00e9 que la pr\u00e9sence de \u00ab\u00a0troupes internationales\u00a0\u00bb en Ukraine, une possibilit\u00e9 jusqu\u2019\u00e0 pr\u00e9sent rejet\u00e9e par le Kremlin, serait une garantie s\u00e9curitaire n\u00e9cessaire et \u00ab\u00a0r\u00e9elle\u00a0\u00bb qui renforcerait la confiance des citoyens et des investisseurs face au risque d\u2019une nouvelle agression russe.<\/p>\n<p>Une reconstruction impliquant les entreprises am\u00e9ricaines<\/p>\n<p>Il a pr\u00e9cis\u00e9 qu\u2019au cours de sa rencontre avec le pr\u00e9sident am\u00e9ricain, il avait \u00e9galement discut\u00e9 d\u2019un plan de soutien \u00e9conomique \u00e0 la reconstruction de l\u2019Ukraine impliquant des entreprises am\u00e9ricaines et un possible accord de libre-\u00e9change.<\/p>\n<p>Volodymyr Zelensky souhaitait obtenir l\u2019aval de Donald Trump sur une nouvelle version du plan pr\u00e9sent\u00e9 par <a href=\"https:\/\/www.20minutes.fr\/dossier\/washington\" class=\"c-link c-link--is-underlined\" target=\"_blank\" rel=\"noopener\">Washington<\/a> il y a pr\u00e8s d\u2019un mois, retravaill\u00e9 apr\u00e8s d\u2019\u00e2pres n\u00e9gociations r\u00e9clam\u00e9es par Kiev qui jugeait la premi\u00e8re version beaucoup trop proche des revendications russes.<\/p>\n<p>La nouvelle mouture propose un gel du front sur les positions actuelles sans offrir de solution imm\u00e9diate face aux revendications territoriales de la Russie, qui contr\u00f4le environ 20\u00a0% de l\u2019Ukraine.<\/p>\n<p>Les exigences de Moscou rejet\u00e9es<\/p>\n<p>Elle abandonne aussi deux exigences cl\u00e9s du Kremlin\u00a0: un retrait des soldats ukrainiens de la r\u00e9gion de Donetsk, dans le bassin industriel du Donbass (est), et un engagement de l\u2019Ukraine juridiquement contraignant de non-adh\u00e9sion \u00e0 l\u2019Otan.<\/p>\n<p>Sur le Donbass, un \u00e9l\u00e9ment central pour parvenir \u00e0 trouver une issue au conflit, Donald Trump a assur\u00e9\u00a0: \u00ab\u00a0Nous nous rapprochons beaucoup, peut-\u00eatre m\u00eame de tr\u00e8s pr\u00e8s\u00a0\u00bb d\u2019un accord.<\/p>\n<p>Selon Volodymyr Zelensky, deux probl\u00e8mes non r\u00e9gl\u00e9s demeurent\u00a0: le fonctionnement de la centrale nucl\u00e9aire de Zaporijjia (sud) et la question territoriale.<\/p>\n<p>Quelques heures avant la rencontre dimanche, le pr\u00e9sident am\u00e9ricain a eu un \u00e9change t\u00e9l\u00e9phonique, qu\u2019il a jug\u00e9 \u00ab\u00a0tr\u00e8s productif\u00a0\u00bb, avec Vladimir Poutine.<\/p>\n<p>Un r\u00e9f\u00e9rendum en Ukraine<\/p>\n<p>Lundi, le chef de l\u2019Etat ukrainien a soulign\u00e9 que tout plan pour mettre fin \u00e0 la guerre devrait \u00eatre sign\u00e9 par Kiev, Moscou, Washington et les Europ\u00e9ens. Et il a dit esp\u00e9rer une rencontre \u00ab\u00a0dans les prochains jours\u00a0\u00bb, en Ukraine, entre responsables am\u00e9ricains et europ\u00e9ens.<\/p>\n<p>Par ailleurs, il a \u00e9galement \u00e0 nouveau soutenu l\u2019organisation d\u2019un r\u00e9f\u00e9rendum en Ukraine, consid\u00e9rant qu\u2019il s\u2019agirait d\u2019un \u00ab\u00a0instrument puissant\u00a0\u00bb pour que la \u00ab\u00a0nation ukrainienne\u00a0\u00bb accepte les conditions de paix qui seraient propos\u00e9es.<\/p>\n<p><a href=\"https:\/\/www.20minutes.fr\/monde\/\" class=\"c-link c-btn c-btn--primary\" target=\"_blank\" rel=\"noopener\">Retrouvez ici toute l&rsquo;actualit\u00e9 internationale<\/a><\/p>\n<p>Accroissant la pression sur le terrain, la Russie a pilonn\u00e9 samedi Kiev et sa r\u00e9gion, privant d\u2019\u00e9lectricit\u00e9 des heures durant plus d\u2019un million de foyers, puis annonc\u00e9 la prise de deux nouvelles villes dans l\u2019est de l\u2019Ukraine.<\/p>\n","protected":false},"excerpt":{"rendered":"La guerre en Ukraine vit-elle un moment d\u00e9cisif\u00a0? Les Etats-Unis ont propos\u00e9 \u00e0 l\u2019Ukraine des garanties de s\u00e9curit\u00e9&hellip;\n","protected":false},"author":2,"featured_media":629307,"comment_status":"","ping_status":"","sticky":false,"template":"","format":"standard","meta":{"footnotes":""},"categories":[2],"tags":[47,11,75,8998,29539,73,1011,27,131,74,12,136,25,132,135,134],"class_list":{"0":"post-629306","1":"post","2":"type-post","3":"status-publish","4":"format-standard","5":"has-post-thumbnail","7":"category-actualites","8":"tag-actualite","9":"tag-actualites","10":"tag-donald-trump","11":"tag-donbass","12":"tag-donetsk","13":"tag-etats-unis","14":"tag-fr","15":"tag-france","16":"tag-guerre-en-ukraine","17":"tag-monde","18":"tag-news","19":"tag-otan","20":"tag-republique-francaise","21":"tag-russie","22":"tag-vladimir-poutine","23":"tag-volodymyr-zelensky"},"share_on_mastodon":{"url":"https:\/\/pubeurope.com\/@fr\/115807201069646013","error":""},"_links":{"self":[{"href":"https:\/\/www.europesays.com\/fr\/wp-json\/wp\/v2\/posts\/629306","targetHints":{"allow":["GET"]}}],"collection":[{"href":"https:\/\/www.europesays.com\/fr\/wp-json\/wp\/v2\/posts"}],"about":[{"href":"https:\/\/www.europesays.com\/fr\/wp-json\/wp\/v2\/types\/post"}],"author":[{"embeddable":true,"href":"https:\/\/www.europesays.com\/fr\/wp-json\/wp\/v2\/users\/2"}],"replies":[{"embeddable":true,"href":"https:\/\/www.europesays.com\/fr\/wp-json\/wp\/v2\/comments?post=629306"}],"version-history":[{"count":0,"href":"https:\/\/www.europesays.com\/fr\/wp-json\/wp\/v2\/posts\/629306\/revisions"}],"wp:featuredmedia":[{"embeddable":true,"href":"https:\/\/www.europesays.com\/fr\/wp-json\/wp\/v2\/media\/629307"}],"wp:attachment":[{"href":"https:\/\/www.europesays.com\/fr\/wp-json\/wp\/v2\/media?parent=629306"}],"wp:term":[{"taxonomy":"category","embeddable":true,"href":"https:\/\/www.europesays.com\/fr\/wp-json\/wp\/v2\/categories?post=629306"},{"taxonomy":"post_tag","embeddable":true,"href":"https:\/\/www.europesays.com\/fr\/wp-json\/wp\/v2\/tags?post=629306"}],"curies":[{"name":"wp","href":"https:\/\/api.w.org\/{rel}","templated":true}]}}