{"id":629321,"date":"2025-12-30T07:05:32","date_gmt":"2025-12-30T07:05:32","guid":{"rendered":"https:\/\/www.europesays.com\/fr\/629321\/"},"modified":"2025-12-30T07:05:32","modified_gmt":"2025-12-30T07:05:32","slug":"le-charme-des-quatre-saisons-dans-lobjectif-de-christian-sagne","status":"publish","type":"post","link":"https:\/\/www.europesays.com\/fr\/629321\/","title":{"rendered":"le charme des quatre saisons dans l\u2019objectif de Christian Sagne"},"content":{"rendered":"<p>Photographe de presse au journal \u00ab\u00a0La Montagne\u00a0\u00bb dans le Puy-de-D\u00f4me, Christian Sagne s\u2019est install\u00e9 dans la commune michelaise o\u00f9, depuis de nombreuses ann\u00e9es, il profite de sa retraite. Membre actif de l\u2019atelier Zoom de l\u2019association Arts et Lumi\u00e8re de Meschers (ALM), il reste tr\u00e8s attach\u00e9 \u00e0 son art. Il ne manque jamais de saisir l\u2019instant qui enrichira sa collection de photos et qui mettra en valeur sa commune d\u2019adoption ou le patrimoine de la Charente-Maritime. Un patrimoine dont il est tomb\u00e9 amoureux enfant o\u00f9, en vacances \u00e0 Meschers, il a pris sa premi\u00e8re photo du phare de Cordouan.<\/p>\n<p>Red\u00e9couvrir la ville<\/p>\n<p>Concernant cette nouvelle exposition, il dit modestement\u00a0: \u00ab\u00a0Je n\u2019ai pas la pr\u00e9tention de pr\u00e9senter des chefs-d\u2019\u0153uvre, mais simplement des documents pris au hasard pour faire d\u00e9couvrir ou red\u00e9couvrir la ville aux Michelais ainsi qu\u2019aux touristes qui y s\u00e9journent aux diff\u00e9rentes saisons\u00a0: l\u2019\u00e9t\u00e9, o\u00f9 les plages comme les rues sont remplies de monde, et l\u2019hiver avec ses temp\u00eates, la pluie, le vent, et m\u00eame parfois la neige, comme celle que nous avons eu la derni\u00e8re fois en 2018\u00a0! Tout a son charme, sans oublier les magnifiques d\u00e9corations de No\u00ebl que les services techniques de la mairie ont install\u00e9 pour les f\u00eates.\u00a0\u00bb<\/p>\n<p>Le vernissage de l\u2019exposition a eu lieu lundi 15\u00a0d\u00e9cembre en pr\u00e9sence de nombreux invit\u00e9s et de Catherine Drochon, adjointe au maire en charge de la culture, qui a f\u00e9licit\u00e9 le photographe Christian Sagne pour son travail et sa mise en valeur de la commune michelaise.<\/p>\n","protected":false},"excerpt":{"rendered":"Photographe de presse au journal \u00ab\u00a0La Montagne\u00a0\u00bb dans le Puy-de-D\u00f4me, Christian Sagne s\u2019est install\u00e9 dans la commune michelaise&hellip;\n","protected":false},"author":2,"featured_media":629322,"comment_status":"","ping_status":"","sticky":false,"template":"","format":"standard","meta":{"footnotes":""},"categories":[1358],"tags":[1348,1384,1385,1386,58,59,1011,27],"class_list":{"0":"post-629321","1":"post","2":"type-post","3":"status-publish","4":"format-standard","5":"has-post-thumbnail","7":"category-arts-et-design","8":"tag-arts","9":"tag-arts-and-design","10":"tag-arts-et-design","11":"tag-design","12":"tag-divertissement","13":"tag-entertainment","14":"tag-fr","15":"tag-france"},"share_on_mastodon":{"url":"https:\/\/pubeurope.com\/@fr\/115807251490780562","error":""},"_links":{"self":[{"href":"https:\/\/www.europesays.com\/fr\/wp-json\/wp\/v2\/posts\/629321","targetHints":{"allow":["GET"]}}],"collection":[{"href":"https:\/\/www.europesays.com\/fr\/wp-json\/wp\/v2\/posts"}],"about":[{"href":"https:\/\/www.europesays.com\/fr\/wp-json\/wp\/v2\/types\/post"}],"author":[{"embeddable":true,"href":"https:\/\/www.europesays.com\/fr\/wp-json\/wp\/v2\/users\/2"}],"replies":[{"embeddable":true,"href":"https:\/\/www.europesays.com\/fr\/wp-json\/wp\/v2\/comments?post=629321"}],"version-history":[{"count":0,"href":"https:\/\/www.europesays.com\/fr\/wp-json\/wp\/v2\/posts\/629321\/revisions"}],"wp:featuredmedia":[{"embeddable":true,"href":"https:\/\/www.europesays.com\/fr\/wp-json\/wp\/v2\/media\/629322"}],"wp:attachment":[{"href":"https:\/\/www.europesays.com\/fr\/wp-json\/wp\/v2\/media?parent=629321"}],"wp:term":[{"taxonomy":"category","embeddable":true,"href":"https:\/\/www.europesays.com\/fr\/wp-json\/wp\/v2\/categories?post=629321"},{"taxonomy":"post_tag","embeddable":true,"href":"https:\/\/www.europesays.com\/fr\/wp-json\/wp\/v2\/tags?post=629321"}],"curies":[{"name":"wp","href":"https:\/\/api.w.org\/{rel}","templated":true}]}}