{"id":629354,"date":"2025-12-30T07:24:11","date_gmt":"2025-12-30T07:24:11","guid":{"rendered":"https:\/\/www.europesays.com\/fr\/629354\/"},"modified":"2025-12-30T07:24:11","modified_gmt":"2025-12-30T07:24:11","slug":"monique-30-ans-de-secours-populaire-1-4","status":"publish","type":"post","link":"https:\/\/www.europesays.com\/fr\/629354\/","title":{"rendered":"Monique, 30 ans de Secours populaire (1\/4)"},"content":{"rendered":"<p>                    Par<br \/>\n        <strong><br \/>\n            <a href=\"https:\/\/actu.fr\/auteur\/lea-pippinato\" title=\"Consulter tous les articles de L\u00e9a Pippinato\" target=\"_blank\" rel=\"noopener\">L\u00e9a Pippinato<\/a><br \/>\n                    <\/strong><\/p>\n<p>        Publi\u00e9 le<\/p>\n<p>            30 d\u00e9c. 2025 \u00e0 6h12        <\/p>\n<p>N\u00e9e \u00e0 Montpellier, pass\u00e9e par l\u2019\u00e9cole \u00e9l\u00e9mentaire Auguste Comte, <strong> Monique<\/strong> a longtemps \u00e9t\u00e9 institutrice puis directrice. Les classes de CP, les dict\u00e9es, les f\u00eates de fin d\u2019ann\u00e9e, elle les a v\u00e9cues jusqu\u2019\u00e0 la retraite. Le jour o\u00f9 elle a quitt\u00e9 l\u2019\u00e9cole, un vide a surgi. Plus de voix d\u2019enfants, plus de coll\u00e8gues, plus d\u2019agenda plein. \u00ab\u00a0On passe de tout \u00e0 rien, d\u2019un coup.\u00a0\u00bb Elle refuse cette sensation d\u2019inutilit\u00e9 et cherche o\u00f9 servir encore. Le Secours populaire s\u2019impose : c\u2019\u00e9tait il y a trois d\u00e9cennies.<\/p>\n<p class=\" wall-content\">Le quartier ne lui a pas \u00e9t\u00e9 propos\u00e9 comme un choix de confort, mais comme une \u00e9vidence : le Petit Bard, quartier prioritaire situ\u00e9 \u00e0 l\u2019ouest de Montpellier, avait besoin de bras et d\u2019\u00e9coute. Elle n\u2019est plus jamais partie de cet ancien local. Aujourd\u2019hui, ce lieu accueille <strong>33 \u00e0 34 enfants par trimestre<\/strong>. CP, CE1, coll\u00e9giens, tous viennent apr\u00e8s l\u2019\u00e9cole. Certains pour demander de l\u2019aide, d\u2019autres simplement pour poser leur sac dans un endroit silencieux que leur appartement ne permet pas. \u00ab\u00a0Ils n\u2019ont pas de F6, certains dorment \u00e0 trois dans une chambre.\u00a0\u00bb Dans cette salle modeste, cinq b\u00e9n\u00e9voles encadrent deux soirs par semaine. Pas de tableau num\u00e9rique, mais des feuilles volantes, des stylos mordill\u00e9s, un Monopoly us\u00e9. Chaque enfant s\u2019installe, parfois sans demander un mot : juste le besoin d\u2019une table stable.<\/p>\n<p>    <a href=\"https:\/\/www.google.com\/maps\/embed?pb=!1m18!1m12!1m3!1d23114.090373704526!2d3.8338559999999995!3d43.6011008!2m3!1f0!2f0!3f0!3m2!1i1024!2i768!4f13.1!3m3!1m2!1s0x12b6ae8f2e9cbe8f%3A0x2f5b02ebaa63bf7e!2sPergola%20Petit-Bard%2C%2034080%20Montpellier!5e0!3m2!1sfr!2sfr!4v1761996234215!5m2!1sfr!2sfr\" title=\"Ouvrie le lien\" target=\"_blank\" rel=\"noopener\">Cliquez ici pour visualiser le contenu<\/a><\/p>\n<p>Des visages qui reviennent<\/p>\n<p class=\" wall-content\">En trente ans, Monique a vu d\u00e9filer des familles enti\u00e8res. Quatre enfants de la m\u00eame fratrie parfois. Certains sont arriv\u00e9s en CP, repartis avec un brevet ou un bac, sont revenus adultes, parents \u00e0 leur tour. Un exemple la touche : un jeune, aujourd\u2019hui \u00e2g\u00e9 de 34 ans, qui a fait du th\u00e9\u00e2tre avec eux quand il avait 12 ans. Il continue d\u2019accompagner les adolescents aux repr\u00e9sentations, de monter les d\u00e9cors, de prendre des photos.<\/p>\n<p class=\" wall-content\">Le tournant majeur, c\u2019est l\u2019arriv\u00e9e du th\u00e9\u00e2tre. Il y a 22 ans, St\u00e9phanie Rondot, com\u00e9dienne de la compagnie Intermezzo, cherche des enfants pour monter une pi\u00e8ce. Monique ouvre la porte. Depuis, deux groupes existent : \u00ab\u00a0La parole aux enfants du Petit Bard\u00a0\u00bb pour les plus jeunes, \u00ab\u00a0La Compagnie de l\u2019Esquive\u00a0\u00bb pour les ados \u2014 nom choisi par eux, inspir\u00e9 d\u2019un film sur les banlieues. Chaque ann\u00e9e, ils montent un spectacle, r\u00e9alisent les d\u00e9cors, apprennent des textes, cousent parfois avec l\u2019aide d\u2019une costumi\u00e8re, Emanuela, marionnettiste de profession.<\/p>\n<p>Vid\u00e9os : en ce moment sur Actu<\/p>\n<p class=\" wall-content\">Certaines pi\u00e8ces restent grav\u00e9es. \u00ab\u00a0\u00c0 qui la France\u00a0\u00bb, une suite de petites sc\u00e8nes sur le quotidien dans les quartiers populaires. \u00c9crite par les enfants eux-m\u00eames. Ils y parlaient de voisinage, de papiers administratifs, de racisme ordinaire, de r\u00eaves. Ils ont remport\u00e9 le prix des Talents de l\u2019Avenir cette ann\u00e9e-l\u00e0. Puis \u00ab\u00a0Le jeune prince et la v\u00e9rit\u00e9\u00a0\u00bb de Jean-Claude Carri\u00e8re. L\u2019auteur, originaire de la r\u00e9gion, assiste \u00e0 la repr\u00e9sentation. Une phrase habite encore Monique : \u00ab\u00a0Si tu rencontres quelqu\u2019un qui affirme conna\u00eetre la v\u00e9rit\u00e9, fuis-le. Suis celui qui dit la chercher.\u00a0\u00bb<\/p>\n<p>Des vacances pour ceux qui ne partent jamais<\/p>\n<p class=\" wall-content\">L\u2019ancienne institutrice ne se contente pas du local. Elle si\u00e8ge au conseil d\u00e9partemental du Secours populaire, participe \u00e0 la commission vacances. Chaque \u00e9t\u00e9, des familles volontaires accueillent des enfants quatorze jours. Avant cela, l\u2019\u00e9quipe fait le tour des maisons : on v\u00e9rifie la chambre, la s\u00e9curit\u00e9, l\u2019envie r\u00e9elle d\u2019accueillir. Cette ann\u00e9e, une vingtaine d\u2019enfants sont partis. Certains dans l\u2019H\u00e9rault, d\u2019autres dans les Yvelines ou pr\u00e8s de Bordeaux. Et parfois naissent des histoires longues : un petit gar\u00e7on accueilli \u00e0 9 ans a gard\u00e9 le contact, est revenu chaque \u00e9t\u00e9, a m\u00eame fait son stage de 3e dans l\u2019entreprise du p\u00e8re d\u2019accueil. \u00ab\u00a0Quand une famille nous dit qu\u2019elle veut reprendre le m\u00eame enfant l\u2019ann\u00e9e suivante, c\u2019est qu\u2019on a tout gagn\u00e9.\u00a0\u00bb<\/p>\n<p>Votre r\u00e9gion, votre actu !<\/p>\n<p>Recevez chaque jour les infos qui comptent pour vous.<\/p>\n<p>\t<a href=\"https:\/\/actu.fr\/newsletter\" class=\"ac-btn ac-btn--corner ac-btn--medium ac-btn--blue800\" target=\"_blank\" rel=\"noopener\">S&rsquo;incrire<\/a><\/p>\n<p class=\" wall-content\">Autre engagement : la commission culture. Pour Monique, la solidarit\u00e9 ne se limite pas \u00e0 donner \u00e0 manger. \u00ab\u00a0La culture aussi est une urgence : \u00e7a ouvre des fen\u00eatres.\u00a0\u00bb Avec d\u2019autres b\u00e9n\u00e9voles, elle organise des sorties \u00e0 l\u2019Op\u00e9ra de Montpellier, des visites au mus\u00e9e Fabre, des r\u00e9p\u00e9titions g\u00e9n\u00e9rales de l\u2019Orchestre national. Les \u00ab\u00a0accueillis\u00a0\u00bb s\u2019habillent parfois avec leurs plus beaux v\u00eatements pour entrer dans ces lieux o\u00f9 ils n\u2019auraient jamais imagin\u00e9 aller.<\/p>\n<p>Enseigner encore, autrement<\/p>\n<p class=\" wall-content\">L\u2019\u00e9quipe du Petit Bard compte cinq personnes. Stable, soud\u00e9e. Chacun vient selon ses disponibilit\u00e9s. L\u2019une ne peut venir qu\u2019un jour par semaine, un \u00e9tudiant passe quand il peut. Pas de protocole : juste un mot d\u2019ordre, \u00ab\u00a0il faut que la porte soit ouverte\u00a0\u00bb. Monique s\u2019occupe surtout des plus petits, <strong>du CP au CE2<\/strong>. Ses fiches plastifi\u00e9es sont rang\u00e9es dans une pochette cartonn\u00e9e. Les pr\u00e9noms sont \u00e9crits au stylo bleu sur une feuille accroch\u00e9e au mur. Les autres b\u00e9n\u00e9voles prennent les coll\u00e9giens, les exercices de physique ou d\u2019anglais. Pas besoin d\u2019\u00eatre professeur pour rejoindre l\u2019\u00e9quipe, assure-t-elle. \u00ab\u00a0Il faut des bases, de la patience, de la bienveillance. Pas de dipl\u00f4me obligatoire.\u00a0\u00bb Souvent, elle dit aux b\u00e9n\u00e9voles d\u00e9butants : \u00ab\u00a0Installez-vous. Si \u00e7a vous pla\u00eet, vous resterez.\u00a0\u00bb<\/p>\n<p>    <img   decoding=\"async\" loading=\"lazy\" src=\"https:\/\/www.europesays.com\/fr\/wp-content\/uploads\/2025\/12\/tempimagezgngpn-960x640.jpg\" alt=\"La petite salle du local associatif, am\u00e9nag\u00e9e pour accueillir les enfants apr\u00e8s l\u2019\u00e9cole.\" width=\"960\" height=\"640\"\/><br \/>\n    La petite salle du local associatif, am\u00e9nag\u00e9e pour accueillir les enfants apr\u00e8s l\u2019\u00e9cole. (\u00a9M\u00e9tropolitain \/ LP)<\/p>\n<p class=\" wall-content\">Monique refuse l\u2019image de la b\u00e9n\u00e9vole h\u00e9ro\u00efque qui se sacrifie. Elle reconna\u00eet que ce b\u00e9n\u00e9volat lui apporte autant qu\u2019aux enfants. \u00ab\u00a0On est attendus quelque part. C\u2019est pr\u00e9cieux quand on ne travaille plus.\u00a0\u00bb Elle est aussi musicienne, violoniste. \u00ab\u00a0La musique, c\u2019est pour soi. Le Secours populaire, c\u2019est pour les autres. Les deux m\u2019\u00e9quilibrent.\u00a0\u00bb<\/p>\n<p class=\" wall-content\">Personnalisez votre actualit\u00e9 en ajoutant vos villes et m\u00e9dias en favori avec <a href=\"https:\/\/moncompte.actu.fr\" title=\"D\u00e9couvez Mon Actu\" rel=\"nofollow noopener\" data-trk=\"{&quot;cta&quot;:{&quot;action&quot;:&quot;https:\\\/\\\/moncompte.actu.fr&quot;,&quot;category&quot;:&quot;mon compte&quot;,&quot;from&quot;:&quot;article footer&quot;,&quot;name&quot;:&quot;Mon actu&quot;,&quot;type&quot;:&quot;cta&quot;}}\" target=\"_blank\">Mon Actu<\/a>.<\/p>\n","protected":false},"excerpt":{"rendered":"Par L\u00e9a Pippinato Publi\u00e9 le 30 d\u00e9c. 2025 \u00e0 6h12 N\u00e9e \u00e0 Montpellier, pass\u00e9e par l\u2019\u00e9cole \u00e9l\u00e9mentaire Auguste&hellip;\n","protected":false},"author":2,"featured_media":629355,"comment_status":"","ping_status":"","sticky":false,"template":"","format":"standard","meta":{"footnotes":""},"categories":[9599],"tags":[1111,11,10263,1719,1777,674,1011,27,2208,12,2680,25,104,3400],"class_list":{"0":"post-629354","1":"post","2":"type-post","3":"status-publish","4":"format-standard","5":"has-post-thumbnail","7":"category-montpellier","8":"tag-actu","9":"tag-actualites","10":"tag-benevolat","11":"tag-enfants","12":"tag-eu","13":"tag-europe","14":"tag-fr","15":"tag-france","16":"tag-montpellier","17":"tag-news","18":"tag-occitanie","19":"tag-republique-francaise","20":"tag-societe","21":"tag-solidarite"},"share_on_mastodon":{"url":"https:\/\/pubeurope.com\/@fr\/115807326419608299","error":""},"_links":{"self":[{"href":"https:\/\/www.europesays.com\/fr\/wp-json\/wp\/v2\/posts\/629354","targetHints":{"allow":["GET"]}}],"collection":[{"href":"https:\/\/www.europesays.com\/fr\/wp-json\/wp\/v2\/posts"}],"about":[{"href":"https:\/\/www.europesays.com\/fr\/wp-json\/wp\/v2\/types\/post"}],"author":[{"embeddable":true,"href":"https:\/\/www.europesays.com\/fr\/wp-json\/wp\/v2\/users\/2"}],"replies":[{"embeddable":true,"href":"https:\/\/www.europesays.com\/fr\/wp-json\/wp\/v2\/comments?post=629354"}],"version-history":[{"count":0,"href":"https:\/\/www.europesays.com\/fr\/wp-json\/wp\/v2\/posts\/629354\/revisions"}],"wp:featuredmedia":[{"embeddable":true,"href":"https:\/\/www.europesays.com\/fr\/wp-json\/wp\/v2\/media\/629355"}],"wp:attachment":[{"href":"https:\/\/www.europesays.com\/fr\/wp-json\/wp\/v2\/media?parent=629354"}],"wp:term":[{"taxonomy":"category","embeddable":true,"href":"https:\/\/www.europesays.com\/fr\/wp-json\/wp\/v2\/categories?post=629354"},{"taxonomy":"post_tag","embeddable":true,"href":"https:\/\/www.europesays.com\/fr\/wp-json\/wp\/v2\/tags?post=629354"}],"curies":[{"name":"wp","href":"https:\/\/api.w.org\/{rel}","templated":true}]}}