{"id":629362,"date":"2025-12-30T07:33:11","date_gmt":"2025-12-30T07:33:11","guid":{"rendered":"https:\/\/www.europesays.com\/fr\/629362\/"},"modified":"2025-12-30T07:33:11","modified_gmt":"2025-12-30T07:33:11","slug":"bus-metro-les-horaires-des-transports-modifies-pour-les-fetes-de-fin-dannee","status":"publish","type":"post","link":"https:\/\/www.europesays.com\/fr\/629362\/","title":{"rendered":"bus, m\u00e9tro&#8230; Les horaires des transports modifi\u00e9s pour les f\u00eates de fin d&rsquo;ann\u00e9e"},"content":{"rendered":"<p>                    Par<br \/>\n        <strong><br \/>\n            <a href=\"https:\/\/actu.fr\/auteur\/laurene-fertin\" title=\"Consulter tous les articles de Laur\u00e8ne Fertin\" target=\"_blank\" rel=\"noopener\">Laur\u00e8ne Fertin<\/a><br \/>\n                    <\/strong><\/p>\n<p>        Publi\u00e9 le<\/p>\n<p>            30 d\u00e9c. 2025 \u00e0 6h32        <\/p>\n<p>Pour vous d\u00e9placer \u00e0 Rennes durant les f\u00eates de fin d\u2019ann\u00e9e, <strong>les horaires des transports<\/strong> en commun ne seront pas les m\u00eames que d\u2019ordinaire.<\/p>\n<p>Pour la soir\u00e9e du Nouvel An<\/p>\n<p class=\" wall-content\">Dans la nuit du 31\u00a0d\u00e9cembre 2025 au 1er\u00a0janvier 2026, les deux lignes du <strong>m\u00e9tro<\/strong> circuleront <strong>toute la nuit<\/strong> avec une fr\u00e9quence de 6\u00a0minutes <strong>entre 1h35 et 7h30<\/strong>.<\/p>\n<p class=\" wall-content\">Concernant <strong>les bus<\/strong>\u2009:<\/p>\n<ul class=\" wall-content\">\n<li>les lignes CHRONOSTAR (<strong>C1, C2, C3, C4, C5, C6 et C7<\/strong>) sont prolong\u00e9es jusqu\u2019\u00e0 1h35\u2009;<\/li>\n<li>les STAR de Nuit <strong>N1 \u2013 N3 \u2013 N4 \u2013 N5<\/strong> circulent, avec des horaires d\u2019un samedi soir\u2009;<\/li>\n<li>le STAR de Nuit<strong> N2 ne circulera pas<\/strong>\u2009;<\/li>\n<li><strong>les lignes m\u00e9tropolitaines<\/strong> circuleront comme un samedi soir vers les communes, avec un d\u00e9part \u00e0 00h15 (et non 00h) et \u00e0 1h35\u2009;<\/li>\n<li>concernant <strong>la ligne 11<\/strong>, le d\u00e9part de 1h10 du Jardin Moderne est supprim\u00e9.<\/li>\n<\/ul>\n<p class=\" wall-content\"><strong>Le service Handistar<\/strong> sera prolong\u00e9 jusqu\u2019\u00e0 2h, sur r\u00e9servation <a href=\"https:\/\/handistar.star.fr\/\" target=\"_blank\" rel=\"noopener\">ici<\/a>.<\/p>\n<p class=\" wall-content\"><strong>Les parcs-relais<\/strong> Saint-Jacques \u2013 Ga\u00eet\u00e9, Cesson-Viasilva, La Poterie et Villejean-Universit\u00e9 sont ouverts <strong>toute la nuit.<\/strong> Les parcs relais Les Gayeulles, Les Pr\u00e9ales, Henri Fr\u00e9ville et J.F Kennedy sont, quant \u00e0 eux, <strong>ouverts jusqu\u2019\u00e0 2h du matin.<\/strong><\/p>\n<p class=\" wall-content\">Personnalisez votre actualit\u00e9 en ajoutant vos villes et m\u00e9dias en favori avec <a href=\"https:\/\/moncompte.actu.fr\" title=\"D\u00e9couvez Mon Actu\" rel=\"nofollow noopener\" data-trk=\"{&quot;cta&quot;:{&quot;action&quot;:&quot;https:\\\/\\\/moncompte.actu.fr&quot;,&quot;category&quot;:&quot;mon compte&quot;,&quot;from&quot;:&quot;article footer&quot;,&quot;name&quot;:&quot;Mon actu&quot;,&quot;type&quot;:&quot;cta&quot;}}\" target=\"_blank\">Mon Actu<\/a>.<\/p>\n","protected":false},"excerpt":{"rendered":"Par Laur\u00e8ne Fertin Publi\u00e9 le 30 d\u00e9c. 2025 \u00e0 6h32 Pour vous d\u00e9placer \u00e0 Rennes durant les f\u00eates&hellip;\n","protected":false},"author":2,"featured_media":629363,"comment_status":"","ping_status":"","sticky":false,"template":"","format":"standard","meta":{"footnotes":""},"categories":[2821],"tags":[1111,11,829,1777,674,1011,27,12,57084,57085,584,25,5001,104],"class_list":{"0":"post-629362","1":"post","2":"type-post","3":"status-publish","4":"format-standard","5":"has-post-thumbnail","7":"category-rennes","8":"tag-actu","9":"tag-actualites","10":"tag-bretagne","11":"tag-eu","12":"tag-europe","13":"tag-fr","14":"tag-france","15":"tag-news","16":"tag-noel-a-rennes","17":"tag-nouvel-an-a-rennes","18":"tag-rennes","19":"tag-republique-francaise","20":"tag-reseau-star","21":"tag-societe"},"share_on_mastodon":{"url":"https:\/\/pubeurope.com\/@fr\/115807361714845362","error":""},"_links":{"self":[{"href":"https:\/\/www.europesays.com\/fr\/wp-json\/wp\/v2\/posts\/629362","targetHints":{"allow":["GET"]}}],"collection":[{"href":"https:\/\/www.europesays.com\/fr\/wp-json\/wp\/v2\/posts"}],"about":[{"href":"https:\/\/www.europesays.com\/fr\/wp-json\/wp\/v2\/types\/post"}],"author":[{"embeddable":true,"href":"https:\/\/www.europesays.com\/fr\/wp-json\/wp\/v2\/users\/2"}],"replies":[{"embeddable":true,"href":"https:\/\/www.europesays.com\/fr\/wp-json\/wp\/v2\/comments?post=629362"}],"version-history":[{"count":0,"href":"https:\/\/www.europesays.com\/fr\/wp-json\/wp\/v2\/posts\/629362\/revisions"}],"wp:featuredmedia":[{"embeddable":true,"href":"https:\/\/www.europesays.com\/fr\/wp-json\/wp\/v2\/media\/629363"}],"wp:attachment":[{"href":"https:\/\/www.europesays.com\/fr\/wp-json\/wp\/v2\/media?parent=629362"}],"wp:term":[{"taxonomy":"category","embeddable":true,"href":"https:\/\/www.europesays.com\/fr\/wp-json\/wp\/v2\/categories?post=629362"},{"taxonomy":"post_tag","embeddable":true,"href":"https:\/\/www.europesays.com\/fr\/wp-json\/wp\/v2\/tags?post=629362"}],"curies":[{"name":"wp","href":"https:\/\/api.w.org\/{rel}","templated":true}]}}