{"id":629370,"date":"2025-12-30T07:38:12","date_gmt":"2025-12-30T07:38:12","guid":{"rendered":"https:\/\/www.europesays.com\/fr\/629370\/"},"modified":"2025-12-30T07:38:12","modified_gmt":"2025-12-30T07:38:12","slug":"ou-peut-on-jeter-son-sapin-de-noel-gratuitement","status":"publish","type":"post","link":"https:\/\/www.europesays.com\/fr\/629370\/","title":{"rendered":"o\u00f9 peut-on jeter son sapin de No\u00ebl gratuitement\u00a0?"},"content":{"rendered":"<p>                    Par<br \/>\n        <strong><br \/>\n            <a href=\"https:\/\/actu.fr\/auteur\/redaction-nantes\" title=\"Consulter tous les articles de R\u00e9daction Nantes\" target=\"_blank\" rel=\"noopener\">R\u00e9daction Nantes<\/a><br \/>\n                    <\/strong><\/p>\n<p>        Publi\u00e9 le<\/p>\n<p>            30 d\u00e9c. 2025 \u00e0 6h40        <\/p>\n<p>No\u00ebl, c\u2019est termin\u00e9, mais le sapin est encore l\u00e0, encombrant votre salon. Pas de panique, \u00e0 Nantes, la VIlle propose aux habitants de d\u00e9poser leur <b>sapin<\/b>, gratuitement, dans des points de collecte sp\u00e9cialement d\u00e9di\u00e9s \u00e0 cet effet, \u00e0 partir du<b> samedi 3\u00a0janvier et jusqu\u2019au mercredi 21\u00a0j<\/b>anvier.<\/p>\n<p>Les conditions \u00e0 respecter<\/p>\n<p class=\" wall-content\">Attention, on ne peut pas d\u00e9poser le sapin n\u2019importe comment. Il doit s\u2019agir de<b> sapins naturels, sans d\u00e9coration<\/b>, neige artificielle, et <b>sans sac de transport <\/b>m\u00eame biod\u00e9gradable ou compostable, car sa pr\u00e9sence<b> emp\u00eache le broyage du sapin<\/b>. Car, une fois r\u00e9cup\u00e9r\u00e9s par l\u2019op\u00e9rateur de collecte de Nantes M\u00e9tropole, les arbres seront amen\u00e9s vers une plateforme de broyage. \u00ab\u2009Ils seront ensuite utilis\u00e9s pour pailler les massifs des parcs et jardins de la ville, et prot\u00e9ger le sol et les plantations du froid et de l\u2019\u00e9vaporation de l\u2019eau \u00bb, indique la Ville de Nantes.<\/p>\n<p class=\" wall-content\"><b>En janvier\u00a02025, 10\u2009300 sapins avaient \u00e9t\u00e9 collect\u00e9s,<\/b> pour un tonnage de 53\u00a0tonnes \u2013 une hausse de pr\u00e8s de 20\u2009% par rapport \u00e0 la collecte de 2024.<\/p>\n<p>O\u00f9 trouver les points de collecte\u2009?<\/p>\n<p class=\" wall-content\">Du samedi\u00a03 au vendredi 9\u00a0janvier 2026 de 9h \u00e0 18h\u2009:<\/p>\n<ul class=\" wall-content\">\n<li><b>Malakoff \u2013 Saint Donatien\u2009:<\/b> parc de la Moutonnerie (rue Francisco-Ferrer)<\/li>\n<li><b>\u00cele de Nantes\u2009:<\/b> square Vertais (rue Vertais)<\/li>\n<li><b>Nantes Sud\u2009:<\/b> gymnase de la Ripossi\u00e8re (rue des Gobelets)<\/li>\n<li><b>Hauts-Pav\u00e9s \u2013 Saint-F\u00e9lix\u2009:<\/b> place Viarme (jusqu\u2019au lundi 12\u00a0janvier)<\/li>\n<\/ul>\n<p class=\" wall-content\">Du samedi\u00a010 au lundi 12\u00a0janvier 2026 de 9h \u00e0 18h\u2009:<b\/><\/p>\n<p>Votre r\u00e9gion, votre actu !<\/p>\n<p>Recevez chaque jour les infos qui comptent pour vous.<\/p>\n<p>\t<a href=\"https:\/\/actu.fr\/newsletter\" class=\"ac-btn ac-btn--corner ac-btn--medium ac-btn--blue800\" target=\"_blank\" rel=\"noopener\">S&rsquo;incrire<\/a><\/p>\n<ul class=\" wall-content\">\n<li><b>Bellevue \u2013 Chantenay \u2013 Sainte-Anne\u2009:<\/b> face \u00e0 la Maison de quartier Le-Dix (place des Garennes)<\/li>\n<li><b>Dervalli\u00e8res \u2013 Zola\u2009:<\/b> march\u00e9 de Zola (place Emile-Zola) (ainsi que les 13 et 14 janvier)<\/li>\n<li><b>Breil-Barberie\u2009:<\/b> square Washington (place George-Washington) (ainsi que les\u00a08 et 9\u00a0janvier)<\/li>\n<li><b>Centre-ville\u2009:<\/b> cours Saint-Andr\u00e9 (place Mar\u00e9chal-Foch) du samedi\u00a010 au lundi 19\u00a0janvier de 9h \u00e0 18h<\/li>\n<\/ul>\n<p class=\" wall-content\">Du samedi\u00a017 au mercredi 21\u00a0janvier 2026 de 9h \u00e0 18h\u2009:<b\/><\/p>\n<ul class=\" wall-content\">\n<li><b>Nantes Nord\u2009: <\/b>place du Baut (avenue d\u2019Assise)<\/li>\n<li><b>Nantes Erdre\u2009:<\/b> gymnase Jean-Jahan (route de Saint-Joseph)<\/li>\n<li><b>Doulon \u2013 Botti\u00e8re\u2009:<\/b> parc du Grand-Blottereau (boulevard Auguste-Peneau)<\/li>\n<\/ul>\n<p class=\" wall-content\">Il est aussi toujours possible de d\u00e9poser les sapins en d\u00e9ch\u00e8terie.<\/p>\n<p class=\" wall-content\">Personnalisez votre actualit\u00e9 en ajoutant vos villes et m\u00e9dias en favori avec <a href=\"https:\/\/moncompte.actu.fr\" title=\"D\u00e9couvez Mon Actu\" rel=\"nofollow noopener\" data-trk=\"{&quot;cta&quot;:{&quot;action&quot;:&quot;https:\\\/\\\/moncompte.actu.fr&quot;,&quot;category&quot;:&quot;mon compte&quot;,&quot;from&quot;:&quot;article footer&quot;,&quot;name&quot;:&quot;Mon actu&quot;,&quot;type&quot;:&quot;cta&quot;}}\" target=\"_blank\">Mon Actu<\/a>.<\/p>\n","protected":false},"excerpt":{"rendered":"Par R\u00e9daction Nantes Publi\u00e9 le 30 d\u00e9c. 2025 \u00e0 6h40 No\u00ebl, c\u2019est termin\u00e9, mais le sapin est encore&hellip;\n","protected":false},"author":2,"featured_media":629371,"comment_status":"","ping_status":"","sticky":false,"template":"","format":"standard","meta":{"footnotes":""},"categories":[2818],"tags":[1111,11,3008,1777,674,1011,27,766,12,15830,2636,3887,25,104],"class_list":{"0":"post-629370","1":"post","2":"type-post","3":"status-publish","4":"format-standard","5":"has-post-thumbnail","7":"category-nantes","8":"tag-actu","9":"tag-actualites","10":"tag-dechets","11":"tag-eu","12":"tag-europe","13":"tag-fr","14":"tag-france","15":"tag-nantes","16":"tag-news","17":"tag-noel","18":"tag-pays-de-la-loire","19":"tag-recyclage","20":"tag-republique-francaise","21":"tag-societe"},"share_on_mastodon":{"url":"https:\/\/pubeurope.com\/@fr\/115807381265305136","error":""},"_links":{"self":[{"href":"https:\/\/www.europesays.com\/fr\/wp-json\/wp\/v2\/posts\/629370","targetHints":{"allow":["GET"]}}],"collection":[{"href":"https:\/\/www.europesays.com\/fr\/wp-json\/wp\/v2\/posts"}],"about":[{"href":"https:\/\/www.europesays.com\/fr\/wp-json\/wp\/v2\/types\/post"}],"author":[{"embeddable":true,"href":"https:\/\/www.europesays.com\/fr\/wp-json\/wp\/v2\/users\/2"}],"replies":[{"embeddable":true,"href":"https:\/\/www.europesays.com\/fr\/wp-json\/wp\/v2\/comments?post=629370"}],"version-history":[{"count":0,"href":"https:\/\/www.europesays.com\/fr\/wp-json\/wp\/v2\/posts\/629370\/revisions"}],"wp:featuredmedia":[{"embeddable":true,"href":"https:\/\/www.europesays.com\/fr\/wp-json\/wp\/v2\/media\/629371"}],"wp:attachment":[{"href":"https:\/\/www.europesays.com\/fr\/wp-json\/wp\/v2\/media?parent=629370"}],"wp:term":[{"taxonomy":"category","embeddable":true,"href":"https:\/\/www.europesays.com\/fr\/wp-json\/wp\/v2\/categories?post=629370"},{"taxonomy":"post_tag","embeddable":true,"href":"https:\/\/www.europesays.com\/fr\/wp-json\/wp\/v2\/tags?post=629370"}],"curies":[{"name":"wp","href":"https:\/\/api.w.org\/{rel}","templated":true}]}}