{"id":629372,"date":"2025-12-30T07:39:18","date_gmt":"2025-12-30T07:39:18","guid":{"rendered":"https:\/\/www.europesays.com\/fr\/629372\/"},"modified":"2025-12-30T07:39:18","modified_gmt":"2025-12-30T07:39:18","slug":"trois-pistes-brulantes-activees-pour-enflammer-la-saison","status":"publish","type":"post","link":"https:\/\/www.europesays.com\/fr\/629372\/","title":{"rendered":"Trois pistes br\u00fblantes activ\u00e9es pour enflammer la saison !"},"content":{"rendered":"<p>                                            Publi\u00e9 le 30\/12\/2025 \u00e0 06h30<br \/>\n                                                                                3 minutes de lecture\n                                                                    <\/p>\n<p>F\u00e9ru de sport et plus particuli\u00e8rement de ballon rond depuis ma plus tendre enfance.<\/p>\n<p>                                            Lire la suite<\/p>\n<p>Le FC Nantes pr\u00e9pare activement son mercato hivernal avec une strat\u00e9gie ambitieuse orchestr\u00e9e par la famille Kita. Les dirigeants nantais ont clairement d\u00e9fini leurs objectifs pour redresser la situation sportive de l\u00a0\u00bb\u00e9quipe et comptent bien frapper fort d\u00e8s le mois de janvier. <strong>Zakaria Aboukhlal<\/strong>, l&rsquo;attaquant marocain du Torino, repr\u00e9sente la priorit\u00e9 absolue des Canaris pour renforcer leur ligne offensive d\u00e9faillante. Cette approche s&rsquo;inscrit dans une d\u00e9marche plus globale visant \u00e0 recruter <strong>au moins quatre joueurs<\/strong> durant la p\u00e9riode hivernale. Les n\u00e9gociations sont d\u00e9j\u00e0 bien engag\u00e9es sur plusieurs fronts, t\u00e9moignant de la d\u00e9termination du club \u00e0 inverser la tendance. <strong>Waldemar Kita<\/strong> semble avoir donn\u00e9 son feu vert pour des investissements significatifs, conscient que l&rsquo;avenir sportif du club se joue en grande partie lors de cette fen\u00eatre de transferts cruciale.<\/p>\n<p>                                <img decoding=\"async\" src=\"https:\/\/www.europesays.com\/fr\/wp-content\/uploads\/2025\/04\/1744123449_543_logo.png\" alt=\"Logo\"\/><\/p>\n<p>100\u20ac offerts sur ton 1er pari !<\/p>\n<p>                            <a href=\"https:\/\/www.score.fr\/redirection\/1\/\" class=\"headband-button\" target=\"_blank\" rel=\"noopener\">J&rsquo;en profite<\/a><\/p>\n<p>                                                                <img loading=\"lazy\" decoding=\"async\" src=\"https:\/\/www.europesays.com\/fr\/wp-content\/uploads\/2025\/12\/mercato-nantes-trois-pistes-brulantes-activees-pour-enflammer-la-saison.jpg\" alt=\"Illustration : &quot;Mercato Nantes : Trois pistes br\u00fblantes activ\u00e9es pour enflammer la saison !&quot;\" class=\"figure-img img-fluid\" width=\"780\" height=\"478\"\/><\/p>\n<p>                                    \u00a9 Site officiel du FC Nantes                                <\/p>\n<p>Aboukhlal, la piste prioritaire pour l&rsquo;attaque<\/p>\n<p>L&rsquo;international marocain <strong>Zakaria Aboukhlal<\/strong> cristallise toutes les attentions nantaises pour ce mercato hivernal. \u00c2g\u00e9 de <strong>25 ans<\/strong>, l&rsquo;attaquant traverse une p\u00e9riode difficile au Torino o\u00f9 il peine \u00e0 s&rsquo;imposer depuis son arriv\u00e9e l&rsquo;\u00e9t\u00e9 dernier. Avec seulement <strong>9 matches disput\u00e9s<\/strong> cette saison et aucune statistique notable \u00e0 son actif, le joueur serait ouvert \u00e0 un changement d&rsquo;air. Son profil correspond parfaitement aux attentes nantaises, d&rsquo;autant qu&rsquo;il conna\u00eet d\u00e9j\u00e0 parfaitement la Ligue 1 pour y avoir brill\u00e9 sous les couleurs de Toulouse. Le FC Nantes mise sur cette connaissance du championnat fran\u00e7ais pour faciliter son adaptation et esp\u00e8re boucler l&rsquo;op\u00e9ration sous la forme d&rsquo;un <strong>pr\u00eat avec option d&rsquo;achat fix\u00e9e \u00e0 6 millions d&rsquo;euros<\/strong>. Cette formule permettrait au club de tester le joueur avant un \u00e9ventuel investissement d\u00e9finitif, tout en offrant \u00e0 Aboukhlal l&rsquo;opportunit\u00e9 de relancer sa carri\u00e8re dans un environnement familier.<\/p>\n<p>Un mercato ambitieux avec plusieurs cibles<\/p>\n<p>Au-del\u00e0 du dossier Aboukhlal, les dirigeants nantais ont identifi\u00e9 <strong>trois autres renforts<\/strong> pour compl\u00e9ter leur effectif durant cette p\u00e9riode hivernale. Les discussions sont particuli\u00e8rement avanc\u00e9es concernant un milieu de terrain \u00e9voluant actuellement en Ligue 1, dont l&rsquo;identit\u00e9 reste pour l&rsquo;instant confidentielle. Cette approche m\u00e9thodique t\u00e9moigne d&rsquo;une planification rigoureuse de la part de la direction sportive, qui souhaite apporter des solutions concr\u00e8tes aux carences observ\u00e9es dans diff\u00e9rents secteurs de jeu. Les discussions sont bien engag\u00e9es et les n\u00e9gociations avancent dans le bon sens, sans accord final, pr\u00e9cisent nos sources proches du dossier. Cette prudence dans la communication contraste avec la d\u00e9termination affich\u00e9e en coulisses, o\u00f9 <strong>Waldemar Kita<\/strong> semble pr\u00eat \u00e0 investir pour redonner des ambitions sportives \u00e0 son club. L&rsquo;objectif est clair : finaliser rapidement ces op\u00e9rations pour permettre aux nouveaux arrivants de s&rsquo;int\u00e9grer avant la reprise du championnat.<\/p>\n<p>Une strat\u00e9gie de redressement hivernal<\/p>\n<p>Cette offensive sur le march\u00e9 des transferts s&rsquo;inscrit dans une volont\u00e9 claire de redresser la courbe des r\u00e9sultats cet hiver. La direction nantaise a conscience que la situation actuelle n\u00e9cessite des mesures fortes et rapides pour \u00e9viter de sombrer davantage au classement. <strong>L&rsquo;exp\u00e9rience d&rsquo;Aboukhlal en Ligue 1<\/strong> repr\u00e9sente un atout majeur dans cette optique, le joueur ayant d\u00e9j\u00e0 fait ses preuves dans le championnat fran\u00e7ais avant son passage en Serie A. Les n\u00e9gociations s&rsquo;annoncent n\u00e9anmoins <strong>\u00e2pres<\/strong> selon les informations recueillies, mais la d\u00e9termination du club laisse pr\u00e9sager des aboutissements positifs dans les semaines \u00e0 venir. Cette approche volontariste du mercato hivernal pourrait bien constituer un tournant d\u00e9cisif pour l&rsquo;avenir des Canaris cette saison.<\/p>\n<p><strong>Ce dimanche 4 janvier, le FC Nantes d\u00e9fie l\u2019OM dans son V\u00e9lodrome pour cr\u00e9er la sensation en cette nouvelle ann\u00e9e. \u00c0 cette occasion, profitez de 100\u20ac offerts pour votre premi\u00e8re inscription sur Parions Sport en Ligne. Les Canaris limitent la casse \u00e0 Marseille ?<\/strong><a href=\"https:\/\/www.score.fr\/redirection\/1\/\" target=\"_blank\" rel=\"noopener\"><strong> Pariez sur une victoire, un match nul ou une d\u00e9faite de maximum un but d\u2019\u00e9cart du FC Nantes \u00e0 l\u2019OM vous rapporte jusqu\u2019\u00e0 210 \u20ac !<\/strong><\/a><\/p>\n<p><strong>Pour en profiter, c\u2019est tr\u00e8s simple :<\/strong><\/p>\n<p><strong>&#8211; Cr\u00e9ez votre compte joueur en seulement 2 \u00e9tapes <\/strong><a href=\"https:\/\/www.score.fr\/redirection\/1\/\" target=\"_blank\" rel=\"noopener\"><strong>ici<\/strong><\/a><\/p>\n<p><strong>&#8211; R\u00e9alisez votre 1er d\u00e9p\u00f4t puis placez votre 1er pari (Minimum 5\u20ac)<\/strong><\/p>\n<p><strong>&#8211; Une fois votre 1er d\u00e9p\u00f4t et votre 1er pari r\u00e9alis\u00e9s, l\u2019int\u00e9gralit\u00e9 du montant de ce 1er pari sera cr\u00e9dit\u00e9e sur votre compte joueur dans la limite de 100\u20ac maximum et sous la forme de cr\u00e9dits de jeu non retirables. Le cr\u00e9dit s\u2019effectuera alors en une seule \u00e9tape et sous 3 jours<\/strong><\/p>\n<p><strong>Jouer comporte des risques : endettement, d\u00e9pendance\u2026 Appelez le 09 74 75 13 13 (appel non surtax\u00e9)<\/strong><\/p>\n","protected":false},"excerpt":{"rendered":"Publi\u00e9 le 30\/12\/2025 \u00e0 06h30 3 minutes de lecture F\u00e9ru de sport et plus particuli\u00e8rement de ballon rond&hellip;\n","protected":false},"author":2,"featured_media":629373,"comment_status":"","ping_status":"","sticky":false,"template":"","format":"standard","meta":{"footnotes":""},"categories":[2818],"tags":[1111,11,1777,674,1011,27,766,12,2636,25],"class_list":{"0":"post-629372","1":"post","2":"type-post","3":"status-publish","4":"format-standard","5":"has-post-thumbnail","7":"category-nantes","8":"tag-actu","9":"tag-actualites","10":"tag-eu","11":"tag-europe","12":"tag-fr","13":"tag-france","14":"tag-nantes","15":"tag-news","16":"tag-pays-de-la-loire","17":"tag-republique-francaise"},"share_on_mastodon":{"url":"https:\/\/pubeurope.com\/@fr\/115807385369972022","error":""},"_links":{"self":[{"href":"https:\/\/www.europesays.com\/fr\/wp-json\/wp\/v2\/posts\/629372","targetHints":{"allow":["GET"]}}],"collection":[{"href":"https:\/\/www.europesays.com\/fr\/wp-json\/wp\/v2\/posts"}],"about":[{"href":"https:\/\/www.europesays.com\/fr\/wp-json\/wp\/v2\/types\/post"}],"author":[{"embeddable":true,"href":"https:\/\/www.europesays.com\/fr\/wp-json\/wp\/v2\/users\/2"}],"replies":[{"embeddable":true,"href":"https:\/\/www.europesays.com\/fr\/wp-json\/wp\/v2\/comments?post=629372"}],"version-history":[{"count":0,"href":"https:\/\/www.europesays.com\/fr\/wp-json\/wp\/v2\/posts\/629372\/revisions"}],"wp:featuredmedia":[{"embeddable":true,"href":"https:\/\/www.europesays.com\/fr\/wp-json\/wp\/v2\/media\/629373"}],"wp:attachment":[{"href":"https:\/\/www.europesays.com\/fr\/wp-json\/wp\/v2\/media?parent=629372"}],"wp:term":[{"taxonomy":"category","embeddable":true,"href":"https:\/\/www.europesays.com\/fr\/wp-json\/wp\/v2\/categories?post=629372"},{"taxonomy":"post_tag","embeddable":true,"href":"https:\/\/www.europesays.com\/fr\/wp-json\/wp\/v2\/tags?post=629372"}],"curies":[{"name":"wp","href":"https:\/\/api.w.org\/{rel}","templated":true}]}}