{"id":629376,"date":"2025-12-30T07:41:09","date_gmt":"2025-12-30T07:41:09","guid":{"rendered":"https:\/\/www.europesays.com\/fr\/629376\/"},"modified":"2025-12-30T07:41:09","modified_gmt":"2025-12-30T07:41:09","slug":"les-trois-gardes-a-vue-levees-2","status":"publish","type":"post","link":"https:\/\/www.europesays.com\/fr\/629376\/","title":{"rendered":"les trois gardes \u00e0 vue lev\u00e9es"},"content":{"rendered":"<p>Dans la foul\u00e9e de cette rixe, trois suspects, dont un mineur, avaient \u00e9t\u00e9 interpell\u00e9s et plac\u00e9s en garde \u00e0 vue. Ces derni\u00e8res ont \u00e9t\u00e9 lev\u00e9es, ce lundi 29\u00a0d\u00e9cembre. Les investigations, confi\u00e9es \u00e0 la division de la criminalit\u00e9 territoriale (DCT), n\u2019ont pas permis d\u2019\u00e9tablir qu\u2019ils \u00e9taient impliqu\u00e9s dans les violences. L\u2019enqu\u00eate se poursuit donc. L\u2019origine de cette rixe serait un diff\u00e9rend opposant des groupes rivaux de deux villes alg\u00e9riennes.<\/p>\n","protected":false},"excerpt":{"rendered":"Dans la foul\u00e9e de cette rixe, trois suspects, dont un mineur, avaient \u00e9t\u00e9 interpell\u00e9s et plac\u00e9s en garde&hellip;\n","protected":false},"author":2,"featured_media":629377,"comment_status":"","ping_status":"","sticky":false,"template":"","format":"standard","meta":{"footnotes":""},"categories":[2817],"tags":[1111,11,1997,1777,674,1011,27,12,2219,25],"class_list":{"0":"post-629376","1":"post","2":"type-post","3":"status-publish","4":"format-standard","5":"has-post-thumbnail","7":"category-bordeaux","8":"tag-actu","9":"tag-actualites","10":"tag-bordeaux","11":"tag-eu","12":"tag-europe","13":"tag-fr","14":"tag-france","15":"tag-news","16":"tag-nouvelle-aquitaine","17":"tag-republique-francaise"},"share_on_mastodon":{"url":"https:\/\/pubeurope.com\/@fr\/115807393100858989","error":""},"_links":{"self":[{"href":"https:\/\/www.europesays.com\/fr\/wp-json\/wp\/v2\/posts\/629376","targetHints":{"allow":["GET"]}}],"collection":[{"href":"https:\/\/www.europesays.com\/fr\/wp-json\/wp\/v2\/posts"}],"about":[{"href":"https:\/\/www.europesays.com\/fr\/wp-json\/wp\/v2\/types\/post"}],"author":[{"embeddable":true,"href":"https:\/\/www.europesays.com\/fr\/wp-json\/wp\/v2\/users\/2"}],"replies":[{"embeddable":true,"href":"https:\/\/www.europesays.com\/fr\/wp-json\/wp\/v2\/comments?post=629376"}],"version-history":[{"count":0,"href":"https:\/\/www.europesays.com\/fr\/wp-json\/wp\/v2\/posts\/629376\/revisions"}],"wp:featuredmedia":[{"embeddable":true,"href":"https:\/\/www.europesays.com\/fr\/wp-json\/wp\/v2\/media\/629377"}],"wp:attachment":[{"href":"https:\/\/www.europesays.com\/fr\/wp-json\/wp\/v2\/media?parent=629376"}],"wp:term":[{"taxonomy":"category","embeddable":true,"href":"https:\/\/www.europesays.com\/fr\/wp-json\/wp\/v2\/categories?post=629376"},{"taxonomy":"post_tag","embeddable":true,"href":"https:\/\/www.europesays.com\/fr\/wp-json\/wp\/v2\/tags?post=629376"}],"curies":[{"name":"wp","href":"https:\/\/api.w.org\/{rel}","templated":true}]}}