{"id":629382,"date":"2025-12-30T07:45:14","date_gmt":"2025-12-30T07:45:14","guid":{"rendered":"https:\/\/www.europesays.com\/fr\/629382\/"},"modified":"2025-12-30T07:45:14","modified_gmt":"2025-12-30T07:45:14","slug":"greve-des-eboueurs-ca-deborde-a-la-madeleine-hellemmes-une-situation-inacceptable-selon-la-mel","status":"publish","type":"post","link":"https:\/\/www.europesays.com\/fr\/629382\/","title":{"rendered":"Gr\u00e8ve des \u00e9boueurs. \u00c7a d\u00e9borde \u00e0 La Madeleine, Hellemmes&#8230; Une situation \u00ab\u00a0inacceptable\u00a0\u00bb selon la MEL"},"content":{"rendered":"<p>                    Par<br \/>\n        <strong><br \/>\n            <a href=\"https:\/\/actu.fr\/auteur\/annesophie-2\" title=\"Consulter tous les articles de Anne-Sophie Hourdeaux\" target=\"_blank\" rel=\"noopener\">Anne-Sophie Hourdeaux<\/a><br \/>\n                    <\/strong><\/p>\n<p>        Publi\u00e9 le<\/p>\n<p>            30 d\u00e9c. 2025 \u00e0 6h36        <\/p>\n<p>C\u2019est la gal\u00e8re dans <b>52\u00a0communes de la m\u00e9tropole de <a href=\"https:\/\/actu.fr\/hauts-de-france\/lille_59350\" target=\"_blank\" rel=\"noopener\">Lille<\/a><\/b>\u00a0(Nord), de Lille \u00e0 Armenti\u00e8res, d\u2019Illies \u00e0 Frelinghien, en passant par Seclin et Bouvines. <b>La soci\u00e9t\u00e9 Deverra <a href=\"https:\/\/actu.fr\/hauts-de-france\/lille_59350\/eboueurs-la-greve-se-poursuit-dans-52-communes-de-la-metropole-lilloise_63628656.html\" target=\"_blank\" rel=\"noopener\">ne ramasse plus les poubelles <\/a><\/b><a href=\"https:\/\/actu.fr\/hauts-de-france\/lille_59350\/eboueurs-la-greve-se-poursuit-dans-52-communes-de-la-metropole-lilloise_63628656.html\" target=\"_blank\" rel=\"noopener\">depuis le 22\u00a0d\u00e9cembre 2025<\/a> suite \u00e0 un <b>mouvement de gr\u00e8ve li\u00e9 aux conditions de travail des \u00e9boueurs<\/b>. Les habitants ne savent plus quoi faire avec leurs d\u00e9chets, qui s\u2019amoncellent (tr\u00e8s visiblement) sur les trottoirs\u2026 comme \u00e0 <a href=\"https:\/\/actu.fr\/hauts-de-france\/la-madeleine_59368\" target=\"_blank\" rel=\"noopener\">La Madeleine<\/a> et \u00e0 Hellemmes. \u00ab\u00a0Film post-apocalyptique\u00a0\u00bb, entassements \u00ab\u00a0g\u00eanants\u00a0\u00bb, disent les habitants, quand <a href=\"https:\/\/actu.fr\/tag\/metropole-europeenne-de-lille\" target=\"_blank\" rel=\"noopener\">la MEL<\/a> a d\u00e9clar\u00e9 lundi soir, par voie de communiqu\u00e9, qu\u2019elle souhaitait l\u2019apaisement. Sans m\u00e2cher ses mots, l\u2019ex\u00e9cutif m\u00e9tropolitain d\u00e9plore <b>une situation pr\u00e9occupante<\/b>, mais surtout<b> \u00ab\u00a0inacceptable\u00a0\u00bb<\/b>.<\/p>\n<p>    <img   decoding=\"async\" loading=\"lazy\" class=\"size-large\" src=\"https:\/\/www.europesays.com\/fr\/wp-content\/uploads\/2025\/12\/14832b6fa259618832b6fa259fb832v-960x640.jpg\" alt=\"Anne-Sophie Hourdeaux\u00a0\" width=\"960\" height=\"640\"\/><br \/>\n    Voil\u00e0 l\u2019\u00e9tat de certaines rues des villes concern\u00e9es par la gr\u00e8ve des \u00e9boueurs dans la MEL. \u00a9Margot Nicod\u00e8meSituation \u00ab\u00a0inacceptable\u00a0\u00bb pour la MEL, \u00ab\u00a0post-apocalyptique\u00a0\u00bb pour un Madeleinois<\/p>\n<p class=\" wall-content\">\u00ab\u2009Depuis le d\u00e9but du conflit, seulement 20\u2009% des tourn\u00e9es ont \u00e9t\u00e9 assur\u00e9es, laissant une partie de la population sans collecte et des d\u00e9chets visibles dans l\u2019espace public. Cette situation est pr\u00e9occupante, inacceptable et ne peut plus durer. La MEL rappelle \u00e9galement que la continuit\u00e9 du service public est une obligation contractuelle pour son d\u00e9l\u00e9gataire\u2009\u00bb a r\u00e9agi la MEL, dans son communiqu\u00e9 envoy\u00e9 le 29 d\u00e9cembre au soir.<\/p>\n<p class=\" wall-content\">Comment r\u00e9agissent les habitants\u2009? Sur les r\u00e9seaux sociaux, beaucoup soutiennent les gr\u00e9vistes, mais <b>craignent les rats, les odeurs et la dur\u00e9e<\/b>, et m\u00eame les amendes (quand les poubelles sont sorties en dehors des horaires fix\u00e9s) car \u00e7a commence \u00e0 \u00eatre difficile de garder ses poubelles intactes. Comme ces Madeleinois :<\/p>\n<ul class=\" wall-content\">\n<li>\u00ab\u2009Entre les poubelles qui fusent et les sacs qui s\u2019\u00e9vadent, on est en plein film post-apocalyptique ici\u2009\u00bb<\/li>\n<li>\u00ab\u2009\u00c7a d\u00e9borde, plus moyen de trier. \u00c7a s\u2019entasse, La Madeleine devient une poubelle. Faut patienter jusqu\u2019o\u00f9\u2009? Courage \u00e0 tous, chacun se d\u00e9merde [sic] comme il peut. Attention, 35 euros l\u2019amende, c\u2019est d\u00e9gueulasse\u2026\u2009\u00bb<\/li>\n<li>\u00ab\u2009Vous pouvez aller d\u00e9poser vos poubelles en d\u00e9chetterie ou directement au d\u00e9p\u00f4t de Sequedin, les gr\u00e9vistes vous en remercieront\u2009\u00bb<\/li>\n<li>\u00ab\u2009\u00c7a va \u00eatre beau, <a href=\"https:\/\/actu.fr\/societe\/la-neige-pourrait-faire-son-retour-dans-le-nord-pour-commencer-lannee-2026-selon-meteo-france_63623397.html\" target=\"_blank\" rel=\"noopener\">avec la neige, si \u00e7a continue au-del\u00e0 du 3\u00a0janvier<\/a>\u2009\u00bb<\/li>\n<li>\u00ab\u2009Malheureusement, la gr\u00e8ve se poursuit cette semaine, mais oui, notre ville est pleine de poubelles\u2009\u00bb<\/li>\n<\/ul>\n<p>    <img   decoding=\"async\" loading=\"lazy\" class=\"size-large\" src=\"https:\/\/www.europesays.com\/fr\/wp-content\/uploads\/2025\/12\/e1f3e889d2596f5f3e889d259c9f3ev-960x640.jpeg\" alt=\"La M\u00e9tropole de Lille, impuissante face \u00e0 la situation, la qualifie tout de m\u00eame de \" pr=\"\" et=\"\" d=\"\" width=\"960\" height=\"640\"\/><br \/>\n    La M\u00e9tropole de Lille, impuissante face \u00e0 la situation, la qualifie tout de m\u00eame de \u00ab\u00a0pr\u00e9occupante\u00a0\u00bb et d&rsquo;\u00a0\u00bbinacceptable\u00a0\u00bb. \u00a9Margot Nicod\u00e8me\u00ab\u2009Prenons notre mal en patience\u2009\u00bb<\/p>\n<p class=\" wall-content\">Certains sont plus p\u00e9dagogues et philosophes, comme cet habitant :<\/p>\n<blockquote class=\"ac-article-quote wall-content\">\n<p>\u00ab\u00a0Pour diminuer les co\u00fbts les patrons ont voulu faire des r\u00e9cups avec un seul reaper au lieu de 2, sauf que la quantit\u00e9 \u00e0 ramasser, elle, n\u2019est pas divis\u00e9e par deux. C\u2019est d\u00e9j\u00e0 un taf o\u00f9 le dos, les \u00e9paules, les coudes prennent assez cher quand ils sont plusieurs reapers par camion, alors passer \u00e0 un seul, c\u2019est vraiment une id\u00e9e de m\u2026 C\u2019est g\u00eanant ces poubelles qui s\u2019accumulent mais prenons notre mal en patience, et soutenons-les et profitons-en pour r\u00e9fl\u00e9chir \u00e0 comment r\u00e9duire notre production de d\u00e9chets.\u00a0\u00bb<\/p>\n<\/blockquote>\n<p>Votre r\u00e9gion, votre actu !<\/p>\n<p>Recevez chaque jour les infos qui comptent pour vous.<\/p>\n<p>\t<a href=\"https:\/\/actu.fr\/newsletter\" class=\"ac-btn ac-btn--corner ac-btn--medium ac-btn--blue800\" target=\"_blank\" rel=\"noopener\">S&rsquo;incrire<\/a><\/p>\n<p class=\" wall-content\">De son c\u00f4t\u00e9, la mairie de La Madeleine a publi\u00e9 un post Facebook expliquant la situation, ce qui n\u2019est pas le cas de toutes les 52 municipalit\u00e9s. Les conseils donn\u00e9s aux habitants sont\u2009les suivants :<\/p>\n<ul class=\" wall-content\">\n<li>Pr\u00e9senter les bacs aux jours et horaires habituels,<\/li>\n<li>Ne pas laisser les bacs sur l\u2019espace public plus de 48 h,<\/li>\n<li>Suivre les informations de la MEL concernant les rattrapages,<\/li>\n<li>Informations compl\u00e9mentaires\u2009: <a href=\"https:\/\/actu.fr\/cdn-cgi\/l\/email-protection\" class=\"__cf_email__\" data-cfemail=\"a4c7cbcad0c5c7d089c0c1c7ccc1d0d7e4c8cdc8c8c1c9c1d0d6cbd4cbc8c18ac2d6\" target=\"_blank\" rel=\"noopener\">[email\u00a0protected]<\/a> ou au 0800 711\u2009771 (taper 1).<\/li>\n<\/ul>\n<p>    <img   decoding=\"async\" loading=\"lazy\" class=\"size-large\" src=\"https:\/\/www.europesays.com\/fr\/wp-content\/uploads\/2025\/12\/a2bb18c9d2596a6bb18c9d2597abb1v-960x640.jpeg\" alt=\"Une sc\u00e8ne \" post-apocalyptique=\"\" selon=\"\" un=\"\" madeleinois.=\"\" width=\"960\" height=\"640\"\/><br \/>\n    Une sc\u00e8ne \u00ab\u00a0post-apocalyptique\u00a0\u00bb selon un Madeleinois. \u00a9Margot Nicod\u00e8meNe pas sortir les poubelles \u00e0 cause des risques d\u2019incendie, l\u2019aberration \u00e0 Hellemmes<\/p>\n<p class=\" wall-content\">\u00c0 Hellemmes, un message Facebook de la mairie le 29 d\u00e9cembre fait particuli\u00e8rement r\u00e9agir. Il faut dire que le timing est difficile : il invite \u00e0\u2026 rentrer ses poubelles pour \u00e9viter les incendies volontaires lors des f\u00eates\u2009!<\/p>\n<p class=\" wall-content\">\u00ab\u2009En raison du risque d\u2019incendies volontaires de poubelles lors des festivit\u00e9s de fin d\u2019ann\u00e9e et afin de ne pas aggraver la situation d\u00e9j\u00e0 compliqu\u00e9e due \u00e0 la gr\u00e8ve des \u00e9boueurs, il est demand\u00e9 aux habitants, bailleurs, entreprises, commerces et \u00e9coles, d\u2019\u00e9viter, dans la mesure du possible, de laisser les poubelles dehors (containers et sacs)\u2009\u00bb. R\u00e9ponses des habitants\u2009:<\/p>\n<ul class=\" wall-content\">\n<li>\u00ab\u2009Impossible de stocker dans notre appartement et pas de v\u00e9hicule pour la d\u00e9chetterie\u2009\u00bb,<\/li>\n<li>\u00ab\u2009Je comprends les revendications des \u00e9boueurs mais nous payons aussi une taxe pour ce service, un service minimum devrait \u00eatre assur\u00e9\u2009\u00bb,<\/li>\n<li>\u00ab\u2009Du coup, on doit les mettre\u2009o\u00f9 ?! Allez, chacun garde ses poubelles chez soi, avec les bonnes odeurs\u2026\u2009\u00bb<\/li>\n<\/ul>\n<p>    <a href=\"https:\/\/www.facebook.com\/plugins\/post.php?href=https%3A%2F%2Fwww.facebook.com%2Fvilledelamadeleine%2Fposts%2Fpfbid0ihpbd7V1bZvwjUQ56SqExNPCyqV54HAdtAEsX5LrNubbYJKRDuGRmAJh5Q3Bxnbql&amp;show_text=true&amp;width=350\" title=\"Ouvrie le lien\" target=\"_blank\" rel=\"noopener\">Cliquez ici pour visualiser le contenu<\/a><\/p>\n<p>La MEL invite \u00e0 reprendre le dialogue<\/p>\n<p class=\" wall-content\">De son c\u00f4t\u00e9, la MEL a r\u00e9agi ce 29 d\u00e9cembre 2025, consciente des difficult\u00e9s des habitants, mais elle est impuissante.<\/p>\n<p class=\" wall-content\">\u00ab<b>\u2009La MEL ne peut pas intervenir dans les conflits internes de l\u2019entreprise<\/b> ni d\u00e9cider de la mani\u00e8re dont ses salari\u00e9s exercent leur droit de gr\u00e8ve, car cela constituerait une entrave \u00e0 la libert\u00e9 d\u2019organisation de l\u2019entreprise et au droit de ses salari\u00e9s\u2009\u00bb a-t-elle expliqu\u00e9.<\/p>\n<p class=\" wall-content\">Elle rappelle que \u00ab\u2009Deverra est responsable de la prestation rendue, de son organisation \u00e0 l\u2019allocation des moyens n\u00e9cessaires\u2009\u00bb. La MEL invite \u00e0 reprendre le dialogue\u2009: \u00ab\u2009Apr\u00e8s plus d\u2019une semaine de gr\u00e8ve, la MEL appelle Deverra et ses salari\u00e9s \u00e0 poursuivre le dialogue social, dans un esprit de responsabilit\u00e9 et de bon sens. <b>Les m\u00e9tropolitains ne doivent pas \u00eatre pris en otage d\u2019un conflit interne<\/b>. Le calme et la raison doivent pr\u00e9valoir pour que le service reprenne dans les meilleurs d\u00e9lais.\u2009\u00bb<\/p>\n<p class=\" wall-content\">Pour rappel, les 52 communes concern\u00e9es (sur les 95 de la MEL) sont\u2009: Frelinghien, Armenti\u00e8res, Houplines, Verlinghem, P\u00e9renchies, Erquinghem-Lys, La Chapelle-d\u2019Armenti\u00e8res, Enneti\u00e8res-en-Weppes, Pr\u00e9mesques, Capinghem, Lomme, Englos, Escobecques, Erquinghem-le-Sec, Beaucamps-Ligny, Lambersart, Lompret, Saint-Andr\u00e9-lez-Lille, La Madeleine, Mons-en-Bar\u0153ul, Hellemmes, Lezennes, Ronchin, Lesquin, Sainghin-en-M\u00e9lantois, Bouvines, P\u00e9ronne-en-M\u00e9lantois, Fretin, Vendeville, Templemars, Seclin, Noyelles-l\u00e8s-Seclin, Wattignies, Faches-Thumesnil, Lille extramuros (Lille-Sud, Lille-Fives, Lille-Moulin, Faubourg de B\u00e9thune, Lille-CHR, Lille Saint-Maurice Pellevoisin, Lille Bois Blanc), Loos, Ancoisne, Emmerin, Haubourdin, Sequedin, Hallennes-lez-Haubourdin, Santes, Wavrin, Don, Sainghin-en-Weppes, Fournes-en-Weppes, Herlies, Wicres, Marquillies, Hantay, Salom\u00e9, La Bass\u00e9e, Illies.<\/p>\n<p class=\" wall-content\">Personnalisez votre actualit\u00e9 en ajoutant vos villes et m\u00e9dias en favori avec <a href=\"https:\/\/moncompte.actu.fr\" title=\"D\u00e9couvez Mon Actu\" rel=\"nofollow noopener\" data-trk=\"{&quot;cta&quot;:{&quot;action&quot;:&quot;https:\\\/\\\/moncompte.actu.fr&quot;,&quot;category&quot;:&quot;mon compte&quot;,&quot;from&quot;:&quot;article footer&quot;,&quot;name&quot;:&quot;Mon actu&quot;,&quot;type&quot;:&quot;cta&quot;}}\" target=\"_blank\">Mon Actu<\/a>.<\/p>\n","protected":false},"excerpt":{"rendered":"Par Anne-Sophie Hourdeaux Publi\u00e9 le 30 d\u00e9c. 2025 \u00e0 6h36 C\u2019est la gal\u00e8re dans 52\u00a0communes de la m\u00e9tropole&hellip;\n","protected":false},"author":2,"featured_media":629383,"comment_status":"","ping_status":"","sticky":false,"template":"","format":"standard","meta":{"footnotes":""},"categories":[2815],"tags":[1111,11,1777,674,1011,27,6151,811,1307,4863,12,25,104],"class_list":{"0":"post-629382","1":"post","2":"type-post","3":"status-publish","4":"format-standard","5":"has-post-thumbnail","7":"category-lille","8":"tag-actu","9":"tag-actualites","10":"tag-eu","11":"tag-europe","12":"tag-fr","13":"tag-france","14":"tag-greve","15":"tag-hauts-de-france","16":"tag-lille","17":"tag-metropole-europeenne-de-lille","18":"tag-news","19":"tag-republique-francaise","20":"tag-societe"},"share_on_mastodon":{"url":"https:\/\/pubeurope.com\/@fr\/115807408989524749","error":""},"_links":{"self":[{"href":"https:\/\/www.europesays.com\/fr\/wp-json\/wp\/v2\/posts\/629382","targetHints":{"allow":["GET"]}}],"collection":[{"href":"https:\/\/www.europesays.com\/fr\/wp-json\/wp\/v2\/posts"}],"about":[{"href":"https:\/\/www.europesays.com\/fr\/wp-json\/wp\/v2\/types\/post"}],"author":[{"embeddable":true,"href":"https:\/\/www.europesays.com\/fr\/wp-json\/wp\/v2\/users\/2"}],"replies":[{"embeddable":true,"href":"https:\/\/www.europesays.com\/fr\/wp-json\/wp\/v2\/comments?post=629382"}],"version-history":[{"count":0,"href":"https:\/\/www.europesays.com\/fr\/wp-json\/wp\/v2\/posts\/629382\/revisions"}],"wp:featuredmedia":[{"embeddable":true,"href":"https:\/\/www.europesays.com\/fr\/wp-json\/wp\/v2\/media\/629383"}],"wp:attachment":[{"href":"https:\/\/www.europesays.com\/fr\/wp-json\/wp\/v2\/media?parent=629382"}],"wp:term":[{"taxonomy":"category","embeddable":true,"href":"https:\/\/www.europesays.com\/fr\/wp-json\/wp\/v2\/categories?post=629382"},{"taxonomy":"post_tag","embeddable":true,"href":"https:\/\/www.europesays.com\/fr\/wp-json\/wp\/v2\/tags?post=629382"}],"curies":[{"name":"wp","href":"https:\/\/api.w.org\/{rel}","templated":true}]}}