{"id":629386,"date":"2025-12-30T07:47:14","date_gmt":"2025-12-30T07:47:14","guid":{"rendered":"https:\/\/www.europesays.com\/fr\/629386\/"},"modified":"2025-12-30T07:47:14","modified_gmt":"2025-12-30T07:47:14","slug":"5-expositions-a-voir-cette-semaine-a-marseille-et-alentours","status":"publish","type":"post","link":"https:\/\/www.europesays.com\/fr\/629386\/","title":{"rendered":"5 expositions \u00e0 voir cette semaine \u00e0 Marseille et alentours"},"content":{"rendered":"<p>BB et les stars des sixties\u00a0: l\u2019exposition de Jean-Marie P\u00e9rier \u00e0 Allauch<\/p>\n<p>Tous les artistes y\u00e9y\u00e9 sont pass\u00e9s devant l\u2019objectif de <a href=\"https:\/\/www.laprovence.com\/article\/culture-loisirs\/6008707089489114\/jean-marie-perier-photographe-des-stars-des-sixties-mes-photos-sont-faites-pour-faire-rever\" target=\"_blank\" rel=\"noopener\">Jean-Marie P\u00e9rier, photographe du magazine <\/a><a href=\"https:\/\/www.laprovence.com\/article\/culture-loisirs\/6008707089489114\/jean-marie-perier-photographe-des-stars-des-sixties-mes-photos-sont-faites-pour-faire-rever\" target=\"_blank\" rel=\"noopener\">Salut les copains<\/a>. Dans l\u2019exposition Souvenirs d\u2019Avenir, il pr\u00e9sente 100\u00a0tirages magnifiques de ses clich\u00e9s devenus culte des stars des ann\u00e9es\u00a060 et 70, \u00e0 l\u2019Usine \u00e9lectrique d\u2019Allauch, inaugur\u00e9e \u00e0 cette occasion. On y admire, entre autres, le portrait d\u2019Alain Delon immortalis\u00e9 par la publicit\u00e9 d\u2019Eau sauvage, des tourn\u00e9es de Johnny Hallyday et de Sylvie Vartan, ou encore le fameux poster de Salut les copains, qui r\u00e9unit 47\u00a0chanteurs de l\u2019\u00e9poque. \u00ab\u00a0Mes photos, c\u2019est du spectacle, elles sont faites pour faire r\u00eaver et \u00eatre affich\u00e9es sur les murs des chambres d\u2019adolescents, affirme le photographe. Elles sont en couleur et toutes pos\u00e9es.\u00a0\u00bb<\/p>\n<p>Parmi ces photos mythiques expos\u00e9es \u00e0 Allauch figure un portrait de <a href=\"https:\/\/www.laprovence.com\/article\/societe\/66598558416572\/mort-de-brigitte-bardot-les-obseques-se-derouleront-le-7-janvier-a-saint-tropez\" target=\"_blank\" rel=\"noopener\">Brigitte Bardot<\/a> et de Sylvie Vartan, photographi\u00e9es par Jean-Marie P\u00e9rier en\u00a01967, \u00e0 Rome, dans une villa lou\u00e9e par Gunter Sachs, mari de BB \u00e0 l\u2019\u00e9poque.<\/p>\n<p><strong>Jusqu\u2019au 29\u00a0mars\u00a02026, ouvert tous les jours sauf les lundis et le jeudi 1er\u00a0janvier 2026, de 10\u00a0h \u00e0 18\u00a0h en semaine, de 10\u00a0h \u00e0 12\u00a0h et de 14\u00a0h \u00e0 18\u00a0h le week-end, \u00e0 la Galerie du P\u00f4le culturel de l\u2019Usine \u00e9lectrique, 164 avenue du G\u00e9n\u00e9ral de Gaulle, Allauch. Gratuit.<\/strong>&#13;\n<\/p>\n<p>Marseille vue par les Detaille\u00a0: 164\u00a0ans de photos au Mus\u00e9e d\u2019Histoire<br \/>\n<img alt=\"Vendeur de barbe \u00e0 papa en 1984, sur le quai de La Fraternit\u00e9.\" loading=\"lazy\" decoding=\"async\" data-nimg=\"fill\" class=\" TwicCore_img__i9TC1 undefined  undefined\" style=\"position:absolute;height:100%;width:100%;left:0;top:0;right:0;bottom:0;color:transparent;background-size:cover;background-position:50% 50%;background-repeat:no-repeat;background-image:url(&quot;data:image\/svg+xml;charset=utf-8,%3Csvg xmlns='http:\/\/www.w3.org\/2000\/svg' %3E%3Cfilter id='b' color-interpolation-filters='sRGB'%3E%3CfeGaussianBlur stdDeviation='20'\/%3E%3CfeColorMatrix values='1 0 0 0 0 0 1 0 0 0 0 0 1 0 0 0 0 0 100 -1' result='s'\/%3E%3CfeFlood x='0' y='0' width='100%25' height='100%25'\/%3E%3CfeComposite operator='out' in='s'\/%3E%3CfeComposite in2='SourceGraphic'\/%3E%3CfeGaussianBlur stdDeviation='20'\/%3E%3C\/filter%3E%3Cimage width='100%25' height='100%25' x='0' y='0' preserveAspectRatio='none' style='filter: url(%23b);' href='https:\/\/pictures.laprovence.com\/cdn-cgi\/image\/blur=250\/media\/melody\/2025\/12\/30\/vieux-port-detaillle-1767074059_3aae1944830962eae19448309e1be1v_.jpg'\/%3E%3C\/svg%3E&quot;)\"   src=\"https:\/\/www.europesays.com\/fr\/wp-content\/uploads\/2025\/12\/vieux-port-detaillle-1767074059_3aae1944830962eae19448309e1be1v_.jpg\"\/>Vendeur de barbe \u00e0 papa en 1984, sur le quai de La Fraternit\u00e9. \/ Photo G\u00e9rard Detaille<\/p>\n<p>Le Mus\u00e9e d\u2019Histoire de Marseille propose un voyage dans notre ville sur 164\u00a0ans gr\u00e2ce au fonds photographique de <a href=\"https:\/\/www.laprovence.com\/article\/culture-loisirs\/4723503387437\/marseille-vue-par-les-detaille-lexpo-photo-des-164-ans-dhistoire-de-la-ville-a-decouvrir-des-ce-vendredi\" target=\"_blank\" rel=\"noopener\">la famille Detaille, trois g\u00e9n\u00e9rations de photographes<\/a> qui ont constitu\u00e9 un tr\u00e9sor patrimonial acquis par la Ville en\u00a02021. \u00ab\u00a0Quand on est photographe d\u2019une ville aussi belle, il faut le lui rendre un peu\u00a0\u00bb, commentait G\u00e9rard Detaille, tr\u00e8s \u00e9mu lors du vernissage de l\u2019exposition. Il est le fils d\u2019Albert Detaille (1903-1996), qui a lui-m\u00eame succ\u00e9d\u00e9 \u00e0 Fernand Detaille (1875-1956) qui a repris l\u2019atelier du c\u00e9l\u00e8bre Nadar sur La Canebi\u00e8re en\u00a01902.<\/p>\n<p>On pourra d\u00e9couvrir tour \u00e0 tour, \u00e0 travers les \u00e9poques, des embl\u00e8mes de la ville, comme le Vieux-Port, La Canebi\u00e8re, le port de la Joliette, Les Nouvelles Galeries, avec de superbes clich\u00e9s de l\u2019int\u00e9rieur du magasin, ou encore les march\u00e9s avec des m\u00e9tiers oubli\u00e9s. L\u2019accent est aussi mis sur les transformations urbaines, les grands \u00e9v\u00e9nements historiques, l\u2019arch\u00e9ologie et les habitants de la cit\u00e9 phoc\u00e9enne. Sans oublier les portraits des personnalit\u00e9s marseillaises de Gaston Defferre \u00e0 Fernandel. Des appareils photos d\u2019\u00e9poque sont \u00e9galement expos\u00e9s, t\u00e9moins des d\u00e9buts de la photographie, tandis que le<a href=\"https:\/\/www.laprovence.com\/article\/culture-loisirs\/4723503387437\/marseille-vue-par-les-detaille-lexpo-photo-des-164-ans-dhistoire-de-la-ville-a-decouvrir-des-ce-vendredi\" target=\"_blank\" rel=\"noopener\"> studio de Nadar<\/a>, fr\u00e9quent\u00e9 par le tout Marseille de l\u2019\u00e9poque, a \u00e9t\u00e9 reconstitu\u00e9.<\/p>\n<p><img alt=\"Le quai du port avec ses cabanes de douaniers vers 1907-1910 par Fernand Detaille.\" loading=\"lazy\" decoding=\"async\" data-nimg=\"fill\" class=\" TwicCore_img__i9TC1 undefined  undefined\" style=\"position:absolute;height:100%;width:100%;left:0;top:0;right:0;bottom:0;color:transparent;background-size:cover;background-position:50% 50%;background-repeat:no-repeat;background-image:url(&quot;data:image\/svg+xml;charset=utf-8,%3Csvg xmlns='http:\/\/www.w3.org\/2000\/svg' %3E%3Cfilter id='b' color-interpolation-filters='sRGB'%3E%3CfeGaussianBlur stdDeviation='20'\/%3E%3CfeColorMatrix values='1 0 0 0 0 0 1 0 0 0 0 0 1 0 0 0 0 0 100 -1' result='s'\/%3E%3CfeFlood x='0' y='0' width='100%25' height='100%25'\/%3E%3CfeComposite operator='out' in='s'\/%3E%3CfeComposite in2='SourceGraphic'\/%3E%3CfeGaussianBlur stdDeviation='20'\/%3E%3C\/filter%3E%3Cimage width='100%25' height='100%25' x='0' y='0' preserveAspectRatio='none' style='filter: url(%23b);' href='https:\/\/pictures.laprovence.com\/cdn-cgi\/image\/blur=250\/media\/melody\/2025\/12\/30\/vieux-port-detaille-1767074059_493decf3830962d3decf38309f04dev_.jpg'\/%3E%3C\/svg%3E&quot;)\"   src=\"https:\/\/www.europesays.com\/fr\/wp-content\/uploads\/2025\/12\/vieux-port-detaille-1767074059_493decf3830962d3decf38309f04dev_.jpg\"\/>Le quai du port avec ses cabanes de douaniers vers 1907-1910 par Fernand Detaille. \/ Photo Fernand Detaille<\/p>\n<p><strong>Du mardi au dimanche de 9\u00a0h \u00e0 18\u00a0h au Mus\u00e9e d\u2019Histoire de Marseille, 2 rue Henri Barbusse (1er). Gratuit.<\/strong>&#13;\n<\/p>\n<p>\u00ab\u00a0Ferdinandea, l\u2019\u00eele \u00e9ph\u00e9m\u00e8re\u00a0\u00bb, une \u00e9pop\u00e9e m\u00e9diterran\u00e9enne au Mucem<br \/>\n<img alt=\"&quot;Ferdinandea, l\u2019\u00eele \u00e9ph\u00e9m\u00e8re &quot; de Cl\u00e9ment Cogitore \u00e0 d\u00e9couvrir au Fort Saint-Jean au Mucem.\" loading=\"lazy\" decoding=\"async\" data-nimg=\"fill\" class=\" TwicCore_img__i9TC1 undefined  undefined\" style=\"position:absolute;height:100%;width:100%;left:0;top:0;right:0;bottom:0;color:transparent;background-size:cover;background-position:50% 50%;background-repeat:no-repeat;background-image:url(&quot;data:image\/svg+xml;charset=utf-8,%3Csvg xmlns='http:\/\/www.w3.org\/2000\/svg' %3E%3Cfilter id='b' color-interpolation-filters='sRGB'%3E%3CfeGaussianBlur stdDeviation='20'\/%3E%3CfeColorMatrix values='1 0 0 0 0 0 1 0 0 0 0 0 1 0 0 0 0 0 100 -1' result='s'\/%3E%3CfeFlood x='0' y='0' width='100%25' height='100%25'\/%3E%3CfeComposite operator='out' in='s'\/%3E%3CfeComposite in2='SourceGraphic'\/%3E%3CfeGaussianBlur stdDeviation='20'\/%3E%3C\/filter%3E%3Cimage width='100%25' height='100%25' x='0' y='0' preserveAspectRatio='none' style='filter: url(%23b);' href='https:\/\/pictures.laprovence.com\/cdn-cgi\/image\/blur=250\/media\/melody\/2025\/12\/30\/exposition-au-mucem-visite-de-presse-ferdinandea-l-ile-ephemere-de-clement-cogitore-exposition-mucem-1767074060_366b6160583960b6b616058398e6b6v_.jpg'\/%3E%3C\/svg%3E&quot;)\"   src=\"https:\/\/www.europesays.com\/fr\/wp-content\/uploads\/2025\/12\/exposition-au-mucem-visite-de-presse-ferdinandea-l-ile-ephemere-de-clement-cogitore-exposition-mucem.jpeg\"\/>\u00ab\u00a0Ferdinandea, l\u2019\u00eele \u00e9ph\u00e9m\u00e8re \u00a0\u00bb de Cl\u00e9ment Cogitore \u00e0 d\u00e9couvrir au Fort Saint-Jean au Mucem. \/ Photo Nicolas VALLAURI<\/p>\n<p>La nouvelle exposition du Mucem sign\u00e9e <a href=\"https:\/\/www.laprovence.com\/article\/culture-loisirs\/1378814880717914\/lexpo-ferdinandea-lile-ephemere-une-epopee-mediterraneenne-au-mucem-a-marseille\" target=\"_blank\" rel=\"noopener\">Cl\u00e9ment Cogitore<\/a> plonge le visiteur dans l\u2019histoire d\u2019une \u00eele myst\u00e9rieuse qui n\u2019a exist\u00e9 que six mois. Au cours de l\u2019\u00e9t\u00e9\u00a01831, elle appara\u00eet en M\u00e9diterran\u00e9e, sous l\u2019influence de l\u2019activit\u00e9 volcanique sous-marine, dans le canal de Sicile en face de la Tunisie. Objet de toutes les craintes et les convoitises g\u00e9opolitiques, elle dispara\u00eet soudainement, sous les vagues, six mois apr\u00e8s. L\u2019artiste fran\u00e7ais Cl\u00e9ment Cogitore reconstitue cette fascinante histoire et en fait un motif litt\u00e9raire, entre art contemporain et cin\u00e9ma, science et po\u00e9sie, r\u00e9cit historique et fiction sp\u00e9culative. \u00ab\u00a0J\u2019ai d\u00e9couvert l\u2019existence de cette \u00eele il y a plus de dix ans, par hasard, en tombant sur un ouvrage des ann\u00e9es\u00a080 chez un bouquiniste \u00e0 Palerme, raconte l\u2019artiste. J\u2019ai voulu explorer cette histoire et trouver des archives.\u00a0\u00bb<\/p>\n<p>L\u2019artiste pluridisciplinaire a v\u00e9cu\u00a0\u00ab\u00a0l\u2019excitation d\u2019une exp\u00e9dition, dans la lign\u00e9e des artistes voyageurs\u00a0\u00bb\u00a0et livre ici au visiteur une d\u00e9ambulation immersive. On d\u00e9couvre des archives, avec des documents historiques, des lettres entre consuls, mais aussi une archive fictive, Ferdinandea\u00a0: Pr\u00e9monitions\u00a0de Cl\u00e9ment Cogitore. Cette derni\u00e8re est compos\u00e9e de diaporamas diffus\u00e9s par un projecteur 16\u00a0mm qui retracent les premiers signes de l\u2019activit\u00e9 volcanique qui va faire surgir l\u2019\u00eele. En tout, sept \u0153uvres sont sign\u00e9es par l\u2019artiste de 42\u00a0ans. Elles n\u2019ont jamais \u00e9t\u00e9 expos\u00e9es en France et viennent d\u2019\u00eatre acquises par <a href=\"https:\/\/www.laprovence.com\/article\/culture-loisirs\/16297158671168\/le-departement-et-la-region-suspendent-leur-cooperation-avec-le-mucem-a-marseille\" target=\"_blank\" rel=\"noopener\">le Mucem<\/a>.<\/p>\n<p><strong>Jusqu\u2019au 17\u00a0mai\u00a02026, tous les jours sauf le mardi de 10\u00a0h \u00e0 18\u00a0h au Mucem, Fort Saint-Jean. Ouvert le 1er\u00a0janvier\u00a02026. Tarifs 7,50\/11\u00a0\u20ac, mucem.org.<\/strong>&#13;\n<\/p>\n<p>\u00ab\u00a0Ali\u00e7e et les dr\u00f4les d\u2019oiseaux\u00a0\u00bb au Mus\u00e9um d\u2019histoire naturelle<br \/>\n<img alt=\"L\u2019exposition &quot;Ali\u00e7e et les dr\u00f4les d\u2019oiseaux&quot; m\u00eale les \u0153uvres du plasticien Bernard Brian\u00e7on et les collections du Mus\u00e9um au Mus\u00e9um d\u2019histoire naturelle de Marseille (MHNM).\" loading=\"lazy\" decoding=\"async\" data-nimg=\"fill\" class=\" TwicCore_img__i9TC1 undefined  undefined\" style=\"position:absolute;height:100%;width:100%;left:0;top:0;right:0;bottom:0;color:transparent;background-size:cover;background-position:50% 50%;background-repeat:no-repeat;background-image:url(&quot;data:image\/svg+xml;charset=utf-8,%3Csvg xmlns='http:\/\/www.w3.org\/2000\/svg' %3E%3Cfilter id='b' color-interpolation-filters='sRGB'%3E%3CfeGaussianBlur stdDeviation='20'\/%3E%3CfeColorMatrix values='1 0 0 0 0 0 1 0 0 0 0 0 1 0 0 0 0 0 100 -1' result='s'\/%3E%3CfeFlood x='0' y='0' width='100%25' height='100%25'\/%3E%3CfeComposite operator='out' in='s'\/%3E%3CfeComposite in2='SourceGraphic'\/%3E%3CfeGaussianBlur stdDeviation='20'\/%3E%3C\/filter%3E%3Cimage width='100%25' height='100%25' x='0' y='0' preserveAspectRatio='none' style='filter: url(%23b);' href='https:\/\/pictures.laprovence.com\/cdn-cgi\/image\/blur=250\/media\/melody\/2025\/12\/30\/exposition-alice-et-les-droles-d-oiseaux-au-museum-d-histoire-naturelle-de-marseille-mhnm-1767074060_c5bc48fab2496c9bc48fab249adbc4v_.jpg'\/%3E%3C\/svg%3E&quot;)\"   src=\"https:\/\/www.europesays.com\/fr\/wp-content\/uploads\/2025\/12\/exposition-alice-et-les-droles-d-oiseaux-au-museum-d-histoire-naturelle-de-marseille-mhnm-1767074060.jpeg\"\/>L\u2019exposition \u00ab\u00a0Ali\u00e7e et les dr\u00f4les d\u2019oiseaux\u00a0\u00bb m\u00eale les \u0153uvres du plasticien Bernard Brian\u00e7on et les collections du Mus\u00e9um au Mus\u00e9um d\u2019histoire naturelle de Marseille (MHNM). \/ Photo Patrick RODRIGUEZ<\/p>\n<p>L\u2019exposition invite \u00e0 r\u00e9fl\u00e9chir sur le passage du temps, et sur la nature r\u00eav\u00e9e et fantasm\u00e9e, \u00e0 travers les \u0153uvres du plasticien Bernard Brian\u00e7on et les collections du Mus\u00e9um. On retrouvera les animaux embl\u00e9matiques comme le lapin, le flamant rose et le h\u00e9risson, et d\u2019autres repr\u00e9sentants de l\u2019arche de No\u00e9 onirique que Bernard Brian\u00e7on propose d\u2019explorer \u00e0 travers l\u2019univers de Lewis Carroll. Une visite flash est propos\u00e9e tous les jours jusqu\u2019au dimanche 4\u00a0janvier \u00e0 15h (sauf le 1er\u00a0janvier, jour de fermeture du mus\u00e9e). Cette d\u00e9ambulation loufoque et po\u00e9tique croisera les sciences naturelles et les \u0153uvres de Bernard Brian\u00e7on (dur\u00e9e 30\u00a0min, \u00e0 partir de 6\u00a0ans, r\u00e9servation conseill\u00e9e au 04\u00a091\u00a014\u00a059\u00a055, appeler uniquement le matin du lundi au vendredi. Se pr\u00e9senter 15\u00a0minutes avant le d\u00e9but de la visite, les places sont r\u00e9attribu\u00e9es en cas d\u2019absence).<\/p>\n<p>Une autre visite cont\u00e9e de 20 minutes, Le premier hiver de Renardo, est propos\u00e9e mardi\u00a030 et mercredi 31\u00a0d\u00e9cembre \u00e0 10\u00a0h\u00a030, vendredi 2\u00a0janvier \u00e0 10\u00a0h\u00a030 et 16\u00a0h\u00a030, et samedi\u00a03 et dimanche 4\u00a0janvier \u00e0 10\u00a0h\u00a030 (\u00e0 partir de 3\u00a0ans, r\u00e9servation au 04\u00a091\u00a014\u00a059\u00a055, appeler uniquement le matin du lundi au vendredi).<\/p>\n<p>Par ailleurs, le Mus\u00e9um accueille les derniers jours de l\u2019exposition photographique sur les chauves-souris pr\u00e9sentes \u00e0 Marseille, mont\u00e9e en\u00a0partenariat avec le Groupe Chiropt\u00e8res de Provence GCP et\u00a0la Division de la Biodiversit\u00e9. \u00c0 voir jusqu\u2019au dimanche 4\u00a0janvier.<\/p>\n<p><strong>Ouvert tous les jours sauf les lundis de 9\u00a0h \u00e0 18\u00a0h au Mus\u00e9um d\u2019histoire naturelle, Palais Longchamp (4e). Fermeture \u00e0 16\u00a0h\u00a030 le mercredi 31\u00a0d\u00e9cembre et toute la journ\u00e9e le jeudi 1er\u00a0janvier 2026. Gratuit.<\/strong>&#13;\n<\/p>\n<p>Katia Bourdarel au mus\u00e9e Regards de Provence<\/p>\n<p>Ce qui frappe le visiteur, en entrant dans la nouvelle exposition De fiel, de miel et de sel de l\u2019artiste marseillaise <a href=\"https:\/\/www.laprovence.com\/article\/culture-loisirs\/2913625024448114\/katia-bourdarel-expose-son-univers-realiste-et-onirique-au-musee-regards-de-provence-a-marseille\" target=\"_blank\" rel=\"noopener\">Katia Bourdarel au mus\u00e9e Regards de Provence<\/a>, c\u2019est le r\u00e9alisme du trait, la perfection du d\u00e9tail. Les peintures de l\u2019artiste n\u00e9e \u00e0 Marseille en\u00a01970 et qui travaille \u00e0 Paris, sont impressionnantes de r\u00e9alisme. Un trompe-l\u2019\u0153il avec lequel l\u2019artiste aime jouer. Elle d\u00e9tourne aussi les traditions en leur insufflant un aspect contemporain. Ainsi, le visiteur rencontrera des Odalisques, des V\u00e9nus, des nymphes mais aux allures gothiques, ou encore ficel\u00e9es, aux corps enroul\u00e9s de tissus, avec une nudit\u00e9 qui oscille toujours entre douceur et menace.<\/p>\n<p><strong>Jusqu\u2019au 15\u00a0mars\u00a02026, du mardi au dimanche, de 10\u00a0h \u00e0 18\u00a0h, ferm\u00e9 le 1er\u00a0janvier\u00a02026, au mus\u00e9e Regards de Provence (2e). Tarif 8,50\u00a0\u20ac.<\/strong><\/p>\n","protected":false},"excerpt":{"rendered":"BB et les stars des sixties\u00a0: l\u2019exposition de Jean-Marie P\u00e9rier \u00e0 Allauch Tous les artistes y\u00e9y\u00e9 sont pass\u00e9s&hellip;\n","protected":false},"author":2,"featured_media":629387,"comment_status":"","ping_status":"","sticky":false,"template":"","format":"standard","meta":{"footnotes":""},"categories":[2814],"tags":[17,1111,11,62346,3477,251,1777,674,1349,1011,27,884,12,882,25,5572,3840],"class_list":{"0":"post-629386","1":"post","2":"type-post","3":"status-publish","4":"format-standard","5":"has-post-thumbnail","7":"category-marseille","8":"tag-17","9":"tag-actu","10":"tag-actualites","11":"tag-alentours","12":"tag-cette","13":"tag-culture","14":"tag-eu","15":"tag-europe","16":"tag-expositions","17":"tag-fr","18":"tag-france","19":"tag-marseille","20":"tag-news","21":"tag-provence-alpes-cote-dazur","22":"tag-republique-francaise","23":"tag-semaine","24":"tag-voir"},"share_on_mastodon":{"url":"https:\/\/pubeurope.com\/@fr\/115807416949005262","error":""},"_links":{"self":[{"href":"https:\/\/www.europesays.com\/fr\/wp-json\/wp\/v2\/posts\/629386","targetHints":{"allow":["GET"]}}],"collection":[{"href":"https:\/\/www.europesays.com\/fr\/wp-json\/wp\/v2\/posts"}],"about":[{"href":"https:\/\/www.europesays.com\/fr\/wp-json\/wp\/v2\/types\/post"}],"author":[{"embeddable":true,"href":"https:\/\/www.europesays.com\/fr\/wp-json\/wp\/v2\/users\/2"}],"replies":[{"embeddable":true,"href":"https:\/\/www.europesays.com\/fr\/wp-json\/wp\/v2\/comments?post=629386"}],"version-history":[{"count":0,"href":"https:\/\/www.europesays.com\/fr\/wp-json\/wp\/v2\/posts\/629386\/revisions"}],"wp:featuredmedia":[{"embeddable":true,"href":"https:\/\/www.europesays.com\/fr\/wp-json\/wp\/v2\/media\/629387"}],"wp:attachment":[{"href":"https:\/\/www.europesays.com\/fr\/wp-json\/wp\/v2\/media?parent=629386"}],"wp:term":[{"taxonomy":"category","embeddable":true,"href":"https:\/\/www.europesays.com\/fr\/wp-json\/wp\/v2\/categories?post=629386"},{"taxonomy":"post_tag","embeddable":true,"href":"https:\/\/www.europesays.com\/fr\/wp-json\/wp\/v2\/tags?post=629386"}],"curies":[{"name":"wp","href":"https:\/\/api.w.org\/{rel}","templated":true}]}}