{"id":629388,"date":"2025-12-30T07:48:11","date_gmt":"2025-12-30T07:48:11","guid":{"rendered":"https:\/\/www.europesays.com\/fr\/629388\/"},"modified":"2025-12-30T07:48:11","modified_gmt":"2025-12-30T07:48:11","slug":"une-femme-dune-quarantaine-dannees-decedee-quatre-blesses-graves","status":"publish","type":"post","link":"https:\/\/www.europesays.com\/fr\/629388\/","title":{"rendered":"une femme d&rsquo;une quarantaine d&rsquo;ann\u00e9es d\u00e9c\u00e9d\u00e9e, quatre bless\u00e9s graves"},"content":{"rendered":"<p>De nombreux gyrophares bleus ont illumin\u00e9 la nuit glaciale de ce lundi 29\u00a0d\u00e9cembre.<\/p>\n<p>Il \u00e9tait environ 23\u00a0h\u00a030 lorsqu\u2019un grave accident de la route s\u2019est produit sur la M7 \u00e0 Lyon, non loin du mus\u00e9e des Confluences (2e\u00a0arrondissement) et de la sortie vers La Mulati\u00e8re et Oullins-Pierre-B\u00e9nite, en direction du sud.<\/p>\n<p>  La voiture d&rsquo;une famille percut\u00e9e par l&rsquo;arri\u00e8re<\/p>\n<p>Selon les premi\u00e8res informations recueillies par Le Progr\u00e8s, l\u2019accident aurait impliqu\u00e9 deux v\u00e9hicules.\u00a0Le bilan de ce mardi matin est lourd\u00a0: malgr\u00e9 l\u2019intervention rapide des secours, une personne a perdu la vie, une femme d&rsquo;une quarantaine d&rsquo;ann\u00e9es.<\/p>\n<p>Quatre personnes, des hommes et des femmes d&rsquo;une vingtaine d&rsquo;ann\u00e9es, sont gri\u00e8vement bless\u00e9es, elles ont \u00e9t\u00e9 transport\u00e9es vers des h\u00f4pitaux, sans que l&rsquo;on sache si leur pronostic vital est engag\u00e9. Deux autres victimes ont \u00e9t\u00e9 prises en charge sans que leur \u00e9tat n&rsquo;inspire d&rsquo;inqui\u00e9tude particuli\u00e8re.<\/p>\n<p>En tout, 30 sapeurs-pompiers \u00e0 bord de 14 v\u00e9hicules ont proc\u00e9d\u00e9 \u00e0 cette intervention.<\/p>\n<p>Selon les premiers \u00e9l\u00e9ments de l&rsquo;enqu\u00eate, une famille, qui circulait avec \u00e0 son bord la femme d\u00e9c\u00e9d\u00e9e, un homme d&rsquo;une cinquantaine d&rsquo;ann\u00e9es et deux jeunes \u00e2g\u00e9s d&rsquo;environ 25 ans, aurait \u00e9t\u00e9 percut\u00e9e par un autre v\u00e9hicule arrivant par-derri\u00e8re, de mani\u00e8re assez violente. \u00c0 l&rsquo;int\u00e9rieur, trois jeunes gens d&rsquo;une vingtaine d&rsquo;ann\u00e9es.<\/p>\n<p>Une enqu\u00eate devrait \u00eatre ouverte pour homicide routier aggrav\u00e9 et blessures routi\u00e8res aggrav\u00e9es.<\/p>\n<p>La M7 momentan\u00e9ment coup\u00e9e<\/p>\n<p>Le temps de s\u00e9curiser la zone, la M7 a \u00e9t\u00e9 coup\u00e9e et les usagers \u00e9taient invit\u00e9s \u00e0 faire demi-tour vers le quai Perrache.<\/p>\n<p>Ce contenu est bloqu\u00e9 car vous n&rsquo;avez pas accept\u00e9 les cookies et autres traceurs.<\/p>\n<p>En cliquant sur \u00ab J\u2019accepte \u00bb, les cookies et autres traceurs seront d\u00e9pos\u00e9s et vous pourrez visualiser les contenus  (<a href=\"\" class=\"consentModule_policy\" target=\"_blank\" title=\"Consulter la politique de protection des donn\u00e9es du fournisseur\">plus d&rsquo;informations<\/a>).<\/p>\n<p>En cliquant sur \u00ab J\u2019accepte tous les cookies \u00bb, vous autorisez des d\u00e9p\u00f4ts de cookies et autres traceurs pour le stockage de vos donn\u00e9es sur nos sites et applications \u00e0 des fins de personnalisation et de ciblage publicitaire.<\/p>\n<p class=\"consentModule_secondaryText\">Vous gardez la possibilit\u00e9 de retirer votre consentement \u00e0 tout moment en consultant notre <a href=\"https:\/\/www.leprogres.fr\/protection-des-donnees\" target=\"_blank\" title=\"Consulter notre politique de protection des donn\u00e9es\" rel=\"noopener\">politique de protection des donn\u00e9es<\/a>. <br \/>&#13;<br \/>\n            <a href=\"https:\/\/www.leprogres.fr\/faits-divers-justice\/2025\/12\/30\/javascript:Didomi.notice.show()\" class=\"consentModule_cmp\" target=\"_blank\" rel=\"noopener\">G\u00e9rer mes choix<\/a>&#13;\n        <\/p>\n<p>&#13;<br \/>\n                        J&rsquo;accepte&#13;<br \/>\n            J&rsquo;accepte tous les cookies&#13;\n        <\/p>\n<p>Seules les voitures pouvaient repartir. Les poids lourds restaient bloqu\u00e9s le temps de l\u2019intervention. Cette d\u00e9viation a \u00e9t\u00e9 mise en place apr\u00e8s plusieurs dizaines de minutes d\u2019immobilisation.<\/p>\n","protected":false},"excerpt":{"rendered":"De nombreux gyrophares bleus ont illumin\u00e9 la nuit glaciale de ce lundi 29\u00a0d\u00e9cembre. Il \u00e9tait environ 23\u00a0h\u00a030 lorsqu\u2019un&hellip;\n","protected":false},"author":2,"featured_media":629389,"comment_status":"","ping_status":"","sticky":false,"template":"","format":"standard","meta":{"footnotes":""},"categories":[1889],"tags":[119,1111,11,2430,2757,1777,674,274,107,1011,27,2428,12354,12353,12,25,2429],"class_list":{"0":"post-629388","1":"post","2":"type-post","3":"status-publish","4":"format-standard","5":"has-post-thumbnail","7":"category-lyon","8":"tag-accident","9":"tag-actu","10":"tag-actualites","11":"tag-auvergne-rhone-alpes","12":"tag-edition-lyon-villeurbanne","13":"tag-eu","14":"tag-europe","15":"tag-faits-divers-justice","16":"tag-fil-info","17":"tag-fr","18":"tag-france","19":"tag-lyon","20":"tag-lyon-2e","21":"tag-lyon-2e-arrondissement","22":"tag-news","23":"tag-republique-francaise","24":"tag-rhone"},"share_on_mastodon":{"url":"https:\/\/pubeurope.com\/@fr\/115807420709185645","error":""},"_links":{"self":[{"href":"https:\/\/www.europesays.com\/fr\/wp-json\/wp\/v2\/posts\/629388","targetHints":{"allow":["GET"]}}],"collection":[{"href":"https:\/\/www.europesays.com\/fr\/wp-json\/wp\/v2\/posts"}],"about":[{"href":"https:\/\/www.europesays.com\/fr\/wp-json\/wp\/v2\/types\/post"}],"author":[{"embeddable":true,"href":"https:\/\/www.europesays.com\/fr\/wp-json\/wp\/v2\/users\/2"}],"replies":[{"embeddable":true,"href":"https:\/\/www.europesays.com\/fr\/wp-json\/wp\/v2\/comments?post=629388"}],"version-history":[{"count":0,"href":"https:\/\/www.europesays.com\/fr\/wp-json\/wp\/v2\/posts\/629388\/revisions"}],"wp:featuredmedia":[{"embeddable":true,"href":"https:\/\/www.europesays.com\/fr\/wp-json\/wp\/v2\/media\/629389"}],"wp:attachment":[{"href":"https:\/\/www.europesays.com\/fr\/wp-json\/wp\/v2\/media?parent=629388"}],"wp:term":[{"taxonomy":"category","embeddable":true,"href":"https:\/\/www.europesays.com\/fr\/wp-json\/wp\/v2\/categories?post=629388"},{"taxonomy":"post_tag","embeddable":true,"href":"https:\/\/www.europesays.com\/fr\/wp-json\/wp\/v2\/tags?post=629388"}],"curies":[{"name":"wp","href":"https:\/\/api.w.org\/{rel}","templated":true}]}}