{"id":629393,"date":"2025-12-30T07:52:19","date_gmt":"2025-12-30T07:52:19","guid":{"rendered":"https:\/\/www.europesays.com\/fr\/629393\/"},"modified":"2025-12-30T07:52:19","modified_gmt":"2025-12-30T07:52:19","slug":"un-homme-retrouve-mort-dans-les-rues-de-paris-probablement-a-cause-du-froid","status":"publish","type":"post","link":"https:\/\/www.europesays.com\/fr\/629393\/","title":{"rendered":"Un homme retrouv\u00e9 mort dans les rues de Paris, probablement \u00e0 cause du froid"},"content":{"rendered":"<p class=\"article-p mdl\">Le corps d&rsquo;un homme h\u00e9berg\u00e9 dans un foyer, probablement d\u00e9c\u00e9d\u00e9 \u00e0 cause du froid, a \u00e9t\u00e9 d\u00e9couvert dimanche en fin d&rsquo;apr\u00e8s-midi sur la voie publique dans le nord-ouest de Paris, o\u00f9 le plan grand froid a \u00e9t\u00e9 activ\u00e9 dimanche par la pr\u00e9fecture, a appris l&rsquo;AFP lundi 29 d\u00e9cembre de source polici\u00e8re.<\/p>\n<p class=\"article-p mdl\">Les pompiers ont constat\u00e9 le d\u00e9c\u00e8s dimanche peu apr\u00e8s 18h00, alors qu&rsquo;ils avaient \u00e9t\u00e9 appel\u00e9s pour un homme inanim\u00e9 sur la voie publique, dans le 17e arrondissement de Paris, a rapport\u00e9 cette source.\u00a0<\/p>\n<p class=\"article-p mdl\">Selon le visionnage des images de la vid\u00e9osurveillance, cet homme se trouvait dans la m\u00eame position, inanim\u00e9 au sol, depuis le matin m\u00eame. L&rsquo;individu d\u00e9c\u00e9d\u00e9, dont l&rsquo;\u00e2ge n&rsquo;a pas \u00e9t\u00e9 pr\u00e9cis\u00e9, a \u00e9t\u00e9 identifi\u00e9 par le responsable d&rsquo;un foyer Emma\u00fcs voisin, situ\u00e9 dans le m\u00eame arrondissement, o\u00f9 il \u00e9tait h\u00e9berg\u00e9, a pr\u00e9cis\u00e9 la source polici\u00e8re.<\/p>\n<p>            Le plan \u00ab\u00a0grand froid\u00a0\u00bb d\u00e9clench\u00e9 par plusieurs pr\u00e9fectures<\/p>\n<p class=\"article-p mdl\">La pr\u00e9fecture d&rsquo;Ile-de-France a annonc\u00e9 dimanche avoir activ\u00e9 le plan grand froid \u00e0 Paris, o\u00f9\u00a0<a class=\"link\" href=\"https:\/\/www.rtl.fr\/actu\/meteo\/jusqu-a-7-c-un-froid-intense-s-installe-en-france-pour-la-derniere-semaine-de-l-annee-2025-jusqu-a-quand-cela-va-durer-7900583079\" title=\"Jusqu&#039;\u00e0 -7\u00b0C au r\u00e9veillon du Nouvel An : combien de temps va durer l&#039;\u00e9pisode de froid qui s&#039;installe en France pour la fin de 2025 ?\" target=\"_blank\" rel=\"noopener\">une vague de froid doit persister ces prochains jours<\/a>, avec des temp\u00e9ratures parfois n\u00e9gatives la nuit et ne d\u00e9passant pas 4\u00b0 la journ\u00e9e.<\/p>\n<p class=\"article-p mdl\">Ce dispositif, d\u00e9clench\u00e9 par une trentaine de d\u00e9partements en France, permet une extension des horaires d&rsquo;ouverture des accueils de jour, un renforcement des maraudes, et la r\u00e9quisition de lieux pour ouvrir des places d&rsquo;h\u00e9bergement d&rsquo;urgence pour les sans-abri. En Seine Saint-Denis par exemple, un gymnase a \u00e9t\u00e9 transform\u00e9 en centre d&rsquo;accueil de 60 places. Pour les familles \u00e0 la rue, des chambres d&rsquo;h\u00f4tels sont mises \u00e0 disposition.<\/p>\n<p class=\"article-p mdl\">Au total, 200 places suppl\u00e9mentaires ont \u00e9t\u00e9 d\u00e9bloqu\u00e9es ces derniers jours sur plus de 46.000 \u00e0 l&rsquo;ann\u00e9e.\u00a0<\/p>\n<p>    La r\u00e9daction vous recommande<\/p>\n<p class=\"s-newsletter__title\">\n                L\u2019actualit\u00e9 par la r\u00e9daction de RTL dans votre bo\u00eete mail.\n            <\/p>\n<p class=\"s-newsletter__subtitle\">\n                Gr\u00e2ce \u00e0 votre compte RTL abonnez-vous \u00e0 la newsletter RTL info pour suivre toute l&rsquo;actualit\u00e9 au quotidien\n            <\/p>\n<p>\n                                    Lire la suite\n                                <\/p>\n","protected":false},"excerpt":{"rendered":"Le corps d&rsquo;un homme h\u00e9berg\u00e9 dans un foyer, probablement d\u00e9c\u00e9d\u00e9 \u00e0 cause du froid, a \u00e9t\u00e9 d\u00e9couvert dimanche&hellip;\n","protected":false},"author":2,"featured_media":629394,"comment_status":"","ping_status":"","sticky":false,"template":"","format":"standard","meta":{"footnotes":""},"categories":[1888],"tags":[1111,1928,11,1927,3983,1777,674,107,1011,27,3447,2487,12,1926,626,1925,25,3910],"class_list":{"0":"post-629393","1":"post","2":"type-post","3":"status-publish","4":"format-standard","5":"has-post-thumbnail","7":"category-paris","8":"tag-actu","9":"tag-actu-paris","10":"tag-actualites","11":"tag-actualites-paris","12":"tag-deces","13":"tag-eu","14":"tag-europe","15":"tag-fil-info","16":"tag-fr","17":"tag-france","18":"tag-froid","19":"tag-meteo","20":"tag-news","21":"tag-news-paris","22":"tag-paris","23":"tag-paris-news","24":"tag-republique-francaise","25":"tag-sdf"},"share_on_mastodon":{"url":"https:\/\/pubeurope.com\/@fr\/115807436407387180","error":""},"_links":{"self":[{"href":"https:\/\/www.europesays.com\/fr\/wp-json\/wp\/v2\/posts\/629393","targetHints":{"allow":["GET"]}}],"collection":[{"href":"https:\/\/www.europesays.com\/fr\/wp-json\/wp\/v2\/posts"}],"about":[{"href":"https:\/\/www.europesays.com\/fr\/wp-json\/wp\/v2\/types\/post"}],"author":[{"embeddable":true,"href":"https:\/\/www.europesays.com\/fr\/wp-json\/wp\/v2\/users\/2"}],"replies":[{"embeddable":true,"href":"https:\/\/www.europesays.com\/fr\/wp-json\/wp\/v2\/comments?post=629393"}],"version-history":[{"count":0,"href":"https:\/\/www.europesays.com\/fr\/wp-json\/wp\/v2\/posts\/629393\/revisions"}],"wp:featuredmedia":[{"embeddable":true,"href":"https:\/\/www.europesays.com\/fr\/wp-json\/wp\/v2\/media\/629394"}],"wp:attachment":[{"href":"https:\/\/www.europesays.com\/fr\/wp-json\/wp\/v2\/media?parent=629393"}],"wp:term":[{"taxonomy":"category","embeddable":true,"href":"https:\/\/www.europesays.com\/fr\/wp-json\/wp\/v2\/categories?post=629393"},{"taxonomy":"post_tag","embeddable":true,"href":"https:\/\/www.europesays.com\/fr\/wp-json\/wp\/v2\/tags?post=629393"}],"curies":[{"name":"wp","href":"https:\/\/api.w.org\/{rel}","templated":true}]}}