{"id":629406,"date":"2025-12-30T07:59:10","date_gmt":"2025-12-30T07:59:10","guid":{"rendered":"https:\/\/www.europesays.com\/fr\/629406\/"},"modified":"2025-12-30T07:59:10","modified_gmt":"2025-12-30T07:59:10","slug":"royaume-uni-un-grand-pere-recoit-un-coup-de-poing-et-meurt","status":"publish","type":"post","link":"https:\/\/www.europesays.com\/fr\/629406\/","title":{"rendered":"Royaume-Uni: Un grand-p\u00e8re re\u00e7oit un coup de poing et meurt"},"content":{"rendered":"<p>Le 22 d\u00e9cembre dernier, un grand-p\u00e8re de 66 ans a re\u00e7u un coup de poing, devant un pub d\u2019Appleby Magna, au Royaume-Uni. Il avait \u00e9t\u00e9 emmen\u00e9 \u00e0 l&rsquo;h\u00f4pital, souffrant d&rsquo;une grave blessure \u00e0 la t\u00eate. Le malheureux a finalement succomb\u00e9, le 27 d\u00e9cembre.<\/p>\n<p>David Darke s&rsquo;\u00e9tait retrouv\u00e9 au milieu d\u2019une altercation, devant le pub The Crown Inn. \u00abDave \u00e9tait un p\u00e8re profond\u00e9ment aim\u00e9 de ses trois filles et un grand-p\u00e8re fier de ses trois gar\u00e7ons, indique la famille. C\u2019\u00e9tait une personne forte, active, intelligente et bienveillante. Chef de famille d\u00e9vou\u00e9, il \u00e9tait passionn\u00e9 par la vie, le grand air, la nature et la marche. Sa vie a \u00e9t\u00e9 tragiquement interrompue.\u00bb<\/p>\n<p>Un homme de 36 ans, arr\u00eat\u00e9 puis rel\u00e2ch\u00e9 dans un premier temps, a \u00e9t\u00e9 interpell\u00e9 \u00e0 nouveau. Il est actuellement incarc\u00e9r\u00e9, pour suspicion de coups et blessures graves, indique <a target=\"_blank\" href=\"https:\/\/www.bbc.com\/news\/articles\/c7832z1lq80o\" rel=\"noopener noreferrer\">la BBC.<\/a><\/p>\n<p>\u00abL\u2019enqu\u00eate initiale nous a permis d\u2019identifier plusieurs t\u00e9moins et d\u2019examiner les images des cam\u00e9ras de vid\u00e9osurveillance de la zone. Ces investigations se poursuivront et le suspect sera \u00e0 nouveau interrog\u00e9 par les enqu\u00eateurs\u00bb, a d\u00e9clar\u00e9 la police.<\/p>\n","protected":false},"excerpt":{"rendered":"Le 22 d\u00e9cembre dernier, un grand-p\u00e8re de 66 ans a re\u00e7u un coup de poing, devant un pub&hellip;\n","protected":false},"author":2,"featured_media":629407,"comment_status":"","ping_status":"","sticky":false,"template":"","format":"standard","meta":{"footnotes":""},"categories":[1588],"tags":[11,1777,674,12,473,1853,1851,1850,1852],"class_list":{"0":"post-629406","1":"post","2":"type-post","3":"status-publish","4":"format-standard","5":"has-post-thumbnail","7":"category-royaume-uni","8":"tag-actualites","9":"tag-eu","10":"tag-europe","11":"tag-news","12":"tag-royaume-uni","13":"tag-royaume-uni-de-grande-bretagne-et-dirlande-du-nord","14":"tag-uk","15":"tag-united-kingdom","16":"tag-united-kingdom-of-great-britain-and-northern-ireland"},"share_on_mastodon":{"url":"https:\/\/pubeurope.com\/@fr\/115807464006020397","error":""},"_links":{"self":[{"href":"https:\/\/www.europesays.com\/fr\/wp-json\/wp\/v2\/posts\/629406","targetHints":{"allow":["GET"]}}],"collection":[{"href":"https:\/\/www.europesays.com\/fr\/wp-json\/wp\/v2\/posts"}],"about":[{"href":"https:\/\/www.europesays.com\/fr\/wp-json\/wp\/v2\/types\/post"}],"author":[{"embeddable":true,"href":"https:\/\/www.europesays.com\/fr\/wp-json\/wp\/v2\/users\/2"}],"replies":[{"embeddable":true,"href":"https:\/\/www.europesays.com\/fr\/wp-json\/wp\/v2\/comments?post=629406"}],"version-history":[{"count":0,"href":"https:\/\/www.europesays.com\/fr\/wp-json\/wp\/v2\/posts\/629406\/revisions"}],"wp:featuredmedia":[{"embeddable":true,"href":"https:\/\/www.europesays.com\/fr\/wp-json\/wp\/v2\/media\/629407"}],"wp:attachment":[{"href":"https:\/\/www.europesays.com\/fr\/wp-json\/wp\/v2\/media?parent=629406"}],"wp:term":[{"taxonomy":"category","embeddable":true,"href":"https:\/\/www.europesays.com\/fr\/wp-json\/wp\/v2\/categories?post=629406"},{"taxonomy":"post_tag","embeddable":true,"href":"https:\/\/www.europesays.com\/fr\/wp-json\/wp\/v2\/tags?post=629406"}],"curies":[{"name":"wp","href":"https:\/\/api.w.org\/{rel}","templated":true}]}}