{"id":629408,"date":"2025-12-30T08:00:26","date_gmt":"2025-12-30T08:00:26","guid":{"rendered":"https:\/\/www.europesays.com\/fr\/629408\/"},"modified":"2025-12-30T08:00:26","modified_gmt":"2025-12-30T08:00:26","slug":"montceau-les-mines-un-commercant-privatise-son-lieu-de-vente-de-fauteuils-relaxants","status":"publish","type":"post","link":"https:\/\/www.europesays.com\/fr\/629408\/","title":{"rendered":"Montceau-les-Mines. Un commer\u00e7ant privatise son lieu de vente de fauteuils relaxants"},"content":{"rendered":"<p class=\"insetTitle\">Les enfile-bas \u00e9lectriques vendus en Allemagne<\/p>\n<p>Fabriqu\u00e9s \u00e0 Montceau, les enfile-bas \u00e9lectriques Belovia gagnent du terrain. Depuis mai 2025, ils sont commercialis\u00e9s en Allemagne. \u00ab\u00a0On aimerait aussi proposer l\u2019innovation en Belgique, en Suisse, au Luxembourg\u00a0\u00bb, lance Fr\u00e9d\u00e9ric Cl\u00e9ment, pr\u00e9sident de l\u2019entreprise blanzynoise Mat Med.<\/p>\n<p>C\u2019est dans un lieu d\u00e9di\u00e9 de la boutique Confort &amp; Bien-\u00eatre, zone artisanale du Bois-du-Verne ( lire par ailleurs ), que l\u2019outil est fabriqu\u00e9. <\/p>\n<p>Imprimantes 3 D<\/p>\n<p>Dans l\u2019atelier, des imprimantes 3D confectionnent des petites pi\u00e8ces pour le moteur. Coques, cartes \u00e9lectroniques, \u00e9carteur de bas sont ensuite assembl\u00e9s sur place.<\/p>\n<p>Vendu ou lou\u00e9 aux aides-soignants, infirmiers ou aides \u00e0 domicile, <a href=\"https:\/\/www.lejsl.com\/economie\/2023\/12\/17\/les-enfile-bas-belovia-l-invention-gagnante-pour-les-soignants-et-leurs-patients\" target=\"_blank\" rel=\"noopener\">l\u2019appareil facilite la pose de bas m\u00e9dicaux sur les jambes des patients<\/a> en \u00e9cartant le bas \u00e0 l\u2019aide d\u2019un moteur.\u00a0La maintenance est aussi faite \u00e0 Montceau.<\/p>\n<p>Pour rappel, le stock et des brevets de l\u2019outil ont \u00e9t\u00e9 achet\u00e9s en octobre\u00a02021 \u00e0 la suite de la liquidation judiciaire de l\u2019entreprise fondatrice. \u00ab\u00a0Je venais acheter un lot de protections m\u00e9dicales et j\u2019ai r\u00e9cup\u00e9r\u00e9 la totalit\u00e9 de l\u2019entreprise\u00a0\u00bb, a rappel\u00e9 Fr\u00e9d\u00e9ric Cl\u00e9ment.<\/p>\n<p class=\"insetSignature\">C. R.<\/p>\n","protected":false},"excerpt":{"rendered":"Les enfile-bas \u00e9lectriques vendus en Allemagne Fabriqu\u00e9s \u00e0 Montceau, les enfile-bas \u00e9lectriques Belovia gagnent du terrain. Depuis mai&hellip;\n","protected":false},"author":2,"featured_media":629409,"comment_status":"","ping_status":"","sticky":false,"template":"","format":"standard","meta":{"footnotes":""},"categories":[1587],"tags":[11,672,1804,4406,1805,1803,33,12568,1777,674,107,1801,12566,12567,12,1802,71,6003],"class_list":{"0":"post-629408","1":"post","2":"type-post","3":"status-publish","4":"format-standard","5":"has-post-thumbnail","7":"category-allemagne","8":"tag-actualites","9":"tag-allemagne","10":"tag-bundesrepublik-deutschland","11":"tag-commerce-et-services","12":"tag-de","13":"tag-deutschland","14":"tag-economie","15":"tag-edition-montceau-les-mines","16":"tag-eu","17":"tag-europe","18":"tag-fil-info","19":"tag-germany","20":"tag-montceau-les-mines","21":"tag-montceau-les-mines-ville","22":"tag-news","23":"tag-republique-federale-dallemagne","24":"tag-sante","25":"tag-saone-et-loire"},"share_on_mastodon":{"url":"https:\/\/pubeurope.com\/@fr\/115807468099578836","error":""},"_links":{"self":[{"href":"https:\/\/www.europesays.com\/fr\/wp-json\/wp\/v2\/posts\/629408","targetHints":{"allow":["GET"]}}],"collection":[{"href":"https:\/\/www.europesays.com\/fr\/wp-json\/wp\/v2\/posts"}],"about":[{"href":"https:\/\/www.europesays.com\/fr\/wp-json\/wp\/v2\/types\/post"}],"author":[{"embeddable":true,"href":"https:\/\/www.europesays.com\/fr\/wp-json\/wp\/v2\/users\/2"}],"replies":[{"embeddable":true,"href":"https:\/\/www.europesays.com\/fr\/wp-json\/wp\/v2\/comments?post=629408"}],"version-history":[{"count":0,"href":"https:\/\/www.europesays.com\/fr\/wp-json\/wp\/v2\/posts\/629408\/revisions"}],"wp:featuredmedia":[{"embeddable":true,"href":"https:\/\/www.europesays.com\/fr\/wp-json\/wp\/v2\/media\/629409"}],"wp:attachment":[{"href":"https:\/\/www.europesays.com\/fr\/wp-json\/wp\/v2\/media?parent=629408"}],"wp:term":[{"taxonomy":"category","embeddable":true,"href":"https:\/\/www.europesays.com\/fr\/wp-json\/wp\/v2\/categories?post=629408"},{"taxonomy":"post_tag","embeddable":true,"href":"https:\/\/www.europesays.com\/fr\/wp-json\/wp\/v2\/tags?post=629408"}],"curies":[{"name":"wp","href":"https:\/\/api.w.org\/{rel}","templated":true}]}}