{"id":629412,"date":"2025-12-30T08:02:09","date_gmt":"2025-12-30T08:02:09","guid":{"rendered":"https:\/\/www.europesays.com\/fr\/629412\/"},"modified":"2025-12-30T08:02:09","modified_gmt":"2025-12-30T08:02:09","slug":"il-sera-signe-a-condition-quil-y-ai-des-clauses-de-sauvegardes-declare-bernard-guetta-depute-europeen-renew","status":"publish","type":"post","link":"https:\/\/www.europesays.com\/fr\/629412\/","title":{"rendered":"\u00ab\u00a0Il sera sign\u00e9 \u00e0 condition qu&rsquo;il y ai des clauses de sauvegardes\u00a0\u00bb, d\u00e9clare Bernard Guetta, d\u00e9put\u00e9 europ\u00e9en Renew"},"content":{"rendered":"<p>Accord du Mercosur: \u00ab\u00a0Il sera sign\u00e9 \u00e0 condition qu&rsquo;il y ai des clauses de sauvegardes\u00a0\u00bb, d\u00e9clare Bernard Guetta, d\u00e9put\u00e9 europ\u00e9en RenewSur le m\u00eame sujet<a href=\"https:\/\/www.bfmtv.com\/international\/video-accord-du-mercosur-il-sera-signe-a-condition-qu-il-y-ai-des-clauses-de-sauvegardes-declare-bernard-guetta-depute-europeen-renew_VN-202512300192.html\" title=\"Accord du Mercosur: &quot;Il sera sign\u00e9 \u00e0 condition qu&#039;il y ai des clauses de sauvegardes&quot;, d\u00e9clare Bernard Guetta, d\u00e9put\u00e9 europ\u00e9en Renew\" target=\"_blank\" rel=\"noopener\"><img width=\"16\" height=\"9\" class=\"lozad\"  alt=\"Accord du Mercosur: &quot;Il sera sign\u00e9 \u00e0 condition qu'il y ai des clauses de sauvegardes&quot;, d\u00e9clare Bernard Guetta, d\u00e9put\u00e9 europ\u00e9en Renew\"\/>en lectureAccord du Mercosur: \u00ab\u00a0Il sera sign\u00e9 \u00e0 condition qu&rsquo;il y ai des clauses de sauvegardes\u00a0\u00bb, d\u00e9clare Bernard Guetta, d\u00e9put\u00e9 europ\u00e9en Renew<\/a><a href=\"https:\/\/www.bfmtv.com\/international\/amerique-nord\/etats-unis\/video-l-union-europeenne-doit-devenir-une-union-politique-estime-bernard-guetta-depute-renew_VN-202512300178.html\" title=\"&quot;L&#039;Union europ\u00e9enne doit devenir une union politique&quot;, estime Bernard Guetta, d\u00e9put\u00e9 Renew\" target=\"_blank\" rel=\"noopener\"><img width=\"16\" height=\"9\" class=\"lozad\"  alt=\"&quot;L'Union europ\u00e9enne doit devenir une union politique&quot;, estime Bernard Guetta, d\u00e9put\u00e9 Renew\"\/>1:09&Prime;L&rsquo;Union europ\u00e9enne doit devenir une union politique\u00a0\u00bb, estime Bernard Guetta, d\u00e9put\u00e9 Renew<\/a><a href=\"https:\/\/www.bfmtv.com\/international\/asie\/russie\/video-il-ne-faut-rien-lacher-a-vladimir-poutine-estime-bernard-guetta-depute-europeen-renew_VN-202512300173.html\" title=\" &quot;Il ne faut rien l\u00e2cher \u00e0 Vladimir Poutine&quot;, estime Bernard Guetta, d\u00e9put\u00e9 europ\u00e9en Renew\" target=\"_blank\" rel=\"noopener\"><img width=\"16\" height=\"9\" class=\"lozad\"  alt=\" &quot;Il ne faut rien l\u00e2cher \u00e0 Vladimir Poutine&quot;, estime Bernard Guetta, d\u00e9put\u00e9 europ\u00e9en Renew\"\/>1:30&Prime;Il ne faut rien l\u00e2cher \u00e0 Vladimir Poutine\u00a0\u00bb, estime Bernard Guetta, d\u00e9put\u00e9 europ\u00e9en Renew<\/a><a href=\"https:\/\/www.bfmtv.com\/international\/asie\/russie\/video-l-interet-de-vladimir-poutine-de-mentir-dans-cette-affaire-est-parfaitement-clair-estime-bernard-guetta_VN-202512300169.html\" title=\"Attaque de drones contre la r\u00e9sidence de Vladimir Poutine: &quot;L&#039;int\u00e9r\u00eat de Vladimir Poutine de mentir dans cette affaire est parfaitement clair&quot;, pour Bernard Guetta, d\u00e9put\u00e9 europ\u00e9en Renew\" target=\"_blank\" rel=\"noopener\"><img width=\"16\" height=\"9\" class=\"lozad\"  alt=\"Attaque de drones contre la r\u00e9sidence de Vladimir Poutine: &quot;L'int\u00e9r\u00eat de Vladimir Poutine de mentir dans cette affaire est parfaitement clair&quot;, pour Bernard Guetta, d\u00e9put\u00e9 europ\u00e9en Renew\"\/>1:30Attaque de drones contre la r\u00e9sidence de Vladimir Poutine: \u00ab\u00a0L&rsquo;int\u00e9r\u00eat de Vladimir Poutine de mentir dans cette affaire est parfaitement clair\u00a0\u00bb, pour Bernard Guetta, d\u00e9put\u00e9 europ\u00e9en Renew<\/a><a href=\"https:\/\/www.bfmtv.com\/economie\/replay-emissions\/le-monde-qui-bouge\/video-annalisa-cappellini-renouvelable-une-priorite-absolue-pour-pekin-30-12_VN-202512300131.html\" title=\"Annalisa Cappellini : Renouvelable, une priorit\u00e9 absolue pour P\u00e9kin - 30\/12\" target=\"_blank\" rel=\"noopener\"><img width=\"16\" height=\"9\" class=\"lozad\"  alt=\"Annalisa Cappellini : Renouvelable, une priorit\u00e9 absolue pour P\u00e9kin - 30\/12\"\/>4:26Annalisa Cappellini : Renouvelable, une priorit\u00e9 absolue pour P\u00e9kin &#8211; 30\/12<\/a><a href=\"https:\/\/www.bfmtv.com\/international\/asie\/russie\/video-la-russie-accuse-l-ukraine-d-avoir-lance-une-attaque-de-drones-sur-la-residence-de-vladimir-poutine-kiev-dement_VN-202512300107.html\" title=\"La Russie accuse l&#039;Ukraine d&#039;avoir lanc\u00e9 une attaque de drones sur la r\u00e9sidence de Vladimir Poutine, Kiev d\u00e9ment\" target=\"_blank\" rel=\"noopener\"><img width=\"16\" height=\"9\" class=\"lozad\"  alt=\"La Russie accuse l'Ukraine d'avoir lanc\u00e9 une attaque de drones sur la r\u00e9sidence de Vladimir Poutine, Kiev d\u00e9ment\"\/>1:19La Russie accuse l&rsquo;Ukraine d&rsquo;avoir lanc\u00e9 une attaque de drones sur la r\u00e9sidence de Vladimir Poutine, Kiev d\u00e9ment<\/a><a href=\"https:\/\/www.bfmtv.com\/international\/moyen-orient\/palestine\/video-le-hamas-paiera-s-il-ne-se-desarme-pas-a-declare-donald-trump-apres-sa-rencontre-avec-benjamin-netanyahu_VN-202512300063.html\" title=\"&quot;Le Hamas paiera&quot; s&#039;il ne se d\u00e9sarme pas, a d\u00e9clar\u00e9 Donald Trump apr\u00e8s sa rencontre avec Benjamin Netanyahu\" target=\"_blank\" rel=\"noopener\"><img width=\"16\" height=\"9\" class=\"lozad\"  alt=\"&quot;Le Hamas paiera&quot; s'il ne se d\u00e9sarme pas, a d\u00e9clar\u00e9 Donald Trump apr\u00e8s sa rencontre avec Benjamin Netanyahu\"\/>0:50&Prime;Le Hamas paiera\u00a0\u00bb s&rsquo;il ne se d\u00e9sarme pas, a d\u00e9clar\u00e9 Donald Trump apr\u00e8s sa rencontre avec Benjamin Netanyahu<\/a><a href=\"https:\/\/www.bfmtv.com\/international\/video-11-ans-apres-sa-disparition-les-recherches-du-vol-mh-370-de-la-malaysia-airlines-reprennent-mardi_VN-202512300061.html\" title=\"11 ans apr\u00e8s sa disparition, les recherches du vol MH 370 de la Malaysia Airlines reprennent mardi\" target=\"_blank\" rel=\"noopener\"><img width=\"16\" height=\"9\" class=\"lozad\"  alt=\"11 ans apr\u00e8s sa disparition, les recherches du vol MH 370 de la Malaysia Airlines reprennent mardi\"\/>1:3311 ans apr\u00e8s sa disparition, les recherches du vol MH 370 de la Malaysia Airlines reprennent mardi<\/a><a href=\"https:\/\/www.bfmtv.com\/international\/video-le-libre-arbitre-d-aurore-malval-se-loger-a-milan-un-luxe-inabordable_VN-202512290603.html\" title=\"LE LIBRE ARBITRE D&#039;AURORE MALVAL - Se loger \u00e0 Milan ... Un luxe inabordable !\" target=\"_blank\" rel=\"noopener\"><img width=\"16\" height=\"9\" class=\"lozad\"  alt=\"LE LIBRE ARBITRE D'AURORE MALVAL - Se loger \u00e0 Milan ... Un luxe inabordable !\"\/>3:31LE LIBRE ARBITRE D&rsquo;AURORE MALVAL &#8211; Se loger \u00e0 Milan &#8230; Un luxe inabordable !<\/a><a href=\"https:\/\/www.bfmtv.com\/international\/amerique-nord\/etats-unis\/video-a-l-onu-les-etats-unis-defendent-le-droit-d-israel-a-reconnaitre-le-somaliland_VN-202512290595.html\" title=\"\u00c0 l&#039;ONU, les \u00c9tats-Unis d\u00e9fendent le droit d&#039;Isra\u00ebl \u00e0 reconna\u00eetre le Somaliland\" target=\"_blank\" rel=\"noopener\"><img width=\"16\" height=\"9\" class=\"lozad\"  alt=\"\u00c0 l'ONU, les \u00c9tats-Unis d\u00e9fendent le droit d'Isra\u00ebl \u00e0 reconna\u00eetre le Somaliland\"\/>1:00\u00c0 l&rsquo;ONU, les \u00c9tats-Unis d\u00e9fendent le droit d&rsquo;Isra\u00ebl \u00e0 reconna\u00eetre le Somaliland<\/a><a href=\"https:\/\/www.bfmtv.com\/international\/video-rencontre-entre-trump-et-netanyahu-on-a-jamais-eu-un-ami-aussi-proche-comme-donald-trump-a-la-maison-blanche-declare-benjamin-netanyahu_VN-202512290582.html\" title=\"Rencontre entre Trump et Netanyahu: &quot;On a jamais eu un ami aussi proche comme Donald Trump \u00e0 la Maison Blanche&quot;, d\u00e9clare Benjamin Netanyahu\" target=\"_blank\" rel=\"noopener\"><img width=\"16\" height=\"9\" class=\"lozad\"  alt=\"Rencontre entre Trump et Netanyahu: &quot;On a jamais eu un ami aussi proche comme Donald Trump \u00e0 la Maison Blanche&quot;, d\u00e9clare Benjamin Netanyahu\"\/>1:45Rencontre entre Trump et Netanyahu: \u00ab\u00a0On a jamais eu un ami aussi proche comme Donald Trump \u00e0 la Maison Blanche\u00a0\u00bb, d\u00e9clare Benjamin Netanyahu<\/a><a href=\"https:\/\/www.bfmtv.com\/international\/video-rencontre-entre-trump-et-netanyahu-on-n-a-jamais-eu-un-ami-aussi-proche-que-donald-trump-a-la-maison-blanche-declare-benjamin-netanyahu_VN-202512290583.html\" title=\"Rencontre entre Trump et Netanyahu: &quot;On n&#039;a jamais eu un ami aussi proche que Donald Trump \u00e0 la Maison Blanche&quot;, d\u00e9clare Benjamin Netanyahu\" target=\"_blank\" rel=\"noopener\"><img width=\"16\" height=\"9\" class=\"lozad\"  alt=\"Rencontre entre Trump et Netanyahu: &quot;On n'a jamais eu un ami aussi proche que Donald Trump \u00e0 la Maison Blanche&quot;, d\u00e9clare Benjamin Netanyahu\"\/>1:45Rencontre entre Trump et Netanyahu: \u00ab\u00a0On n&rsquo;a jamais eu un ami aussi proche que Donald Trump \u00e0 la Maison Blanche\u00a0\u00bb, d\u00e9clare Benjamin Netanyahu<\/a><a href=\"https:\/\/www.bfmtv.com\/replay-emissions\/bfm-grand-soir\/video-moscou-accuse-kiev-d-avoir-voulu-tuer-poutine-29-12_VN-202512290573.html\" title=\"Moscou accuse Kiev d\u2019avoir voulu tuer Poutine - 29\/12\" target=\"_blank\" rel=\"noopener\"><img width=\"16\" height=\"9\" class=\"lozad\"  alt=\"Moscou accuse Kiev d\u2019avoir voulu tuer Poutine - 29\/12\"\/>43:05Moscou accuse Kiev d\u2019avoir voulu tuer Poutine &#8211; 29\/12<\/a><a href=\"https:\/\/www.bfmtv.com\/international\/amerique-nord\/etats-unis\/video-donald-trump-dit-ne-pas-etre-inquiet-des-manoeuvres-militaires-chinoises-autour-de-taiwan_VN-202512290569.html\" title=\"Donald Trump dit ne pas \u00eatre inquiet des manoeuvres militaires chinoises autour de Ta\u00efwan\" target=\"_blank\" rel=\"noopener\"><img width=\"16\" height=\"9\" class=\"lozad\"  alt=\"Donald Trump dit ne pas \u00eatre inquiet des manoeuvres militaires chinoises autour de Ta\u00efwan\"\/>0:36Donald Trump dit ne pas \u00eatre inquiet des manoeuvres militaires chinoises autour de Ta\u00efwan<\/a><a class=\"jumpToVideo\" target=\"_blank\"><img class=\"thumbnailPreview\"\/><\/a><\/p>\n","protected":false},"excerpt":{"rendered":"Accord du Mercosur: \u00ab\u00a0Il sera sign\u00e9 \u00e0 condition qu&rsquo;il y ai des clauses de sauvegardes\u00a0\u00bb, d\u00e9clare Bernard Guetta,&hellip;\n","protected":false},"author":2,"featured_media":629413,"comment_status":"","ping_status":"","sticky":false,"template":"","format":"standard","meta":{"footnotes":""},"categories":[1586],"tags":[11,1777,674,1779,1011,27,12,25,1778,364],"class_list":{"0":"post-629412","1":"post","2":"type-post","3":"status-publish","4":"format-standard","5":"has-post-thumbnail","7":"category-europe","8":"tag-actualites","9":"tag-eu","10":"tag-europe","11":"tag-european-union","12":"tag-fr","13":"tag-france","14":"tag-news","15":"tag-republique-francaise","16":"tag-ue","17":"tag-union-europeenne"},"share_on_mastodon":{"url":"https:\/\/pubeurope.com\/@fr\/115807475735045463","error":""},"_links":{"self":[{"href":"https:\/\/www.europesays.com\/fr\/wp-json\/wp\/v2\/posts\/629412","targetHints":{"allow":["GET"]}}],"collection":[{"href":"https:\/\/www.europesays.com\/fr\/wp-json\/wp\/v2\/posts"}],"about":[{"href":"https:\/\/www.europesays.com\/fr\/wp-json\/wp\/v2\/types\/post"}],"author":[{"embeddable":true,"href":"https:\/\/www.europesays.com\/fr\/wp-json\/wp\/v2\/users\/2"}],"replies":[{"embeddable":true,"href":"https:\/\/www.europesays.com\/fr\/wp-json\/wp\/v2\/comments?post=629412"}],"version-history":[{"count":0,"href":"https:\/\/www.europesays.com\/fr\/wp-json\/wp\/v2\/posts\/629412\/revisions"}],"wp:featuredmedia":[{"embeddable":true,"href":"https:\/\/www.europesays.com\/fr\/wp-json\/wp\/v2\/media\/629413"}],"wp:attachment":[{"href":"https:\/\/www.europesays.com\/fr\/wp-json\/wp\/v2\/media?parent=629412"}],"wp:term":[{"taxonomy":"category","embeddable":true,"href":"https:\/\/www.europesays.com\/fr\/wp-json\/wp\/v2\/categories?post=629412"},{"taxonomy":"post_tag","embeddable":true,"href":"https:\/\/www.europesays.com\/fr\/wp-json\/wp\/v2\/tags?post=629412"}],"curies":[{"name":"wp","href":"https:\/\/api.w.org\/{rel}","templated":true}]}}