{"id":629423,"date":"2025-12-30T08:13:11","date_gmt":"2025-12-30T08:13:11","guid":{"rendered":"https:\/\/www.europesays.com\/fr\/629423\/"},"modified":"2025-12-30T08:13:11","modified_gmt":"2025-12-30T08:13:11","slug":"voici-les-gains-fous-de-mathieu-van-der-poel-depuis-le-debut-de-la-saison-de-cyclo-cross","status":"publish","type":"post","link":"https:\/\/www.europesays.com\/fr\/629423\/","title":{"rendered":"Voici les gains fous de Mathieu van der Poel depuis le d\u00e9but de la saison de cyclo-cross"},"content":{"rendered":"<p><a href=\"https:\/\/www.dhnet.be\/sports\/cyclisme\/cyclo-cross\/2025\/12\/29\/mathieu-van-der-poel-frole-la-chute-apres-avoir-ete-touche-par-un-spectacteur-lors-du-cyclo-cross-de-loenhout-LF7W7QCN2VCWNGF5XJWIWAAA2I\/\" target=\"_self\" class=\"ap-StoryInterstitialLink ap-StoryElement ap-StoryElement--mb js-paywall-target\" rel=\"noopener\">Mathieu van der Poel fr\u00f4le la chute \u00e0 cause d&rsquo;un spectateur lors du cyclo-cross de Loenhout (VID\u00c9O)<\/a><\/p>\n<p class=\"ap-StoryElement ap-StoryElement--mb ap-StoryText\">Au total : le portefeuille du triple vainqueur de Paris-Roubaix et du Tour des Flandres aurait, donc, d\u00e9j\u00e0 grossi de quelque 140 700 euros depuis qu&rsquo;il a entam\u00e9 sa saison le 14 d\u00e9cembre dernier \u00e0 Namur.<\/p>\n<p class=\"ap-StoryElement ap-StoryElement--mb ap-StoryText\">Pas rassasi\u00e9 pour autant, van der Poel se verrait bien battre quelques records sportifs. Il y a, bien s\u00fbr, d&rsquo;abord le championnat du monde du 1er f\u00e9vrier, chez lui \u00e0 Hulst. S&rsquo;il d\u00e9croche le maillot arc-en-ciel ce jour-l\u00e0, il deviendra le seul avec huit sacres mondiaux (NdlR : il s&rsquo;est d\u00e9j\u00e0 impos\u00e9 en 2015, 2019, 2020, 2021, 2023, 2024 et 2025), Eric De Vlaeminck s&rsquo;\u00e9tant arr\u00eat\u00e9 \u00e0 sept (1966, 1968, 1969, 1970, 1971, 1972 et 1973).<\/p>\n<p>\u00c9galer Sven Nys en Coupe du monde<\/p>\n<p class=\"ap-StoryElement ap-StoryElement--mb ap-StoryText\">M\u00eame s&rsquo;il dit ne pas en faire une fixation et qu&rsquo;il n&rsquo;a pas encore confirm\u00e9 sa participation \u00e0 la manche de Benidorm (le 18 janvier), MvdP a aussi une carte \u00e0 jouer en Coupe du monde. \u00ab\u00a0Je pense que j&rsquo;aurais alors d\u00fb rouler dimanche \u00e0 Dendermonde\u00a0\u00bb, dit-il. Pour le moment, il ne pointe qu&rsquo;en 4e position (avec 160 pts) du classement g\u00e9n\u00e9ral derri\u00e8re Laurens Sweeck (186 pts, mais touch\u00e9 \u00e0 la clavicule ce lundi), Thibaut Nys (183) et Michael Vanthourenhout (167). Faire un trois sur trois \u00e0 Zonhoven, Maasmechelen et Hoogerheide pourrait, n\u00e9anmoins, lui suffire pour aller chercher les 30 000 euros promis au vainqueur final. Une source de motivation suppl\u00e9mentaire : il peut viser les 50 victoires en Coupe du monde et \u00e9galer le record de Sven Nys.<\/p>\n<p><a href=\"https:\/\/www.dhnet.be\/sports\/cyclisme\/2025\/12\/28\/wout-van-aert-6e-a-dendermonde-na-pas-profite-de-labsence-de-van-der-poel-je-nai-jamais-ete-dans-le-coup-pour-la-victoire-C3UIKWHUYZAQFGO4T32IOALHCY\/\" target=\"_self\" class=\"ap-StoryInterstitialLink ap-StoryElement ap-StoryElement--mb\" rel=\"noopener\">Wout van Aert, 6e \u00e0 Dendermonde, n&rsquo;a pas profit\u00e9 de l&rsquo;absence de van der Poel : \u00ab\u00a0Je n&rsquo;ai jamais \u00e9t\u00e9 dans le coup pour la victoire\u00a0\u00bb<\/a>Bient\u00f4t le cap des 300 victoires ?<\/p>\n<p class=\"ap-StoryElement ap-StoryElement--mb ap-StoryText\">Enfin, avec 295 succ\u00e8s (dont 178 chez les \u00e9lites), van der Poel est bien conscient qu&rsquo;il est tout proche de la barri\u00e8re mythique des 300 victoires, qu&rsquo;il pourrait atteindre avant le championnat du monde. Pour lui, la suite de la saison s&rsquo;annonce palpitante.<\/p>\n<p><a href=\"https:\/\/www.dhnet.be\/sports\/cyclisme\/2025\/12\/28\/thibau-nys-vainqueur-dun-superbe-cyclo-cross-a-dendermonde-negocier-les-derniers-virages-plein-tube-cetait-grisant-PATSXCTUTBEHLIY2HQ6TYQBB3Q\/\" target=\"_self\" class=\"ap-StoryInterstitialLink ap-StoryElement ap-StoryElement--mb\" rel=\"noopener\">Thibau Nys vainqueur d&rsquo;un superbe cyclo-cross \u00e0 Dendermonde : \u00ab\u00a0N\u00e9gocier les derniers virages plein tube, c&rsquo;\u00e9tait grisant !\u00a0\u00bb<\/a><\/p>\n","protected":false},"excerpt":{"rendered":"Mathieu van der Poel fr\u00f4le la chute \u00e0 cause d&rsquo;un spectateur lors du cyclo-cross de Loenhout (VID\u00c9O) Au&hellip;\n","protected":false},"author":2,"featured_media":629424,"comment_status":"","ping_status":"","sticky":false,"template":"","format":"standard","meta":{"footnotes":""},"categories":[1411],"tags":[5682,1154,207,1011,27,30080,1656,49473,60,522],"class_list":{"0":"post-629423","1":"post","2":"type-post","3":"status-publish","4":"format-standard","5":"has-post-thumbnail","7":"category-cyclisme","8":"tag-classiques-flandriennes","9":"tag-cycling","10":"tag-cyclisme","11":"tag-fr","12":"tag-france","13":"tag-namur","14":"tag-paris-roubaix","15":"tag-province-de-namur","16":"tag-sports","17":"tag-tour-des-flandres"},"share_on_mastodon":{"url":"https:\/\/pubeurope.com\/@fr\/115807518929565128","error":""},"_links":{"self":[{"href":"https:\/\/www.europesays.com\/fr\/wp-json\/wp\/v2\/posts\/629423","targetHints":{"allow":["GET"]}}],"collection":[{"href":"https:\/\/www.europesays.com\/fr\/wp-json\/wp\/v2\/posts"}],"about":[{"href":"https:\/\/www.europesays.com\/fr\/wp-json\/wp\/v2\/types\/post"}],"author":[{"embeddable":true,"href":"https:\/\/www.europesays.com\/fr\/wp-json\/wp\/v2\/users\/2"}],"replies":[{"embeddable":true,"href":"https:\/\/www.europesays.com\/fr\/wp-json\/wp\/v2\/comments?post=629423"}],"version-history":[{"count":0,"href":"https:\/\/www.europesays.com\/fr\/wp-json\/wp\/v2\/posts\/629423\/revisions"}],"wp:featuredmedia":[{"embeddable":true,"href":"https:\/\/www.europesays.com\/fr\/wp-json\/wp\/v2\/media\/629424"}],"wp:attachment":[{"href":"https:\/\/www.europesays.com\/fr\/wp-json\/wp\/v2\/media?parent=629423"}],"wp:term":[{"taxonomy":"category","embeddable":true,"href":"https:\/\/www.europesays.com\/fr\/wp-json\/wp\/v2\/categories?post=629423"},{"taxonomy":"post_tag","embeddable":true,"href":"https:\/\/www.europesays.com\/fr\/wp-json\/wp\/v2\/tags?post=629423"}],"curies":[{"name":"wp","href":"https:\/\/api.w.org\/{rel}","templated":true}]}}