{"id":629429,"date":"2025-12-30T08:16:12","date_gmt":"2025-12-30T08:16:12","guid":{"rendered":"https:\/\/www.europesays.com\/fr\/629429\/"},"modified":"2025-12-30T08:16:12","modified_gmt":"2025-12-30T08:16:12","slug":"notre-selection-des-100-photos-qui-ont-marque-lannee-2025-grand-format","status":"publish","type":"post","link":"https:\/\/www.europesays.com\/fr\/629429\/","title":{"rendered":"Notre s\u00e9lection des 100 photos qui ont marqu\u00e9 l&rsquo;ann\u00e9e 2025 (grand format)"},"content":{"rendered":"<p>Toutes les ann\u00e9es commencent de la m\u00eame fa\u00e7on : des feux d&rsquo;artifice, une date qui change sur le calendrier, des bonnes r\u00e9solutions qui tiendront ce qu&rsquo;elles tiendront&#8230; et puis c&rsquo;est un saut dans l&rsquo;inconnu. En 2025, certaines choses ont chang\u00e9 (le pape, le pr\u00e9sident des \u00c9tats-Unis, pour ne citer qu&rsquo;eux) et d&rsquo;autres ont perdur\u00e9 (la guerre en Ukraine et dans la bande de Gaza, pour ne citer qu&rsquo;elles).<\/p>\n<p>Au milieu de tout \u00e7a, il y a eu une courge g\u00e9ante (franchement, il faut le voir pour le croire), un van bleu abandonn\u00e9 au milieu d&rsquo;un quartier jauni par les incendies en Californie, une longue tabl\u00e9e au milieu des ruines \u00e0 Gaza comme pour dire que malgr\u00e9 tout la vie continue, des chutes, des remont\u00e9es&#8230; On en a trouv\u00e9 100 comme \u00e7a.<\/p>\n<p>Alors oui, 2025 ce n&rsquo;\u00e9tait pas que \u00e7a, mais c&rsquo;\u00e9tait aussi un peu de \u00e7a : des instants suspendus dans le cours de nos vies. On ne sait pas trop o\u00f9 on va, mais on sait d&rsquo;o\u00f9 on vient. Et apr\u00e8s ? On verra bien.<\/p>\n","protected":false},"excerpt":{"rendered":"Toutes les ann\u00e9es commencent de la m\u00eame fa\u00e7on : des feux d&rsquo;artifice, une date qui change sur le&hellip;\n","protected":false},"author":2,"featured_media":629430,"comment_status":"","ping_status":"","sticky":false,"template":"","format":"standard","meta":{"footnotes":""},"categories":[1358],"tags":[1348,1384,1385,1386,58,59,1011,27],"class_list":{"0":"post-629429","1":"post","2":"type-post","3":"status-publish","4":"format-standard","5":"has-post-thumbnail","7":"category-arts-et-design","8":"tag-arts","9":"tag-arts-and-design","10":"tag-arts-et-design","11":"tag-design","12":"tag-divertissement","13":"tag-entertainment","14":"tag-fr","15":"tag-france"},"share_on_mastodon":{"url":"https:\/\/pubeurope.com\/@fr\/115807530684081013","error":""},"_links":{"self":[{"href":"https:\/\/www.europesays.com\/fr\/wp-json\/wp\/v2\/posts\/629429","targetHints":{"allow":["GET"]}}],"collection":[{"href":"https:\/\/www.europesays.com\/fr\/wp-json\/wp\/v2\/posts"}],"about":[{"href":"https:\/\/www.europesays.com\/fr\/wp-json\/wp\/v2\/types\/post"}],"author":[{"embeddable":true,"href":"https:\/\/www.europesays.com\/fr\/wp-json\/wp\/v2\/users\/2"}],"replies":[{"embeddable":true,"href":"https:\/\/www.europesays.com\/fr\/wp-json\/wp\/v2\/comments?post=629429"}],"version-history":[{"count":0,"href":"https:\/\/www.europesays.com\/fr\/wp-json\/wp\/v2\/posts\/629429\/revisions"}],"wp:featuredmedia":[{"embeddable":true,"href":"https:\/\/www.europesays.com\/fr\/wp-json\/wp\/v2\/media\/629430"}],"wp:attachment":[{"href":"https:\/\/www.europesays.com\/fr\/wp-json\/wp\/v2\/media?parent=629429"}],"wp:term":[{"taxonomy":"category","embeddable":true,"href":"https:\/\/www.europesays.com\/fr\/wp-json\/wp\/v2\/categories?post=629429"},{"taxonomy":"post_tag","embeddable":true,"href":"https:\/\/www.europesays.com\/fr\/wp-json\/wp\/v2\/tags?post=629429"}],"curies":[{"name":"wp","href":"https:\/\/api.w.org\/{rel}","templated":true}]}}