{"id":62943,"date":"2025-04-29T23:07:09","date_gmt":"2025-04-29T23:07:09","guid":{"rendered":"https:\/\/www.europesays.com\/fr\/62943\/"},"modified":"2025-04-29T23:07:09","modified_gmt":"2025-04-29T23:07:09","slug":"mark-zuckerberg-va-fermer-lecole-gratuite-quil-avait-ouverte-pour-les-plus-demunis","status":"publish","type":"post","link":"https:\/\/www.europesays.com\/fr\/62943\/","title":{"rendered":"Mark Zuckerberg va fermer l\u2019\u00e9cole gratuite qu\u2019il avait ouverte pour les plus d\u00e9munis"},"content":{"rendered":"<p>Les familles d\u2019East Palo Alto et de San Leandro en <a href=\"https:\/\/www.20minutes.fr\/dossier\/californie\" target=\"_blank\" class=\"color-ultramarine c-link\" rel=\"nofollow noopener\">Californie<\/a> sont sous le choc. Les deux \u00e9coles fond\u00e9es par <a href=\"https:\/\/www.20minutes.fr\/dossier\/mark_zuckerberg\" target=\"_blank\" class=\"color-ultramarine c-link\" rel=\"nofollow noopener\">Mark Zuckerberg<\/a> et son \u00e9pouse, Priscilla Chan, pour soutenir les enfants de communaut\u00e9s d\u00e9favoris\u00e9es fermeront leurs portes \u00e0 l\u2019\u00e9t\u00e9\u00a02026. La <a href=\"https:\/\/www.theprimaryschool.org\" rel=\"nofollow noopener\" target=\"_blank\" class=\"color-ultramarine c-link\">Primary School<\/a> et son campus de l\u2019East Bay, projets embl\u00e9matiques financ\u00e9s par la Chan Zuckerberg Initiative (CZI), accueillaient pr\u00e8s de 550 \u00e9l\u00e8ves, majoritairement issus de familles \u00e0 faibles revenus.<\/p>\n<p>Selon <a href=\"https:\/\/www.nytimes.com\/2025\/04\/24\/us\/school-closure-zuckerberg-chan.html\" rel=\"nofollow noopener\" target=\"_blank\" class=\"color-ultramarine c-link\">The New York Times<\/a> et <a href=\"https:\/\/sfstandard.com\/2025\/04\/23\/primary-school-closure-zuckerberg-chan-funding\/\" rel=\"nofollow noopener\" target=\"_blank\" class=\"color-ultramarine c-link\">The San Francisco Standard<\/a>, les parents ont appris la nouvelle lors d\u2019un petit-d\u00e9jeuner organis\u00e9 \u00e0 l\u2019\u00e9cole, sans explication claire. Emeline Vainikolo, m\u00e8re d\u2019un \u00e9l\u00e8ve, t\u00e9moigne de la stupeur g\u00e9n\u00e9rale. \u00ab\u00a0On nous a dit que \u00ab\u00a0le monsieur qui donnait de l\u2019argent\u00a0\u00bb ne voulait plus le faire.\u00a0\u00bb<\/p>\n<p>R\u00e9unir \u00e9ducation et accompagnement social<\/p>\n<p>Fond\u00e9e en\u00a02016, la <a href=\"https:\/\/www.20minutes.fr\/societe\/ecole-privee\/\" target=\"_blank\" class=\"color-ultramarine c-link\" rel=\"nofollow noopener\">Primary School<\/a> incarnait une vision innovante\u00a0: r\u00e9unir \u00e9ducation, sant\u00e9 et accompagnement social sous un m\u00eame toit pour lutter contre les in\u00e9galit\u00e9s structurelles. Mark Zuckerberg l\u2019avait d\u00e9crite comme \u00ab\u00a0un nouveau type d\u2019\u00e9cole\u00a0\u00bb visant \u00e0 \u00ab\u00a0aider les enfants des communaut\u00e9s sous-desservies \u00e0 atteindre leur plein potentiel\u00a0\u00bb.<\/p>\n<\/p>\n<p>Mais derri\u00e8re l\u2019annonce officielle d\u2019un \u00ab\u00a0repositionnement\u00a0\u00bb du financement, plusieurs familles s\u2019interrogent sur un lien avec le r\u00e9cent virage politique de Mark Zuckerberg, qui s\u2019est rapproch\u00e9 de <a href=\"https:\/\/www.20minutes.fr\/dossier\/donald_trump\" target=\"_blank\" class=\"color-ultramarine c-link\" rel=\"nofollow noopener\">Donald Trump<\/a> et a r\u00e9duit ses engagements en mati\u00e8re de diversit\u00e9, d\u2019\u00e9quit\u00e9 et d\u2019inclusion (DEI).<\/p>\n<p>Un sentiment d\u2019abandon pour les familles<\/p>\n<p>Jean-Claude Brizard, pr\u00e9sident du conseil d\u2019administration de l\u2019\u00e9cole, affirme que la fermeture n\u2019est pas li\u00e9e \u00e0 un d\u00e9sengagement DEI mais \u00e0 un probl\u00e8me de financement\u00a0: \u00ab\u00a0Une structure qui d\u00e9pend \u00e0 100\u00a0% de la philanthropie n\u2019est pas viable \u00e0 long terme.\u00a0\u00bb Malgr\u00e9 des efforts pour obtenir des fonds publics ou d\u2019autres soutiens priv\u00e9s, la Primary School n\u2019aurait pas r\u00e9ussi \u00e0 convaincre d\u2019autres financeurs.<\/p>\n<p><a href=\"https:\/\/www.20minutes.fr\/dossier\/mark_zuckerberg\" target=\"_blank\" class=\"c-link c-btn c-btn--primary\" rel=\"nofollow noopener\">Tous nos articles sur Mark Zuckerberg<\/a><\/p>\n<p>La CZI promet toutefois d\u2019investir 50\u00a0millions de dollars dans les communaut\u00e9s locales pour accompagner les \u00e9l\u00e8ves et familles affect\u00e9s, notamment via des comptes d\u2019\u00e9pargne \u00e9ducationnels et des sp\u00e9cialistes de la transition scolaire. Mais pour de nombreux parents, le sentiment d\u2019abandon reste vif. \u00ab\u00a0Ils sacrifient toute une communaut\u00e9\u00a0\u00bb, d\u00e9plore Veronica Van Leeuwaarde, m\u00e8re d\u2019anciens \u00e9l\u00e8ves, aupr\u00e8s du San Francisco Standard. \u00ab\u00a0Cette \u00e9cole a transform\u00e9 nos vies.\u00a0\u00bb<\/p>\n","protected":false},"excerpt":{"rendered":"Les familles d\u2019East Palo Alto et de San Leandro en Californie sont sous le choc. Les deux \u00e9coles&hellip;\n","protected":false},"author":2,"featured_media":62944,"comment_status":"","ping_status":"","sticky":false,"template":"","format":"standard","meta":{"footnotes":""},"categories":[1589],"tags":[47,11,2139,75,16102,1121,73,1866,652,16103,4687,1016,74,12,4518,1864,1865,1863,308],"class_list":{"0":"post-62943","1":"post","2":"type-post","3":"status-publish","4":"format-standard","5":"has-post-thumbnail","7":"category-etats-unis","8":"tag-actualite","9":"tag-actualites","10":"tag-californie","11":"tag-donald-trump","12":"tag-ecole-privee","13":"tag-eleves","14":"tag-etats-unis","15":"tag-etats-unis-damerique","16":"tag-famille","17":"tag-fonds","18":"tag-mark-zuckerberg","19":"tag-meta","20":"tag-monde","21":"tag-news","22":"tag-pauvrete","23":"tag-united-states","24":"tag-united-states-of-america","25":"tag-us","26":"tag-usa"},"share_on_mastodon":{"url":"","error":""},"_links":{"self":[{"href":"https:\/\/www.europesays.com\/fr\/wp-json\/wp\/v2\/posts\/62943","targetHints":{"allow":["GET"]}}],"collection":[{"href":"https:\/\/www.europesays.com\/fr\/wp-json\/wp\/v2\/posts"}],"about":[{"href":"https:\/\/www.europesays.com\/fr\/wp-json\/wp\/v2\/types\/post"}],"author":[{"embeddable":true,"href":"https:\/\/www.europesays.com\/fr\/wp-json\/wp\/v2\/users\/2"}],"replies":[{"embeddable":true,"href":"https:\/\/www.europesays.com\/fr\/wp-json\/wp\/v2\/comments?post=62943"}],"version-history":[{"count":0,"href":"https:\/\/www.europesays.com\/fr\/wp-json\/wp\/v2\/posts\/62943\/revisions"}],"wp:featuredmedia":[{"embeddable":true,"href":"https:\/\/www.europesays.com\/fr\/wp-json\/wp\/v2\/media\/62944"}],"wp:attachment":[{"href":"https:\/\/www.europesays.com\/fr\/wp-json\/wp\/v2\/media?parent=62943"}],"wp:term":[{"taxonomy":"category","embeddable":true,"href":"https:\/\/www.europesays.com\/fr\/wp-json\/wp\/v2\/categories?post=62943"},{"taxonomy":"post_tag","embeddable":true,"href":"https:\/\/www.europesays.com\/fr\/wp-json\/wp\/v2\/tags?post=62943"}],"curies":[{"name":"wp","href":"https:\/\/api.w.org\/{rel}","templated":true}]}}