{"id":629431,"date":"2025-12-30T08:18:10","date_gmt":"2025-12-30T08:18:10","guid":{"rendered":"https:\/\/www.europesays.com\/fr\/629431\/"},"modified":"2025-12-30T08:18:10","modified_gmt":"2025-12-30T08:18:10","slug":"cyril-feraud-fond-en-larmes-face-a-sa-famille-tout-ca-narrive-pas-par-hasard","status":"publish","type":"post","link":"https:\/\/www.europesays.com\/fr\/629431\/","title":{"rendered":"Cyril F\u00e9raud fond en larmes face \u00e0 sa famille : \u201cTout \u00e7a n\u2019arrive pas par hasard"},"content":{"rendered":"<p>L\u2019instant a suspendu le temps. Ce dimanche 28 d\u00e9cembre 2025, sur<br \/>\nle plateau de Vivement dimanche diffus\u00e9 sur France 3,<br \/>\n<strong>l\u2019\u00e9motion a submerg\u00e9 Cyril F\u00e9raud<\/strong>. Invit\u00e9 par<br \/>\nMichel Drucker, l\u2019animateur a v\u00e9cu un moment rare, intime, loin de<br \/>\nla l\u00e9g\u00e8ret\u00e9 habituelle des jeux qu\u2019il pr\u00e9sente chaque jour \u00e0<br \/>\nl\u2019antenne. Michel Drucker annonce vouloir conclure l\u2019ann\u00e9e avec<br \/>\ncelui qu\u2019il consid\u00e8re comme une \u00e9vidence. Il salue un parcours<br \/>\nexemplaire et rappelle que <a href=\"https:\/\/www.closermag.fr\/people\/cyril-feraud-papa-pour-le-reveillon-de-noel-il-partage-une-rare-photo-de-son-fils-tim-3608937\" target=\"_blank\" rel=\"noopener\"><br \/>\nle papa de Tim<\/a> a \u00e9t\u00e9 sacr\u00e9 animateur pr\u00e9f\u00e9r\u00e9 des Fran\u00e7ais en<br \/>\n2025. Une reconnaissance que son h\u00f4te juge amplement m\u00e9rit\u00e9e, au<br \/>\npoint de le qualifier sans d\u00e9tour d\u2019\u201dhomme de l\u2019ann\u00e9e\u201d.<\/p>\n<p>Une entr\u00e9e en mati\u00e8re flatteuse, mais surtout sinc\u00e8re, qui<br \/>\ntouche d\u00e9j\u00e0 l\u2019int\u00e9ress\u00e9. Face au ma\u00eetre du canap\u00e9 rouge, Cyril<br \/>\nF\u00e9raud revient alors sur ses d\u00e9buts, sur cette vocation n\u00e9e tr\u00e8s<br \/>\nt\u00f4t. Il raconte comment, enfant, il se voyait d\u00e9j\u00e0 <strong>derri\u00e8re<br \/>\nun micro<\/strong>, comment il pr\u00e9sentait des \u00e9missions imaginaires<br \/>\ndans le salon familial, avec une conviction d\u00e9sarmante.<\/p>\n<p>Cyril F\u00e9raud ne retient pas ses larmes devant Michel<br \/>\nDrucker<\/p>\n<p>Mais le moment le plus bouleversant arrive lorsque Michel<br \/>\nDrucker sort une surprise de sa manche. Sur l\u2019\u00e9cran, la voix de la<br \/>\nm\u00e8re de <a href=\"https:\/\/www.closermag.fr\/people\/il-a-invente-le-compliment-inattendu-de-cyril-feraud-a-nikos-aliagas-3609027\" target=\"_blank\" rel=\"noopener\"><br \/>\nCyril F\u00e9raud<\/a> r\u00e9sonne. \u201cLe bac en poche, tu es donc parti \u00e0<br \/>\nParis. Depuis, en travailleur acharn\u00e9, tu vis de ta passion et tu<br \/>\nt\u2019es fait une belle place \u00e0 France T\u00e9l\u00e9visions. Nous sommes, ta<br \/>\nmamie et moi, tr\u00e8s fi\u00e8res de ton beau parcours. <strong>Tu es rest\u00e9<br \/>\nle m\u00eame<\/strong>. Des \u00e9toiles plein les yeux, simple, et<br \/>\nbienveillant avec les personnes qui t\u2019entourent\u201d. Les images<br \/>\nd\u00e9filent, les souvenirs affluent.<\/p>\n<p><a href=\"https:\/\/www.closermag.fr\/people\/cyril-feraud-un-etre-abject-la-reaction-inattendue-dun-candidat-3602798\" target=\"_blank\" rel=\"noopener\"><br \/>\nL\u2019animateur, d\u2019ordinaire si ma\u00eetris\u00e9<\/a>, ne parvient plus \u00e0<br \/>\nretenir ses larmes. Submerg\u00e9, Cyril F\u00e9raud \u00e9coute, les yeux<br \/>\nhumides, la gorge nou\u00e9e. Michel Drucker rappelle alors la figure du<br \/>\np\u00e8re disparu, Michel. \u201cJe pense \u00e0 ton papa Michel, qui \u00e9tait<br \/>\ndessinateur au minist\u00e8re de l\u2019\u00c9quipement\u2026\u201d, dit Michel<br \/>\nDrucker. \u201cIl est fier de moi, et depuis qu\u2019il n\u2019est plus l\u00e0, il<br \/>\nme prot\u00e8ge vraiment, et tout \u00e7a n\u2019arrive pas par hasard. <strong>Il<br \/>\n\u00e9tait tr\u00e8s important dans ma vie<\/strong>\u201d. Une \u00e9vocation qui<br \/>\nfait basculer l\u2019\u00e9motion dans quelque chose de plus profond<br \/>\nencore.<\/p>\n<p>Un moment hors du temps pour<br \/>\nl&rsquo;animateur<\/p>\n<p>Cyril F\u00e9raud confie que son p\u00e8re continue de veiller sur lui,<br \/>\nqu\u2019il ressent sa pr\u00e9sence, sa protection. Il explique que rien de<br \/>\nce qu\u2019il vit aujourd\u2019hui n\u2019est le fruit du hasard, que tout<br \/>\ns\u2019inscrit dans une continuit\u00e9 invisible mais essentielle.<\/p>\n<p>Ce moment de t\u00e9l\u00e9vision, d\u2019une sinc\u00e9rit\u00e9 rare, r\u00e9v\u00e8le<br \/>\n<strong>une autre facette de Cyril F\u00e9raud<\/strong>. Derri\u00e8re le<br \/>\nsourire lumineux et l\u2019\u00e9nergie communicative, il y a un homme tourn\u00e9<br \/>\nsur ses racines, sur la m\u00e9moire et vers l\u2019amour des siens. Sur le<br \/>\nplateau, les applaudissements r\u00e9sonnent, mais c\u2019est surtout le<br \/>\nsilence charg\u00e9 d\u2019\u00e9motion qui marque les esprits. Une s\u00e9quence<br \/>\nforte, humaine.<\/p>\n","protected":false},"excerpt":{"rendered":"L\u2019instant a suspendu le temps. Ce dimanche 28 d\u00e9cembre 2025, sur le plateau de Vivement dimanche diffus\u00e9 sur&hellip;\n","protected":false},"author":2,"featured_media":629432,"comment_status":"","ping_status":"","sticky":false,"template":"","format":"standard","meta":{"footnotes":""},"categories":[1356],"tags":[21303,58,59,1011,27,70426,252,1364],"class_list":{"0":"post-629431","1":"post","2":"type-post","3":"status-publish","4":"format-standard","5":"has-post-thumbnail","7":"category-television","8":"tag-buzz_nonli","9":"tag-divertissement","10":"tag-entertainment","11":"tag-fr","12":"tag-france","13":"tag-marfeel_news","14":"tag-television","15":"tag-tv"},"share_on_mastodon":{"url":"https:\/\/pubeurope.com\/@fr\/115807538662151974","error":""},"_links":{"self":[{"href":"https:\/\/www.europesays.com\/fr\/wp-json\/wp\/v2\/posts\/629431","targetHints":{"allow":["GET"]}}],"collection":[{"href":"https:\/\/www.europesays.com\/fr\/wp-json\/wp\/v2\/posts"}],"about":[{"href":"https:\/\/www.europesays.com\/fr\/wp-json\/wp\/v2\/types\/post"}],"author":[{"embeddable":true,"href":"https:\/\/www.europesays.com\/fr\/wp-json\/wp\/v2\/users\/2"}],"replies":[{"embeddable":true,"href":"https:\/\/www.europesays.com\/fr\/wp-json\/wp\/v2\/comments?post=629431"}],"version-history":[{"count":0,"href":"https:\/\/www.europesays.com\/fr\/wp-json\/wp\/v2\/posts\/629431\/revisions"}],"wp:featuredmedia":[{"embeddable":true,"href":"https:\/\/www.europesays.com\/fr\/wp-json\/wp\/v2\/media\/629432"}],"wp:attachment":[{"href":"https:\/\/www.europesays.com\/fr\/wp-json\/wp\/v2\/media?parent=629431"}],"wp:term":[{"taxonomy":"category","embeddable":true,"href":"https:\/\/www.europesays.com\/fr\/wp-json\/wp\/v2\/categories?post=629431"},{"taxonomy":"post_tag","embeddable":true,"href":"https:\/\/www.europesays.com\/fr\/wp-json\/wp\/v2\/tags?post=629431"}],"curies":[{"name":"wp","href":"https:\/\/api.w.org\/{rel}","templated":true}]}}