{"id":629443,"date":"2025-12-30T08:24:10","date_gmt":"2025-12-30T08:24:10","guid":{"rendered":"https:\/\/www.europesays.com\/fr\/629443\/"},"modified":"2025-12-30T08:24:10","modified_gmt":"2025-12-30T08:24:10","slug":"la-premiere-super-lune-de-2026-cest-celle-du-loup-et-cest-pour-tres-bientot-voici-a-quoi-sattendre","status":"publish","type":"post","link":"https:\/\/www.europesays.com\/fr\/629443\/","title":{"rendered":"La premi\u00e8re super lune de 2026, c&rsquo;est celle du loup et c&rsquo;est pour tr\u00e8s bient\u00f4t : voici \u00e0 quoi s&rsquo;attendre"},"content":{"rendered":"<p>                    Par<br \/>\n        <strong><br \/>\n            <a href=\"https:\/\/actu.fr\/auteur\/redaction-actu\" title=\"Consulter tous les articles de R\u00e9daction Actu\" target=\"_blank\" rel=\"noopener\">R\u00e9daction Actu<\/a><br \/>\n                    <\/strong><\/p>\n<p>        Publi\u00e9 le<\/p>\n<p>            29 d\u00e9c. 2025 \u00e0 20h05        <\/p>\n<p>La pleine lune ne va pas attendre tr\u00e8s longtemps en 2026 pour pointer le bout de son nez. D\u00e8s ce samedi 3 janvier 2026, vous pourrez en th\u00e9orie apercevoir notre satellite qui, \u00e0 cette p\u00e9riode de l\u2019ann\u00e9e, a <strong>le droit au sobriquet de pleine lune du Loup<\/strong>.\u00a0Autre bonne nouvelle, c\u2019est <strong>l\u2019une des trois super lunes de l\u2019ann\u00e9e 2026.<\/strong><\/p>\n<p class=\" wall-content\">Quelque chose \u00e0 voir avec les nombreuses sc\u00e8nes de films o\u00f9 l\u2019on peut voir un loup hurlant au clair de Lune\u2009? Voici les raisons de ce surnom et surtout comment observer cette premi\u00e8re pleine Lune de l\u2019ann\u00e9e.<\/p>\n<p>Pleine lune du Loup\u2009?<\/p>\n<p class=\" wall-content\">A priori, vous ne croiserez pas de loup. Mais si on l\u2019appelle ainsi \u00e0 cette p\u00e9riode de l\u2019ann\u00e9e, c\u2019est \u00e0 cause de l\u2019Almanach des fermiers du Maine (\u00c9tats-Unis), qui a publi\u00e9 les noms am\u00e9rindiens des pleines lunes dans les ann\u00e9es 1930.<\/p>\n<blockquote class=\"ac-article-quote wall-content\">\n<p>Selon cet almanach, la pleine lune de janvier est la Lune du Loup, \u00e0 cause\u00a0des meutes de loups que l\u2019on entendait hurler\u00a0\u00e0 l\u2019ext\u00e9rieur des villages au milieu des neiges froides et profondes de l\u2019hiver.<\/p>\n<p>    <strong>NASA<\/strong>\n            <\/p><\/blockquote>\n<p>Une super lune\u2009?<\/p>\n<p class=\" wall-content\">Cette pleine lune sera, en plus, une super lune. Elle ne sera pas plus grosse pour autant, mais elle sera plus proche de nous.<\/p>\n<p class=\" wall-content\">Pourquoi\u2009? <strong>Eh bien parce que si la Lune tourne autour de la Terre<\/strong>, elle n\u2019est <strong>pas toujours \u00e0 la m\u00eame distance<\/strong>. Notre satellite est certes attir\u00e9 par la Terre, mais aussi par le Soleil, Jupiter, etc. En moyenne, <strong>elle est distante de 384\u2009400\u00a0km,<\/strong> mais parfois, elle est plus proche et parfois plus loin.<\/p>\n<p>Votre r\u00e9gion, votre actu !<\/p>\n<p>Recevez chaque jour les infos qui comptent pour vous.<\/p>\n<p>\t<a href=\"https:\/\/actu.fr\/newsletter\" class=\"ac-btn ac-btn--corner ac-btn--medium ac-btn--blue800\" target=\"_blank\" rel=\"noopener\">S&rsquo;incrire<\/a><\/p>\n<p class=\" wall-content\">Ce samedi 3 janvier 2026, elle se trouvera \u00e0 362\u2009312 km de la Terre. Ainsi, selon <a href=\"https:\/\/starwalk.space\/fr\/news\/full-moon-january#phases-de-la-lune-en-janvier-2026\" target=\"_blank\" rel=\"noopener\">Starwalk<\/a>, elle para\u00eetra<strong> 6\u2009% plus grande et 13\u2009% plus brillante qu\u2019une pleine lune normale.<\/strong><\/p>\n<p class=\" wall-content\">Cette super lune sera compl\u00e8te \u00e0 11\u2009h\u200903 heure de Paris. Difficile donc de la contempler en plein jour. Mais le soir, vous pourrez quand m\u00eame profiter d\u2019un joli spectacle\u2009: en regardant vers la Lune,<strong> vous pourrez apercevoir Jupiter<\/strong>, plus grande plan\u00e8te de notre syst\u00e8me solaire, juste en dessous de l\u2019astre. Un joli spectacle en perspective.<\/p>\n<p class=\" wall-content\">Personnalisez votre actualit\u00e9 en ajoutant vos villes et m\u00e9dias en favori avec <a href=\"https:\/\/moncompte.actu.fr\" title=\"D\u00e9couvez Mon Actu\" rel=\"nofollow noopener\" data-trk=\"{&quot;cta&quot;:{&quot;action&quot;:&quot;https:\\\/\\\/moncompte.actu.fr&quot;,&quot;category&quot;:&quot;mon compte&quot;,&quot;from&quot;:&quot;article footer&quot;,&quot;name&quot;:&quot;Mon actu&quot;,&quot;type&quot;:&quot;cta&quot;}}\" target=\"_blank\">Mon Actu<\/a>.<\/p>\n","protected":false},"excerpt":{"rendered":"Par R\u00e9daction Actu Publi\u00e9 le 29 d\u00e9c. 2025 \u00e0 20h05 La pleine lune ne va pas attendre tr\u00e8s&hellip;\n","protected":false},"author":2,"featured_media":629444,"comment_status":"","ping_status":"","sticky":false,"template":"","format":"standard","meta":{"footnotes":""},"categories":[7],"tags":[48,1011,27,43,40,41,39,2631,42,44],"class_list":{"0":"post-629443","1":"post","2":"type-post","3":"status-publish","4":"format-standard","5":"has-post-thumbnail","7":"category-sciences-et-technologies","8":"tag-astronomie","9":"tag-fr","10":"tag-france","11":"tag-science","12":"tag-science-and-technology","13":"tag-sciences","14":"tag-sciences-et-technologies","15":"tag-sciences-technologie","16":"tag-technologies","17":"tag-technology"},"share_on_mastodon":{"url":"https:\/\/pubeurope.com\/@fr\/115807562340843664","error":""},"_links":{"self":[{"href":"https:\/\/www.europesays.com\/fr\/wp-json\/wp\/v2\/posts\/629443","targetHints":{"allow":["GET"]}}],"collection":[{"href":"https:\/\/www.europesays.com\/fr\/wp-json\/wp\/v2\/posts"}],"about":[{"href":"https:\/\/www.europesays.com\/fr\/wp-json\/wp\/v2\/types\/post"}],"author":[{"embeddable":true,"href":"https:\/\/www.europesays.com\/fr\/wp-json\/wp\/v2\/users\/2"}],"replies":[{"embeddable":true,"href":"https:\/\/www.europesays.com\/fr\/wp-json\/wp\/v2\/comments?post=629443"}],"version-history":[{"count":0,"href":"https:\/\/www.europesays.com\/fr\/wp-json\/wp\/v2\/posts\/629443\/revisions"}],"wp:featuredmedia":[{"embeddable":true,"href":"https:\/\/www.europesays.com\/fr\/wp-json\/wp\/v2\/media\/629444"}],"wp:attachment":[{"href":"https:\/\/www.europesays.com\/fr\/wp-json\/wp\/v2\/media?parent=629443"}],"wp:term":[{"taxonomy":"category","embeddable":true,"href":"https:\/\/www.europesays.com\/fr\/wp-json\/wp\/v2\/categories?post=629443"},{"taxonomy":"post_tag","embeddable":true,"href":"https:\/\/www.europesays.com\/fr\/wp-json\/wp\/v2\/tags?post=629443"}],"curies":[{"name":"wp","href":"https:\/\/api.w.org\/{rel}","templated":true}]}}