{"id":629447,"date":"2025-12-30T08:26:12","date_gmt":"2025-12-30T08:26:12","guid":{"rendered":"https:\/\/www.europesays.com\/fr\/629447\/"},"modified":"2025-12-30T08:26:12","modified_gmt":"2025-12-30T08:26:12","slug":"pourquoi-les-nouveaux-navires-americains-trump-class-risquent-de-ne-jamais-voir-le-jour","status":"publish","type":"post","link":"https:\/\/www.europesays.com\/fr\/629447\/","title":{"rendered":"Pourquoi les nouveaux navires am\u00e9ricains \u00abTrump class\u00bb risquent de ne jamais voir le jour"},"content":{"rendered":"<p>\n    <strong>D\u00c9CRYPTAGE &#8211;<\/strong> Donald Trump a annonc\u00e9 la cr\u00e9ation de cuirass\u00e9s du XXIe si\u00e8cle pour \u00e9quiper sa \u00abgolden fleet\u00bb mais l\u2019ambition affich\u00e9e devrait se heurter \u00e0 de nombreux obstacles financiers et strat\u00e9giques.<\/p>\n<p class=\"fig-paragraph\"><a href=\"http:\/\/www.lefigaro.fr\/flash-actu\/le-president-israelien-nie-avoir-parle-a-donald-trump-a-propos-de-la-grace-de-benyamin-netanyahou-20251229\" data-fig-type=\"NewsFlash\" data-gtm-custom-categorie=\"navigation\" data-gtm-custom-action=\"crossclick\" data-gtm-custom-label=\"Contextuel\" data-gtm-event=\"customEventSPE\" data-fig-domain=\"LEFIGARO\" target=\"_blank\" rel=\"noopener\">Trump\u00a0<\/a>voulait ressusciter les cuirass\u00e9s de l\u2019US Navy, qui ont fait les grandes heures de la marine am\u00e9ricaine au XXe si\u00e8cle et du cin\u00e9ma. Mais ces g\u00e9ants des mers, les plus grands navires jamais con\u00e7us par l\u2019industrie navale aux \u00c9tats-Unis \u00e0 l\u2019exception des porte-avions, ont \u00e9t\u00e9 d\u00e9truits pour la plupart.\u00a0Sur les 59 construits entre 1888 et 1944, il en reste seulement 10, transform\u00e9s en mus\u00e9es dans plusieurs villes portuaires am\u00e9ricaines dont\u00a0<a href=\"http:\/\/www.lefigaro.fr\/societes\/on-a-perdu-tout-le-controle-du-site-comment-l-armee-francaise-se-prepare-au-pearl-harbor-numerique-une-cyberattaque-xxl-20240210\" data-fig-type=\"Article\" data-gtm-custom-categorie=\"navigation\" data-gtm-custom-action=\"crossclick\" data-gtm-custom-label=\"Contextuel\" data-gtm-event=\"customEventSPE\" data-fig-domain=\"LEFIGARO\" target=\"_blank\" rel=\"noopener\">Pearl Harbor.<\/a>\u00a0C\u2019est l\u2019un de ces 10 navires, d\u2019ailleurs, remis en \u00e9tat de marche par des v\u00e9t\u00e9rans aguerris, qui met en d\u00e9route \u00e0 lui seul, dans le blockbuster hollywoodien \u00abbattleship\u00bb, un gigantesque vaisseau extraterrestre amphibie.<\/p>\n<p class=\"fig-paragraph\">Faute de pouvoir les remettre en service en dehors de la fiction, Donald Trump a donc annonc\u00e9 en grande pompe avant No\u00ebl que les \u00c9tats-Unis construiraient une nouvelle classe de navire, baptis\u00e9e \u00e0 son nom, fait in\u00e9dit dans l\u2019histoire de la marine am\u00e9ricaine pour un pr\u00e9sident en exercice. Mais surtout, Trump, aux c\u00f4t\u00e9s du\u2026<\/p>\n<p class=\"fig-premium-paywall__infos\">\n        Cet article est r\u00e9serv\u00e9 aux abonn\u00e9s.        Il vous reste 84% \u00e0 d\u00e9couvrir.\n    <\/p>\n<p>                <img  data- alt=\"Le Figaro\" class=\"fig-img--complete fig-img\"\/><\/p>\n<p class=\"fig-premium-paywall__title\">Vous avez envie de lire la suite ?<\/p>\n<p class=\"fig-premium-paywall__subtitle\">D\u00e9bloquez tous les articles imm\u00e9diatement.<\/p>\n<p class=\"fig-premium-paywall__connect\">\n                D\u00e9j\u00e0 abonn\u00e9\u00a0?                <a class=\"fig-premium-paywall__connect-link\" href=\"https:\/\/connect.lefigaro.fr\/login?client=horizon_web&amp;type=main&amp;redirect_uri=https%3A%2F%2Fwww.lefigaro.fr%2Finternational%2Fpourquoi-les-nouveaux-navires-americains-trump-class-risquent-de-ne-jamais-voir-le-jour-20251230\" data-js-gtm=\"{&quot;customCategorie&quot;: &quot;conversion&quot;, &quot;customAction&quot;: &quot;before_Landing_Connexion_paywall_auto&quot;, &quot;customLabel&quot;: &quot;bGVmaWdhcm8uZnJfXzFmMGU0MGM2LWE5ODktNmVkMC1hYjk5LTkxYzJmZWRjNzE3N19fQXJ0aWNsZQ==_Pourquoi les nouveaux navires am\u00e9ricains \u00abTrump class\u00bb risquent de ne jamais voir le jour_321&quot;, &quot;customIDSPE&quot;: &quot;bGVmaWdhcm8uZnJfXzFmMGU0MGM2LWE5ODktNmVkMC1hYjk5LTkxYzJmZWRjNzE3N19fQXJ0aWNsZQ==&quot;, &quot;event&quot;: &quot;customEventSPE&quot;}\" target=\"_blank\" rel=\"noopener\"><br \/>\n                    Connectez-vous<br \/>\n                <\/a>\n            <\/p>\n","protected":false},"excerpt":{"rendered":"D\u00c9CRYPTAGE &#8211; Donald Trump a annonc\u00e9 la cr\u00e9ation de cuirass\u00e9s du XXIe si\u00e8cle pour \u00e9quiper sa \u00abgolden fleet\u00bb&hellip;\n","protected":false},"author":2,"featured_media":629448,"comment_status":"","ping_status":"","sticky":false,"template":"","format":"standard","meta":{"footnotes":""},"categories":[5],"tags":[11,73,1011,27,14,12,30743,28],"class_list":{"0":"post-629447","1":"post","2":"type-post","3":"status-publish","4":"format-standard","5":"has-post-thumbnail","7":"category-international","8":"tag-actualites","9":"tag-etats-unis","10":"tag-fr","11":"tag-france","12":"tag-international","13":"tag-news","14":"tag-us-navy","15":"tag-world"},"share_on_mastodon":{"url":"https:\/\/pubeurope.com\/@fr\/115807570096170309","error":""},"_links":{"self":[{"href":"https:\/\/www.europesays.com\/fr\/wp-json\/wp\/v2\/posts\/629447","targetHints":{"allow":["GET"]}}],"collection":[{"href":"https:\/\/www.europesays.com\/fr\/wp-json\/wp\/v2\/posts"}],"about":[{"href":"https:\/\/www.europesays.com\/fr\/wp-json\/wp\/v2\/types\/post"}],"author":[{"embeddable":true,"href":"https:\/\/www.europesays.com\/fr\/wp-json\/wp\/v2\/users\/2"}],"replies":[{"embeddable":true,"href":"https:\/\/www.europesays.com\/fr\/wp-json\/wp\/v2\/comments?post=629447"}],"version-history":[{"count":0,"href":"https:\/\/www.europesays.com\/fr\/wp-json\/wp\/v2\/posts\/629447\/revisions"}],"wp:featuredmedia":[{"embeddable":true,"href":"https:\/\/www.europesays.com\/fr\/wp-json\/wp\/v2\/media\/629448"}],"wp:attachment":[{"href":"https:\/\/www.europesays.com\/fr\/wp-json\/wp\/v2\/media?parent=629447"}],"wp:term":[{"taxonomy":"category","embeddable":true,"href":"https:\/\/www.europesays.com\/fr\/wp-json\/wp\/v2\/categories?post=629447"},{"taxonomy":"post_tag","embeddable":true,"href":"https:\/\/www.europesays.com\/fr\/wp-json\/wp\/v2\/tags?post=629447"}],"curies":[{"name":"wp","href":"https:\/\/api.w.org\/{rel}","templated":true}]}}