{"id":629460,"date":"2025-12-30T08:33:10","date_gmt":"2025-12-30T08:33:10","guid":{"rendered":"https:\/\/www.europesays.com\/fr\/629460\/"},"modified":"2025-12-30T08:33:10","modified_gmt":"2025-12-30T08:33:10","slug":"les-festivites-de-noel-jouent-les-prolongations-cette-semaine-a-six-fours","status":"publish","type":"post","link":"https:\/\/www.europesays.com\/fr\/629460\/","title":{"rendered":"Les festivit\u00e9s de No\u00ebl jouent les prolongations cette semaine \u00e0 Six-Fours"},"content":{"rendered":"<p class=\"fs-5 \">Dans ce temps suspendu de l\u2019entre-deux-f\u00eates, la ville prolonge la magie des f\u00eates avec une programmation encore dense jusqu\u2019au dimanche 4 janvier. Animations familiales, chalets gourmands, patinoire, man\u00e8ges et rendez-vous populaires continuent d\u2019animer le centre-ville et les quartiers, offrant aux habitants comme aux visiteurs de nombreuses occasions de sortir avant la rentr\u00e9e.<\/p>\n<p>                                                                                La patinoire et les animations pour les enfants<\/p>\n<p class=\"fs-5 \">Sur la place des Poilus, la patinoire reste accessible tous les jours, de 10 h \u00e0 21 h, avec port de gants obligatoire. Les tours de glisse sont offerts par la municipalit\u00e9. \u00c0 quelques pas, les plus jeunes peuvent \u00e9galement profiter des Petits Bolides, place D\u00e9cugis : karts, tracteurs, v\u00e9los et pousse-pousse sont propos\u00e9s chaque jour durant les vacances, de 10 h \u00e0 12 h et de 14 h \u00e0 18 h (fermeture anticip\u00e9e \u00e0 16 h le 31 d\u00e9cembre).<\/p>\n<p class=\"fs-5 \">Le Village de No\u00ebl des enfants, install\u00e9 au parc Jean-Robert (rue de Boullibaye), accueille toujours les familles avec son man\u00e8ge, ses ateliers cr\u00e9atifs, jeux en bois, s\u00e9ances de maquillage et attractions gonflables, notamment les 3 et 4 janvier, de 14 h \u00e0 18 h.<\/p>\n<p>                                                                                Chalets gourmands et ambiance musicale<\/p>\n<p class=\"fs-5 \">Les chalets gourmands de la place des Poilus restent ouverts jusqu\u2019\u00e0 mercredi, proposant d\u00e9gustations sucr\u00e9es et sal\u00e9es dans une ambiance conviviale, accompagn\u00e9es d\u2019animations musicales en soir\u00e9e. Une soir\u00e9e exceptionnelle est \u00e9galement pr\u00e9vue le 31 d\u00e9cembre, avec une ouverture prolong\u00e9e jusqu\u2019\u00e0 1 h du matin.<\/p>\n<p>                                                                                Le Bain de No\u00ebl au Brusc, un rendez-vous qui s\u2019installe<\/p>\n<p class=\"fs-5 \">Moment d\u00e9sormais attendu des f\u00eates, le bain de la nouvelle ann\u00e9e au Brusc fera son retour ce dimanche \u00e0 10 h 30 sur la plage du Cros pour sa deuxi\u00e8me \u00e9dition. Organis\u00e9 par le Clab (Comit\u00e9 de liaison des associations bruscaines), l\u2019\u00e9v\u00e9nement avait d\u00e9j\u00e0 rassembl\u00e9 plus d\u2019une centaine de participants l\u2019an dernier, venus braver l\u2019eau froide dans une ambiance festive et solidaire. Une animation qui s\u2019inscrit d\u00e9sormais comme un temps fort de cl\u00f4ture des f\u00eates de fin d\u2019ann\u00e9e au Brusc.<\/p>\n<p class=\"fs-5 \">Avec cette derni\u00e8re semaine d\u2019animations, la Ville propose une conclusion festive aux vacances scolaires, m\u00ealant traditions de No\u00ebl, rendez-vous familiaux et moments populaires, avant de tourner la page des f\u00eates et d\u2019aborder la nouvelle ann\u00e9e.<\/p>\n","protected":false},"excerpt":{"rendered":"Dans ce temps suspendu de l\u2019entre-deux-f\u00eates, la ville prolonge la magie des f\u00eates avec une programmation encore dense&hellip;\n","protected":false},"author":2,"featured_media":629461,"comment_status":"","ping_status":"","sticky":false,"template":"","format":"standard","meta":{"footnotes":""},"categories":[9619],"tags":[1111,11,1777,674,1011,27,12,882,25,2310],"class_list":{"0":"post-629460","1":"post","2":"type-post","3":"status-publish","4":"format-standard","5":"has-post-thumbnail","7":"category-toulon","8":"tag-actu","9":"tag-actualites","10":"tag-eu","11":"tag-europe","12":"tag-fr","13":"tag-france","14":"tag-news","15":"tag-provence-alpes-cote-dazur","16":"tag-republique-francaise","17":"tag-toulon"},"share_on_mastodon":{"url":"https:\/\/pubeurope.com\/@fr\/115807597632357789","error":""},"_links":{"self":[{"href":"https:\/\/www.europesays.com\/fr\/wp-json\/wp\/v2\/posts\/629460","targetHints":{"allow":["GET"]}}],"collection":[{"href":"https:\/\/www.europesays.com\/fr\/wp-json\/wp\/v2\/posts"}],"about":[{"href":"https:\/\/www.europesays.com\/fr\/wp-json\/wp\/v2\/types\/post"}],"author":[{"embeddable":true,"href":"https:\/\/www.europesays.com\/fr\/wp-json\/wp\/v2\/users\/2"}],"replies":[{"embeddable":true,"href":"https:\/\/www.europesays.com\/fr\/wp-json\/wp\/v2\/comments?post=629460"}],"version-history":[{"count":0,"href":"https:\/\/www.europesays.com\/fr\/wp-json\/wp\/v2\/posts\/629460\/revisions"}],"wp:featuredmedia":[{"embeddable":true,"href":"https:\/\/www.europesays.com\/fr\/wp-json\/wp\/v2\/media\/629461"}],"wp:attachment":[{"href":"https:\/\/www.europesays.com\/fr\/wp-json\/wp\/v2\/media?parent=629460"}],"wp:term":[{"taxonomy":"category","embeddable":true,"href":"https:\/\/www.europesays.com\/fr\/wp-json\/wp\/v2\/categories?post=629460"},{"taxonomy":"post_tag","embeddable":true,"href":"https:\/\/www.europesays.com\/fr\/wp-json\/wp\/v2\/tags?post=629460"}],"curies":[{"name":"wp","href":"https:\/\/api.w.org\/{rel}","templated":true}]}}