{"id":629462,"date":"2025-12-30T08:34:13","date_gmt":"2025-12-30T08:34:13","guid":{"rendered":"https:\/\/www.europesays.com\/fr\/629462\/"},"modified":"2025-12-30T08:34:13","modified_gmt":"2025-12-30T08:34:13","slug":"nouveau-porte-avions-francais-toulon-se-prepare","status":"publish","type":"post","link":"https:\/\/www.europesays.com\/fr\/629462\/","title":{"rendered":"Nouveau porte-avions fran\u00e7ais : Toulon se pr\u00e9pare"},"content":{"rendered":"<p>En d\u00e9placement sur une base militaire fran\u00e7aise pr\u00e8s d\u2019Abou Dhabi, aux \u00c9mirats arabes unis,\u00a0Emmanuel Macron a officiellement donn\u00e9, le dimanche 21 d\u00e9cembre, le coup d\u2019envoi de la construction du prochain porte-avions nucl\u00e9aire fran\u00e7ais (PA-NG). Cens\u00e9 entrer en service en 2038, il succ\u00e9dera au Charles-de-Gaulle. EN DIRECT | Discours du Pr\u00e9sident @EmmanuelMacron devant les troupes fran\u00e7aises\u2026<\/p>\n<p><a data-no-instant=\"1\" href=\"https:\/\/my.weezevent.com\/barometre-regional-des-levees-de-fonds-le-bilan-de-2025\" rel=\"noopener nofollow\" class=\"a2t-link\" target=\"_blank\" aria-label=\"V1 Widespread 7e Barome\u0300tre\"><img loading=\"lazy\" decoding=\"async\" src=\"data:image\/svg+xml,%3Csvg%20xmlns=\" http:=\"\" alt=\"\" data-lazy- data-lazy- width=\"1950\" height=\"241\" style=\"display: inline-block;\" data-lazy-src=\"https:\/\/www.europesays.com\/fr\/wp-content\/uploads\/2025\/12\/v1-widespread-7e-barometre.png\"\/><\/a><\/p>\n","protected":false},"excerpt":{"rendered":"En d\u00e9placement sur une base militaire fran\u00e7aise pr\u00e8s d\u2019Abou Dhabi, aux \u00c9mirats arabes unis,\u00a0Emmanuel Macron a officiellement donn\u00e9,&hellip;\n","protected":false},"author":2,"featured_media":629463,"comment_status":"","ping_status":"","sticky":false,"template":"","format":"standard","meta":{"footnotes":""},"categories":[9619],"tags":[1111,11,1777,674,1011,27,12,882,25,2310],"class_list":{"0":"post-629462","1":"post","2":"type-post","3":"status-publish","4":"format-standard","5":"has-post-thumbnail","7":"category-toulon","8":"tag-actu","9":"tag-actualites","10":"tag-eu","11":"tag-europe","12":"tag-fr","13":"tag-france","14":"tag-news","15":"tag-provence-alpes-cote-dazur","16":"tag-republique-francaise","17":"tag-toulon"},"share_on_mastodon":{"url":"https:\/\/pubeurope.com\/@fr\/115807601596879708","error":""},"_links":{"self":[{"href":"https:\/\/www.europesays.com\/fr\/wp-json\/wp\/v2\/posts\/629462","targetHints":{"allow":["GET"]}}],"collection":[{"href":"https:\/\/www.europesays.com\/fr\/wp-json\/wp\/v2\/posts"}],"about":[{"href":"https:\/\/www.europesays.com\/fr\/wp-json\/wp\/v2\/types\/post"}],"author":[{"embeddable":true,"href":"https:\/\/www.europesays.com\/fr\/wp-json\/wp\/v2\/users\/2"}],"replies":[{"embeddable":true,"href":"https:\/\/www.europesays.com\/fr\/wp-json\/wp\/v2\/comments?post=629462"}],"version-history":[{"count":0,"href":"https:\/\/www.europesays.com\/fr\/wp-json\/wp\/v2\/posts\/629462\/revisions"}],"wp:featuredmedia":[{"embeddable":true,"href":"https:\/\/www.europesays.com\/fr\/wp-json\/wp\/v2\/media\/629463"}],"wp:attachment":[{"href":"https:\/\/www.europesays.com\/fr\/wp-json\/wp\/v2\/media?parent=629462"}],"wp:term":[{"taxonomy":"category","embeddable":true,"href":"https:\/\/www.europesays.com\/fr\/wp-json\/wp\/v2\/categories?post=629462"},{"taxonomy":"post_tag","embeddable":true,"href":"https:\/\/www.europesays.com\/fr\/wp-json\/wp\/v2\/tags?post=629462"}],"curies":[{"name":"wp","href":"https:\/\/api.w.org\/{rel}","templated":true}]}}