{"id":629476,"date":"2025-12-30T08:44:11","date_gmt":"2025-12-30T08:44:11","guid":{"rendered":"https:\/\/www.europesays.com\/fr\/629476\/"},"modified":"2025-12-30T08:44:11","modified_gmt":"2025-12-30T08:44:11","slug":"strasbourg-comment-les-amis-de-la-cathedrale-attirent-de-nouveaux-adherents","status":"publish","type":"post","link":"https:\/\/www.europesays.com\/fr\/629476\/","title":{"rendered":"Strasbourg. Comment les Amis de la cath\u00e9drale attirent de nouveaux adh\u00e9rents"},"content":{"rendered":"<p>   Un engagement de toute une \u00e9quipe <\/p>\n<p> Les \u00e9lus du comit\u00e9 de direction des Amis de la cath\u00e9drale donnent des conf\u00e9rences, r\u00e9digent des articles et s\u2019occupent de la communication, cependant que d\u2019autres membres non \u00e9lus sont tout aussi actifs. Certains programment et m\u00e8nent de bout en bout des activit\u00e9s culturelles. Des b\u00e9n\u00e9voles sont en premi\u00e8re ligne toute l\u2019ann\u00e9e en assurant chaque mercredi une permanence. Deux membres se sont d\u2019ailleurs spontan\u00e9ment propos\u00e9s cette ann\u00e9e pour int\u00e9grer cette \u00e9quipe. Tous volontaires, ils engrangent nombre de nouvelles adh\u00e9sions lors des journ\u00e9es de Strasculture et du patrimoine. En clair, tout le monde apporte sa contribution en fonction de ses talents avec un engagement qui fait mouche. <\/p>\n<p>   Une communication tous azimuts <\/p>\n<p> Lettre d\u2019information qui annonce le programme mensuellement, blog bilingue qui pr\u00e9sente en raccourci les activit\u00e9s enrichies de photos, mise \u00e0 jour constante de leur site Internet, participation \u00e0 trois r\u00e9seaux sociaux\u2026 Autant d\u2019\u00e9l\u00e9ments qui se combinent \u00e0 des articles dont se font l\u2019\u00e9cho les DNA ou la presse sp\u00e9cialis\u00e9e. La Soci\u00e9t\u00e9 est consciente de la n\u00e9cessit\u00e9 de communiquer en interne comme \u00e0 l\u2019externe. <\/p>\n<p> Les Amis de la cath\u00e9drale assurent un m\u00e9c\u00e9nat constant au profit de cet \u00e9difice religieux strasbourgeois. \u00a0 Photo archives Antonin Utz <\/p>\n<p>   Un bulletin biennal <\/p>\n<p> Tous les deux ans para\u00eet un bulletin. C\u2019est un bon moyen de tenir ses connaissances \u00e0 jour, car ces miscellan\u00e9es d\u2019articles r\u00e9dig\u00e9s par des auteurs et chercheurs confirm\u00e9s sont adress\u00e9es gratuitement aux membres qui ont pay\u00e9 deux ann\u00e9es cons\u00e9cutives de cotisation. Si on y ajoute les monographies, on constate que, depuis 2022, a paru chaque ann\u00e9e un ouvrage, investissement de toute une \u00e9quipe. D\u2019autant que chaque article est suivi d\u2019un r\u00e9sum\u00e9 en langue allemande ou fran\u00e7aise. <\/p>\n<p>  Des conf\u00e9renciers de haute vol\u00e9e<\/p>\n<p class=\"point\">Les conf\u00e9rences, publiques et gratuites, sont pass\u00e9es de six \u00e0 neuf, couvrant une p\u00e9riode qui va de septembre \u00e0 mai et drainant un public qui vient en nombre. L\u2019assembl\u00e9e g\u00e9n\u00e9rale 2025 a approuv\u00e9 le projet du comit\u00e9 de direction d\u2019\u00e9largir la palette des sujets. Ils sont donc plus vari\u00e9s, mais toujours trait\u00e9s par des conf\u00e9renciers de haute vol\u00e9e, sur le plan tant r\u00e9gional que national, \u00e0 l\u2019image de Michel Pastoureau intervenu en novembre\u00a02025. La saison 2026-2027 d\u00e9passera m\u00eame les 10 conf\u00e9rences, toujours en partenariat avec la fondation de l\u2019 \u0152uvre Notre-Dame. En allant ainsi de l\u2019avant, la Soci\u00e9t\u00e9 s\u2019ouvre \u00e0 un public plus large.<\/p>\n<p>   Les activit\u00e9s <\/p>\n<p> S\u2019adressant \u00e0 toutes les bourses, elles sont si nombreuses qu\u2019il a fallu cr\u00e9er une commission ad hoc. Outre la sortie culturelle d\u2019un jour tant en Alsace que chez nos voisins d\u2019outre-Rhin, les Amis de <a href=\"https:\/\/www.dna.fr\/p\/cathedrale-de-strasbourg\" target=\"_blank\" rel=\"noopener\">la cath\u00e9drale<\/a> proposent des voyages culturels de trois \u00e0 six jours. Tous les grands sites y sont visit\u00e9s d\u00e8s lors qu\u2019ils ont une valeur culturelle. Strasbourg n\u2019est pas absente du programme. <\/p>\n<p>Ce contenu est bloqu\u00e9 car vous n&rsquo;avez pas accept\u00e9 les cookies et autres traceurs.<\/p>\n<p>En cliquant sur \u00ab J\u2019accepte \u00bb, les cookies et autres traceurs seront d\u00e9pos\u00e9s et vous pourrez visualiser les contenus  (<a href=\"\" class=\"consentModule_policy\" target=\"_blank\" title=\"Consulter la politique de protection des donn\u00e9es du fournisseur\">plus d&rsquo;informations<\/a>).<\/p>\n<p>En cliquant sur \u00ab J\u2019accepte tous les cookies \u00bb, vous autorisez des d\u00e9p\u00f4ts de cookies et autres traceurs pour le stockage de vos donn\u00e9es sur nos sites et applications \u00e0 des fins de personnalisation et de ciblage publicitaire.<\/p>\n<p class=\"consentModule_secondaryText\">Vous gardez la possibilit\u00e9 de retirer votre consentement \u00e0 tout moment en consultant notre <a href=\"https:\/\/www.dna.fr\/protection-des-donnees\" target=\"_blank\" title=\"Consulter notre politique de protection des donn\u00e9es\" rel=\"noopener\">politique de protection des donn\u00e9es<\/a>. <br \/>&#13;<br \/>\n            <a href=\"https:\/\/www.dna.fr\/culture-loisirs\/2025\/12\/30\/javascript:Didomi.notice.show()\" class=\"consentModule_cmp\" target=\"_blank\" rel=\"noopener\">G\u00e9rer mes choix<\/a>&#13;\n        <\/p>\n<p>&#13;<br \/>\n                        J&rsquo;accepte&#13;<br \/>\n            J&rsquo;accepte tous les cookies&#13;\n        <\/p>\n<p> En 2025 ont eu lieu 30 visites guid\u00e9es qui ont concern\u00e9 tant la cath\u00e9drale et les \u00e9glises strasbourgeoises que des mus\u00e9es et expositions. Enfin, en septembre\u00a02025, la soir\u00e9e organis\u00e9e en la cath\u00e9drale pour les 750 ans de la nef a rencontr\u00e9 un \u00e9cho tel qu\u2019il a fallu refuser du monde. Succ\u00e8s auquel a contribu\u00e9 une belle brochette de membres volontaires. <\/p>\n<p> Combin\u00e9es \u00e0 une cotisation modique (30\u00a0\u20ac individuel ou 45\u00a0\u20ac pour un couple), toutes ces raisons expliquent que les permanences du mercredi apr\u00e8s-midi voient affluer de plus en plus de monde au 15 rue des Juifs. Ce qui permet \u00e0 la Soci\u00e9t\u00e9 d\u2019assurer un m\u00e9c\u00e9nat constant au profit de la cath\u00e9drale. <\/p>\n","protected":false},"excerpt":{"rendered":"Un engagement de toute une \u00e9quipe Les \u00e9lus du comit\u00e9 de direction des Amis de la cath\u00e9drale donnent&hellip;\n","protected":false},"author":2,"featured_media":629477,"comment_status":"","ping_status":"","sticky":false,"template":"","format":"standard","meta":{"footnotes":""},"categories":[2820],"tags":[1111,11,1687,2880,1777,674,107,1011,27,775,12,2661,25,104,640,2879,1631],"class_list":{"0":"post-629476","1":"post","2":"type-post","3":"status-publish","4":"format-standard","5":"has-post-thumbnail","7":"category-strasbourg","8":"tag-actu","9":"tag-actualites","10":"tag-culture-loisirs","11":"tag-edition-strasbourg","12":"tag-eu","13":"tag-europe","14":"tag-fil-info","15":"tag-fr","16":"tag-france","17":"tag-grand-est","18":"tag-news","19":"tag-patrimoine-culturel","20":"tag-republique-francaise","21":"tag-societe","22":"tag-strasbourg","23":"tag-strasbourg-ville","24":"tag-vie-associative"},"share_on_mastodon":{"url":"https:\/\/pubeurope.com\/@fr\/115807640991409740","error":""},"_links":{"self":[{"href":"https:\/\/www.europesays.com\/fr\/wp-json\/wp\/v2\/posts\/629476","targetHints":{"allow":["GET"]}}],"collection":[{"href":"https:\/\/www.europesays.com\/fr\/wp-json\/wp\/v2\/posts"}],"about":[{"href":"https:\/\/www.europesays.com\/fr\/wp-json\/wp\/v2\/types\/post"}],"author":[{"embeddable":true,"href":"https:\/\/www.europesays.com\/fr\/wp-json\/wp\/v2\/users\/2"}],"replies":[{"embeddable":true,"href":"https:\/\/www.europesays.com\/fr\/wp-json\/wp\/v2\/comments?post=629476"}],"version-history":[{"count":0,"href":"https:\/\/www.europesays.com\/fr\/wp-json\/wp\/v2\/posts\/629476\/revisions"}],"wp:featuredmedia":[{"embeddable":true,"href":"https:\/\/www.europesays.com\/fr\/wp-json\/wp\/v2\/media\/629477"}],"wp:attachment":[{"href":"https:\/\/www.europesays.com\/fr\/wp-json\/wp\/v2\/media?parent=629476"}],"wp:term":[{"taxonomy":"category","embeddable":true,"href":"https:\/\/www.europesays.com\/fr\/wp-json\/wp\/v2\/categories?post=629476"},{"taxonomy":"post_tag","embeddable":true,"href":"https:\/\/www.europesays.com\/fr\/wp-json\/wp\/v2\/tags?post=629476"}],"curies":[{"name":"wp","href":"https:\/\/api.w.org\/{rel}","templated":true}]}}