{"id":62949,"date":"2025-04-29T23:10:09","date_gmt":"2025-04-29T23:10:09","guid":{"rendered":"https:\/\/www.europesays.com\/fr\/62949\/"},"modified":"2025-04-29T23:10:09","modified_gmt":"2025-04-29T23:10:09","slug":"au-moins-142-personnes-poursuivies-en-2024-pour-avoir-aide-des-migrants-en-europe-2","status":"publish","type":"post","link":"https:\/\/www.europesays.com\/fr\/62949\/","title":{"rendered":"Au moins 142 personnes poursuivies en 2024 pour avoir aid\u00e9 des migrants en Europe"},"content":{"rendered":"<p><img decoding=\"async\" class=\"caas-img caas-lazy has-preview\" src=\"https:\/\/www.europesays.com\/fr\/wp-content\/uploads\/2025\/04\/23fdda82e466ac03a3f04aa9b0338124.jpeg\"\/><\/p>\n<p>Au moins 142 personnes ont \u00e9t\u00e9 poursuivies en 2024 pour avoir aid\u00e9 ou secouru des migrants en Europe, a alert\u00e9 ce mardi 29 avril une ONG de protection des sans-papiers dans un rapport.<\/p>\n<p>Selon le d\u00e9compte de Picum, plus de 80 personnes ont \u00e9t\u00e9 poursuivies pour avoir secouru ou aid\u00e9 des migrants en mer et une vingtaine pour leur avoir fourni de l&rsquo;eau, de la nourriture ou des v\u00eatements.<\/p>\n<p>\u00ab\u00a0C&rsquo;est la quatri\u00e8me ann\u00e9e d&rsquo;affil\u00e9e\u00a0\u00bb que ce chiffre est en hausse, alerte Silvia Carta, une de ses responsables, d\u00e9non\u00e7ant la \u00ab\u00a0criminalisation de la solidarit\u00e9 avec les migrants\u00a0\u00bb.<\/p>\n<p>Des militants basques jug\u00e9s en octobre<\/p>\n<p>Le rapport se concentre sur des situations en Gr\u00e8ce, Italie, Pologne, Bulgarie, Chypre, Malte, Lettonie et France. Il a \u00e9t\u00e9 \u00e9tabli notamment \u00e0 partir d&rsquo;une veille des m\u00e9dias europ\u00e9ens.<\/p>\n<p>L&rsquo;ONG mentionne en particulier le cas de sept militants basques accus\u00e9s d&rsquo;avoir profit\u00e9 du passage d&rsquo;une course pour faire franchir la fronti\u00e8re entre l&rsquo;Espagne et la France \u00e0 36 migrants en mars 2024. Ils devraient \u00eatre jug\u00e9s d\u00e9but octobre.<\/p>\n<p>Elle \u00e9voque aussi une affaire en Pologne, o\u00f9 cinq personnes risquent la prison pour avoir \u00ab\u00a0fourni de l&rsquo;aide humanitaire\u00a0\u00bb \u00e0 la fronti\u00e8re avec le B\u00e9larus.<\/p>\n<p><a href=\"https:\/\/www.bfmtv.com\/police-justice\/au-moins-142-personnes-poursuivies-en-2024-pour-avoir-aide-des-migrants-en-europe_AD-202504290859.html#xtor=AL-68\" rel=\"nofollow noopener\" target=\"_blank\" data-ylk=\"slk:Article original publi\u00e9 sur BFMTV.com;elm:context_link;itc:0;sec:content-canvas\" class=\"link \">Article original publi\u00e9 sur BFMTV.com<\/a><\/p>\n","protected":false},"excerpt":{"rendered":"Au moins 142 personnes ont \u00e9t\u00e9 poursuivies en 2024 pour avoir aid\u00e9 ou secouru des migrants en Europe,&hellip;\n","protected":false},"author":2,"featured_media":62950,"comment_status":"","ping_status":"","sticky":false,"template":"","format":"standard","meta":{"footnotes":""},"categories":[1586],"tags":[11,16112,1777,674,1011,27,1251,12,25],"class_list":{"0":"post-62949","1":"post","2":"type-post","3":"status-publish","4":"format-standard","5":"has-post-thumbnail","7":"category-europe","8":"tag-actualites","9":"tag-debut-octobre","10":"tag-eu","11":"tag-europe","12":"tag-fr","13":"tag-france","14":"tag-migrants","15":"tag-news","16":"tag-republique-francaise"},"share_on_mastodon":{"url":"https:\/\/pubeurope.com\/@fr\/114423780008059373","error":""},"_links":{"self":[{"href":"https:\/\/www.europesays.com\/fr\/wp-json\/wp\/v2\/posts\/62949","targetHints":{"allow":["GET"]}}],"collection":[{"href":"https:\/\/www.europesays.com\/fr\/wp-json\/wp\/v2\/posts"}],"about":[{"href":"https:\/\/www.europesays.com\/fr\/wp-json\/wp\/v2\/types\/post"}],"author":[{"embeddable":true,"href":"https:\/\/www.europesays.com\/fr\/wp-json\/wp\/v2\/users\/2"}],"replies":[{"embeddable":true,"href":"https:\/\/www.europesays.com\/fr\/wp-json\/wp\/v2\/comments?post=62949"}],"version-history":[{"count":0,"href":"https:\/\/www.europesays.com\/fr\/wp-json\/wp\/v2\/posts\/62949\/revisions"}],"wp:featuredmedia":[{"embeddable":true,"href":"https:\/\/www.europesays.com\/fr\/wp-json\/wp\/v2\/media\/62950"}],"wp:attachment":[{"href":"https:\/\/www.europesays.com\/fr\/wp-json\/wp\/v2\/media?parent=62949"}],"wp:term":[{"taxonomy":"category","embeddable":true,"href":"https:\/\/www.europesays.com\/fr\/wp-json\/wp\/v2\/categories?post=62949"},{"taxonomy":"post_tag","embeddable":true,"href":"https:\/\/www.europesays.com\/fr\/wp-json\/wp\/v2\/tags?post=62949"}],"curies":[{"name":"wp","href":"https:\/\/api.w.org\/{rel}","templated":true}]}}