{"id":629496,"date":"2025-12-30T08:54:12","date_gmt":"2025-12-30T08:54:12","guid":{"rendered":"https:\/\/www.europesays.com\/fr\/629496\/"},"modified":"2025-12-30T08:54:12","modified_gmt":"2025-12-30T08:54:12","slug":"des-interdictions-en-vigueur-dans-le-nord","status":"publish","type":"post","link":"https:\/\/www.europesays.com\/fr\/629496\/","title":{"rendered":"des interdictions en vigueur dans le Nord"},"content":{"rendered":"<p><img decoding=\"async\" class=\"\" style=\"width:50%\" src=\"https:\/\/www.europesays.com\/fr\/wp-content\/uploads\/2025\/12\/artifices1767016388610.jpg\" alt=\"Mesures nouvel an\"\/><\/p>\n<p>Mesures nouvel an<\/p>\n<p>Cr\u00e9dit : Facebook &#8211; Pr\u00e9fet de la r\u00e9gion Hauts-de-France et du Nord <\/p>\n<p data-start=\"350\" data-end=\"661\">\u00c0 l\u2019occasion des f\u00eates de fin d\u2019ann\u00e9e et alors que <strong data-start=\"401\" data-end=\"445\">les c\u00e9l\u00e9brations du Nouvel An approchent<\/strong>, le Pr\u00e9fet du Nord, a mis en place plusieurs mesures de police administrative afin de pr\u00e9venir les troubles \u00e0 l\u2019ordre public dans le <strong data-start=\"619\" data-end=\"660\">d\u00e9partement du Nord<\/strong>.<\/p>\n<p data-start=\"663\" data-end=\"895\"><strong data-start=\"666\" data-end=\"703\">A compter de ce mardi 30 d\u00e9cembre \u00e0 12h<\/strong>, et <strong data-start=\"708\" data-end=\"740\">jusqu\u2019au 2 janvier 2026 \u00e0 8h<\/strong>, ces mesures exceptionnelles sont en vigueur sur l\u2019ensemble du d\u00e9partement. Elles font suite \u00e0 un premier dispositif d\u00e9j\u00e0 appliqu\u00e9 lors des f\u00eates de No\u00ebl.<\/p>\n<p>Artifices et articles pyrotechniques interdits<\/p>\n<p data-start=\"954\" data-end=\"1254\">Pendant toute la dur\u00e9e du dispositif, <strong data-start=\"992\" data-end=\"1103\">la d\u00e9tention d\u2019articles pyrotechniques et d\u2019artifices de divertissement est interdite pour les particuliers<\/strong>. Une d\u00e9cision destin\u00e9e \u00e0 \u00e9viter les accidents, d\u00e9parts de feu et incidents sur la voie publique, particuli\u00e8rement fr\u00e9quents lors des soir\u00e9es festives.<\/p>\n<p>Carburant : d\u00e9tention et transport interdits<\/p>\n<p data-start=\"1310\" data-end=\"1550\">Autre point de vigilance : <strong data-start=\"1337\" data-end=\"1451\">les particuliers ne sont pas autoris\u00e9s \u00e0 d\u00e9tenir ni \u00e0 transporter du carburant dans des contenants individuels<\/strong>. Cette mesure vise \u00e0 r\u00e9duire les risques li\u00e9s \u00e0 l\u2019utilisation dangereuse de produits inflammables.<\/p>\n<p>Protoxyde d\u2019azote : usage r\u00e9cr\u00e9atif interdit<\/p>\n<p data-start=\"1607\" data-end=\"1855\">Enfin, <strong data-start=\"1614\" data-end=\"1715\">l\u2019usage du protoxyde d\u2019azote \u00e0 des fins r\u00e9cr\u00e9atives est interdit dans tout le d\u00e9partement du Nord<\/strong>. Les autorit\u00e9s rappellent que ce produit repr\u00e9sente un danger r\u00e9el pour la sant\u00e9 et peut \u00e9galement \u00eatre source de nuisances et d\u2019accidents.<\/p>\n","protected":false},"excerpt":{"rendered":"Mesures nouvel an Cr\u00e9dit : Facebook &#8211; Pr\u00e9fet de la r\u00e9gion Hauts-de-France et du Nord \u00c0 l\u2019occasion des&hellip;\n","protected":false},"author":2,"featured_media":629497,"comment_status":"","ping_status":"","sticky":false,"template":"","format":"standard","meta":{"footnotes":""},"categories":[2815],"tags":[1111,11,73876,1777,674,1011,27,811,73880,73875,1307,73872,12,73871,73879,73873,73878,25,73874,73877],"class_list":{"0":"post-629496","1":"post","2":"type-post","3":"status-publish","4":"format-standard","5":"has-post-thumbnail","7":"category-lille","8":"tag-actu","9":"tag-actualites","10":"tag-articles-pyrotechniques-interdits","11":"tag-eu","12":"tag-europe","13":"tag-fr","14":"tag-france","15":"tag-hauts-de-france","16":"tag-info-locale-canal-fm","17":"tag-interdiction-feux-dartifice-nord","18":"tag-lille","19":"tag-mesures-prefectorales-30-decembre-nord","20":"tag-news","21":"tag-nouvel-an-nord-interdictions","22":"tag-ordre-public-nord","23":"tag-prefet-du-nord-bertrand-gaume","24":"tag-protoxyde-dazote-interdit-nord","25":"tag-republique-francaise","26":"tag-securite-nouvel-an-nord","27":"tag-transport-carburant-interdit-nord"},"share_on_mastodon":{"url":"https:\/\/pubeurope.com\/@fr\/115807680268702194","error":""},"_links":{"self":[{"href":"https:\/\/www.europesays.com\/fr\/wp-json\/wp\/v2\/posts\/629496","targetHints":{"allow":["GET"]}}],"collection":[{"href":"https:\/\/www.europesays.com\/fr\/wp-json\/wp\/v2\/posts"}],"about":[{"href":"https:\/\/www.europesays.com\/fr\/wp-json\/wp\/v2\/types\/post"}],"author":[{"embeddable":true,"href":"https:\/\/www.europesays.com\/fr\/wp-json\/wp\/v2\/users\/2"}],"replies":[{"embeddable":true,"href":"https:\/\/www.europesays.com\/fr\/wp-json\/wp\/v2\/comments?post=629496"}],"version-history":[{"count":0,"href":"https:\/\/www.europesays.com\/fr\/wp-json\/wp\/v2\/posts\/629496\/revisions"}],"wp:featuredmedia":[{"embeddable":true,"href":"https:\/\/www.europesays.com\/fr\/wp-json\/wp\/v2\/media\/629497"}],"wp:attachment":[{"href":"https:\/\/www.europesays.com\/fr\/wp-json\/wp\/v2\/media?parent=629496"}],"wp:term":[{"taxonomy":"category","embeddable":true,"href":"https:\/\/www.europesays.com\/fr\/wp-json\/wp\/v2\/categories?post=629496"},{"taxonomy":"post_tag","embeddable":true,"href":"https:\/\/www.europesays.com\/fr\/wp-json\/wp\/v2\/tags?post=629496"}],"curies":[{"name":"wp","href":"https:\/\/api.w.org\/{rel}","templated":true}]}}